{"id":201522,"date":"2023-07-31T10:00:51","date_gmt":"2023-07-31T16:00:51","guid":{"rendered":"https:\/\/laredsocial-noticias.com\/wp\/?p=201522"},"modified":"2023-07-31T13:20:20","modified_gmt":"2023-07-31T19:20:20","slug":"mexico-dispuesto-a-participar-en-negociaciones-de-paz-entre-ucrania-y-rusia-dice-amlo","status":"publish","type":"post","link":"https:\/\/laredsocial-noticias.com\/wp\/mexico-dispuesto-a-participar-en-negociaciones-de-paz-entre-ucrania-y-rusia-dice-amlo\/","title":{"rendered":"M\u00e9xico, dispuesto a participar en negociaciones de paz entre Ucrania y Rusia, dice AMLO"},"content":{"rendered":"<p>El presidente Andr\u00e9s Manuel L\u00f3pez sostuvo que\u00a0M\u00e9xico\u00a0podr\u00eda participar en las\u00a0negociaciones de paz entre Rusia y Ucrania\u00a0en caso de que\u00a0ambos pa\u00edses est\u00e9n dispuestos a alcanzar un acuerdo\u00a0para dar fin a la\u00a0guerra.<\/p>\n<p>Durante su conferencia matutina, L\u00f3pez Obrador reiter\u00f3 la intenci\u00f3n de que M\u00e9xico apueste por la paz entre ambos pa\u00edses y que no siga la guerra, pues dijo s\u00f3lo beneficia a la industria b\u00e9lica.<\/p>\n<blockquote class=\"wp-block-quote\"><p>\u201cSi hay aceptaci\u00f3n, tanto de Ucrania como de Rusia, de buscar opciones para alcanzar la paz en ese conflicto, nosotros participamos. Si las partes en conflicto se ponen de acuerdo y convocan con ese prop\u00f3sito. Nosotros estamos por la paz, no queremos que contin\u00fae la guerra Rusia-Ucrania\u201d, sostuvo.<\/p><\/blockquote>\n<p>Un ataque ruso destruy\u00f3 el lunes un edificio residencial en el centro de Ucrania, dejando cinco muertos y decenas de heridos, en un momento en que Rusia intensifica sus bombardeos tras una serie de ataques con drones en su territorio.<\/p>\n<p>Dos misiles rusos golpearon por la ma\u00f1ana la ciudad de Kriv\u00f3i Rog: uno impact\u00f3 en un edificio de viviendas dejando cinco muertos, incluida una ni\u00f1a de diez a\u00f1os, y al menos 64 heridos, seg\u00fan el responsable de la administraci\u00f3n militar de la ciudad, Oleksandr Vilkul.<\/p>\n<p>El otro misil golpe\u00f3 un centro educativo.<\/p>\n","protected":false},"excerpt":{"rendered":"<p>El presidente Andr\u00e9s Manuel L\u00f3pez sostuvo que\u00a0M\u00e9xico\u00a0podr\u00eda participar en las\u00a0negociaciones de paz entre Rusia y Ucrania\u00a0en caso de que\u00a0ambos pa\u00edses&#8230;<\/p>\n","protected":false},"author":1,"featured_media":0,"comment_status":"open","ping_status":"closed","sticky":false,"template":"","format":"standard","meta":{"footnotes":""},"categories":[78,6026],"tags":[4959,77],"class_list":["post-201522","post","type-post","status-publish","format-standard","hentry","category-nacional","category-portada","tag-featured","tag-principal"],"yoast_head":"<!-- This site is optimized with the Yoast SEO plugin v26.5 - https:\/\/yoast.com\/wordpress\/plugins\/seo\/ -->\n<title>M\u00e9xico, dispuesto a participar en negociaciones de paz entre Ucrania y Rusia, dice AMLO - NOTICIAS<\/title>\n<meta name=\"robots\" content=\"index, follow, max-snippet:-1, max-image-preview:large, max-video-preview:-1\" \/>\n<link rel=\"canonical\" href=\"https:\/\/laredsocial-noticias.com\/wp\/mexico-dispuesto-a-participar-en-negociaciones-de-paz-entre-ucrania-y-rusia-dice-amlo\/\" \/>\n<meta property=\"og:locale\" content=\"es_ES\" \/>\n<meta property=\"og:type\" content=\"article\" \/>\n<meta property=\"og:title\" content=\"M\u00e9xico, dispuesto a participar en negociaciones de paz entre Ucrania y Rusia, dice AMLO - NOTICIAS\" \/>\n<meta property=\"og:description\" content=\"El presidente Andr\u00e9s Manuel L\u00f3pez sostuvo que\u00a0M\u00e9xico\u00a0podr\u00eda participar en las\u00a0negociaciones de paz entre Rusia y Ucrania\u00a0en caso de que\u00a0ambos pa\u00edses...\" \/>\n<meta property=\"og:url\" content=\"https:\/\/laredsocial-noticias.com\/wp\/mexico-dispuesto-a-participar-en-negociaciones-de-paz-entre-ucrania-y-rusia-dice-amlo\/\" \/>\n<meta property=\"og:site_name\" content=\"NOTICIAS\" \/>\n<meta property=\"article:published_time\" content=\"2023-07-31T16:00:51+00:00\" \/>\n<meta property=\"article:modified_time\" content=\"2023-07-31T19:20:20+00:00\" \/>\n<meta name=\"author\" content=\"Editor en Jefe\" \/>\n<meta name=\"twitter:card\" content=\"summary_large_image\" \/>\n<meta name=\"twitter:label1\" content=\"Escrito por\" \/>\n\t<meta name=\"twitter:data1\" content=\"Editor en Jefe\" \/>\n\t<meta name=\"twitter:label2\" content=\"Tiempo de lectura\" \/>\n\t<meta name=\"twitter:data2\" content=\"1 minuto\" \/>\n<!-- \/ Yoast SEO plugin. -->","yoast_head_json":{"title":"M\u00e9xico, dispuesto a participar en negociaciones de paz entre Ucrania y Rusia, dice AMLO - NOTICIAS","robots":{"index":"index","follow":"follow","max-snippet":"max-snippet:-1","max-image-preview":"max-image-preview:large","max-video-preview":"max-video-preview:-1"},"canonical":"https:\/\/laredsocial-noticias.com\/wp\/mexico-dispuesto-a-participar-en-negociaciones-de-paz-entre-ucrania-y-rusia-dice-amlo\/","og_locale":"es_ES","og_type":"article","og_title":"M\u00e9xico, dispuesto a participar en negociaciones de paz entre Ucrania y Rusia, dice AMLO - NOTICIAS","og_description":"El presidente Andr\u00e9s Manuel L\u00f3pez sostuvo que\u00a0M\u00e9xico\u00a0podr\u00eda participar en las\u00a0negociaciones de paz entre Rusia y Ucrania\u00a0en caso de que\u00a0ambos pa\u00edses...","og_url":"https:\/\/laredsocial-noticias.com\/wp\/mexico-dispuesto-a-participar-en-negociaciones-de-paz-entre-ucrania-y-rusia-dice-amlo\/","og_site_name":"NOTICIAS","article_published_time":"2023-07-31T16:00:51+00:00","article_modified_time":"2023-07-31T19:20:20+00:00","author":"Editor en Jefe","twitter_card":"summary_large_image","twitter_misc":{"Escrito por":"Editor en Jefe","Tiempo de lectura":"1 minuto"},"schema":{"@context":"https:\/\/schema.org","@graph":[{"@type":"WebPage","@id":"https:\/\/laredsocial-noticias.com\/wp\/mexico-dispuesto-a-participar-en-negociaciones-de-paz-entre-ucrania-y-rusia-dice-amlo\/","url":"https:\/\/laredsocial-noticias.com\/wp\/mexico-dispuesto-a-participar-en-negociaciones-de-paz-entre-ucrania-y-rusia-dice-amlo\/","name":"M\u00e9xico, dispuesto a participar en negociaciones de paz entre Ucrania y Rusia, dice AMLO - NOTICIAS","isPartOf":{"@id":"https:\/\/laredsocial-noticias.com\/wp\/#website"},"datePublished":"2023-07-31T16:00:51+00:00","dateModified":"2023-07-31T19:20:20+00:00","author":{"@id":"https:\/\/laredsocial-noticias.com\/wp\/#\/schema\/person\/0ce78643f2de7aae6f6ef10e8453a6e0"},"breadcrumb":{"@id":"https:\/\/laredsocial-noticias.com\/wp\/mexico-dispuesto-a-participar-en-negociaciones-de-paz-entre-ucrania-y-rusia-dice-amlo\/#breadcrumb"},"inLanguage":"es","potentialAction":[{"@type":"ReadAction","target":["https:\/\/laredsocial-noticias.com\/wp\/mexico-dispuesto-a-participar-en-negociaciones-de-paz-entre-ucrania-y-rusia-dice-amlo\/"]}]},{"@type":"BreadcrumbList","@id":"https:\/\/laredsocial-noticias.com\/wp\/mexico-dispuesto-a-participar-en-negociaciones-de-paz-entre-ucrania-y-rusia-dice-amlo\/#breadcrumb","itemListElement":[{"@type":"ListItem","position":1,"name":"Portada","item":"https:\/\/laredsocial-noticias.com\/wp\/"},{"@type":"ListItem","position":2,"name":"M\u00e9xico, dispuesto a participar en negociaciones de paz entre Ucrania y Rusia, dice AMLO"}]},{"@type":"WebSite","@id":"https:\/\/laredsocial-noticias.com\/wp\/#website","url":"https:\/\/laredsocial-noticias.com\/wp\/","name":"NOTICIAS","description":"Lo que se ve y se dice en las redes sociales","potentialAction":[{"@type":"SearchAction","target":{"@type":"EntryPoint","urlTemplate":"https:\/\/laredsocial-noticias.com\/wp\/?s={search_term_string}"},"query-input":{"@type":"PropertyValueSpecification","valueRequired":true,"valueName":"search_term_string"}}],"inLanguage":"es"},{"@type":"Person","@id":"https:\/\/laredsocial-noticias.com\/wp\/#\/schema\/person\/0ce78643f2de7aae6f6ef10e8453a6e0","name":"Editor en Jefe","url":"https:\/\/laredsocial-noticias.com\/wp\/author\/jorgeochoa\/"}]}},"_links":{"self":[{"href":"https:\/\/laredsocial-noticias.com\/wp\/wp-json\/wp\/v2\/posts\/201522","targetHints":{"allow":["GET"]}}],"collection":[{"href":"https:\/\/laredsocial-noticias.com\/wp\/wp-json\/wp\/v2\/posts"}],"about":[{"href":"https:\/\/laredsocial-noticias.com\/wp\/wp-json\/wp\/v2\/types\/post"}],"author":[{"embeddable":true,"href":"https:\/\/laredsocial-noticias.com\/wp\/wp-json\/wp\/v2\/users\/1"}],"replies":[{"embeddable":true,"href":"https:\/\/laredsocial-noticias.com\/wp\/wp-json\/wp\/v2\/comments?post=201522"}],"version-history":[{"count":1,"href":"https:\/\/laredsocial-noticias.com\/wp\/wp-json\/wp\/v2\/posts\/201522\/revisions"}],"predecessor-version":[{"id":201523,"href":"https:\/\/laredsocial-noticias.com\/wp\/wp-json\/wp\/v2\/posts\/201522\/revisions\/201523"}],"wp:attachment":[{"href":"https:\/\/laredsocial-noticias.com\/wp\/wp-json\/wp\/v2\/media?parent=201522"}],"wp:term":[{"taxonomy":"category","embeddable":true,"href":"https:\/\/laredsocial-noticias.com\/wp\/wp-json\/wp\/v2\/categories?post=201522"},{"taxonomy":"post_tag","embeddable":true,"href":"https:\/\/laredsocial-noticias.com\/wp\/wp-json\/wp\/v2\/tags?post=201522"}],"curies":[{"name":"wp","href":"https:\/\/api.w.org\/{rel}","templated":true}]}}