{"id":201949,"date":"2023-08-05T16:00:08","date_gmt":"2023-08-05T22:00:08","guid":{"rendered":"https:\/\/laredsocial-noticias.com\/wp\/?p=201949"},"modified":"2023-08-05T19:27:34","modified_gmt":"2023-08-06T01:27:34","slug":"de-la-reflexion-a-la-accion-ignacio-mier-plantea-estrategia-integral-para-erradicar-la-trata","status":"publish","type":"post","link":"https:\/\/laredsocial-noticias.com\/wp\/de-la-reflexion-a-la-accion-ignacio-mier-plantea-estrategia-integral-para-erradicar-la-trata\/","title":{"rendered":"De la reflexi\u00f3n a la acci\u00f3n: Ignacio Mier plantea estrategia integral para erradicar la trata"},"content":{"rendered":"<p>El diputado Ignacio Mier Velazco, coordinador del Grupo Parlamentario de Morena, present\u00f3 las conclusiones del Foro para la Prevenci\u00f3n y Combate a la Trata de Personas en las que, enfatiz\u00f3, se pasa de la visibilizaci\u00f3n y reflexi\u00f3n a la acci\u00f3n con una estrategia integral de acciones concretas para erradicar este delito.<\/p>\n<p>En este marco, el diputado expres\u00f3 que este tema ser\u00e1 primordial en la agenda del Grupo Parlamentario, por lo que hacen suyas estas acciones contra un delito que afecta principalmente a ni\u00f1as, ni\u00f1os y mujeres y es una de las violaciones m\u00e1s atroces de los derechos humanos.<\/p>\n<p>\u201cEs un fen\u00f3meno muy difundido que se agrava cada vez m\u00e1s, que se ve facilitado por las pr\u00e1cticas discriminatorias contra la mujer e impulsado por la cruel indiferencia ante el sufrimiento humano de parte de los que explotan los servicios que las v\u00edctimas est\u00e1n obligadas a prestar\u201d, declar\u00f3.<\/p>\n<p>Este plan, dijo, implica la colaboraci\u00f3n de autoridades y organizaciones en todo el pa\u00eds.<\/p>\n<p>En primera instancia, manifest\u00f3, se deben realizar mesas de di\u00e1logo con los Congresos los locales, con el prop\u00f3sito de armonizar sus leyes con el andamiaje legal federal y cerrar filas desde el \u00e1mbito legislativo contra la trata.<\/p>\n<p>Se\u00f1al\u00f3 tambi\u00e9n la necesidad de avanzar en la revisi\u00f3n de los c\u00f3digos penales en las entidades federativas y de los respectivos procedimientos en materia penal.<\/p>\n<p>Adem\u00e1s, a\u00f1adi\u00f3, se debe emprender una revisi\u00f3n integral que logre armonizar las leyes mexicanas con los acuerdos internacionales signados por M\u00e9xico contra la trata, como es el caso del Protocolo de Palermo.<\/p>\n<p>Tambi\u00e9n se debe mantener la visible el delito para que sea denunciado, a trav\u00e9s de la campa\u00f1a Hoja Blanca, con un plan de acci\u00f3n que impulse la lucha a nivel nacional.<\/p>\n<p>Asimismo, entablar relaciones de amistad y colaboraci\u00f3n con jueces, a fin de coadyuvar con la Corte, a trav\u00e9s de las denuncias de casos que den pie a la erradicaci\u00f3n del delito.<\/p>\n<p>Asimismo, incentivar la participaci\u00f3n de los gobiernos estatales, en tanto que es una realidad que \u201chay estados que son de paso, pero tambi\u00e9n que son origen del problema\u201d, sostuvo el diputado federal.<\/p>\n<p>Ignacio Mier reafirm\u00f3 el compromiso del Grupo Parlamentario y record\u00f3 que ya la diputada Lidia P\u00e9rez B\u00e1rcenas, present\u00f3 iniciativa de reforma a los art\u00edculos 85 y 89 de la Ley General para Prevenir, Sancionar y Erradicar los Delitos en materia de Trata, y para la Protecci\u00f3n y Asistencia a las V\u00edctimas de estos Delitos, remitida a la Comisi\u00f3n de Justicia.<\/p>\n<p>Puntualiz\u00f3 que esta iniciativa se incluir\u00e1 a la agenda legislativa de Morena para el siguiente periodo ordinario de sesiones.<\/p>\n<p>\u201cSeamos solidarios en esta causa porque es una causa que vale la pena, es una causa que es por nuestro pa\u00eds, pero tambi\u00e9n es por la humanidad\u201c, declar\u00f3.<\/p>\n","protected":false},"excerpt":{"rendered":"<p>El diputado Ignacio Mier Velazco, coordinador del Grupo Parlamentario de Morena, present\u00f3 las conclusiones del Foro para la Prevenci\u00f3n y&#8230;<\/p>\n","protected":false},"author":1,"featured_media":0,"comment_status":"open","ping_status":"closed","sticky":false,"template":"","format":"standard","meta":{"footnotes":""},"categories":[2801,6026],"tags":[4959,77],"class_list":["post-201949","post","type-post","status-publish","format-standard","hentry","category-politica","category-portada","tag-featured","tag-principal"],"yoast_head":"<!-- This site is optimized with the Yoast SEO plugin v26.5 - https:\/\/yoast.com\/wordpress\/plugins\/seo\/ -->\n<title>De la reflexi\u00f3n a la acci\u00f3n: Ignacio Mier plantea estrategia integral para erradicar la trata - NOTICIAS<\/title>\n<meta name=\"robots\" content=\"index, follow, max-snippet:-1, max-image-preview:large, max-video-preview:-1\" \/>\n<link rel=\"canonical\" href=\"https:\/\/laredsocial-noticias.com\/wp\/de-la-reflexion-a-la-accion-ignacio-mier-plantea-estrategia-integral-para-erradicar-la-trata\/\" \/>\n<meta property=\"og:locale\" content=\"es_ES\" \/>\n<meta property=\"og:type\" content=\"article\" \/>\n<meta property=\"og:title\" content=\"De la reflexi\u00f3n a la acci\u00f3n: Ignacio Mier plantea estrategia integral para erradicar la trata - NOTICIAS\" \/>\n<meta property=\"og:description\" content=\"El diputado Ignacio Mier Velazco, coordinador del Grupo Parlamentario de Morena, present\u00f3 las conclusiones del Foro para la Prevenci\u00f3n y...\" \/>\n<meta property=\"og:url\" content=\"https:\/\/laredsocial-noticias.com\/wp\/de-la-reflexion-a-la-accion-ignacio-mier-plantea-estrategia-integral-para-erradicar-la-trata\/\" \/>\n<meta property=\"og:site_name\" content=\"NOTICIAS\" \/>\n<meta property=\"article:published_time\" content=\"2023-08-05T22:00:08+00:00\" \/>\n<meta property=\"article:modified_time\" content=\"2023-08-06T01:27:34+00:00\" \/>\n<meta name=\"author\" content=\"Editor en Jefe\" \/>\n<meta name=\"twitter:card\" content=\"summary_large_image\" \/>\n<meta name=\"twitter:label1\" content=\"Escrito por\" \/>\n\t<meta name=\"twitter:data1\" content=\"Editor en Jefe\" \/>\n\t<meta name=\"twitter:label2\" content=\"Tiempo de lectura\" \/>\n\t<meta name=\"twitter:data2\" content=\"2 minutos\" \/>\n<!-- \/ Yoast SEO plugin. -->","yoast_head_json":{"title":"De la reflexi\u00f3n a la acci\u00f3n: Ignacio Mier plantea estrategia integral para erradicar la trata - NOTICIAS","robots":{"index":"index","follow":"follow","max-snippet":"max-snippet:-1","max-image-preview":"max-image-preview:large","max-video-preview":"max-video-preview:-1"},"canonical":"https:\/\/laredsocial-noticias.com\/wp\/de-la-reflexion-a-la-accion-ignacio-mier-plantea-estrategia-integral-para-erradicar-la-trata\/","og_locale":"es_ES","og_type":"article","og_title":"De la reflexi\u00f3n a la acci\u00f3n: Ignacio Mier plantea estrategia integral para erradicar la trata - NOTICIAS","og_description":"El diputado Ignacio Mier Velazco, coordinador del Grupo Parlamentario de Morena, present\u00f3 las conclusiones del Foro para la Prevenci\u00f3n y...","og_url":"https:\/\/laredsocial-noticias.com\/wp\/de-la-reflexion-a-la-accion-ignacio-mier-plantea-estrategia-integral-para-erradicar-la-trata\/","og_site_name":"NOTICIAS","article_published_time":"2023-08-05T22:00:08+00:00","article_modified_time":"2023-08-06T01:27:34+00:00","author":"Editor en Jefe","twitter_card":"summary_large_image","twitter_misc":{"Escrito por":"Editor en Jefe","Tiempo de lectura":"2 minutos"},"schema":{"@context":"https:\/\/schema.org","@graph":[{"@type":"WebPage","@id":"https:\/\/laredsocial-noticias.com\/wp\/de-la-reflexion-a-la-accion-ignacio-mier-plantea-estrategia-integral-para-erradicar-la-trata\/","url":"https:\/\/laredsocial-noticias.com\/wp\/de-la-reflexion-a-la-accion-ignacio-mier-plantea-estrategia-integral-para-erradicar-la-trata\/","name":"De la reflexi\u00f3n a la acci\u00f3n: Ignacio Mier plantea estrategia integral para erradicar la trata - NOTICIAS","isPartOf":{"@id":"https:\/\/laredsocial-noticias.com\/wp\/#website"},"datePublished":"2023-08-05T22:00:08+00:00","dateModified":"2023-08-06T01:27:34+00:00","author":{"@id":"https:\/\/laredsocial-noticias.com\/wp\/#\/schema\/person\/0ce78643f2de7aae6f6ef10e8453a6e0"},"breadcrumb":{"@id":"https:\/\/laredsocial-noticias.com\/wp\/de-la-reflexion-a-la-accion-ignacio-mier-plantea-estrategia-integral-para-erradicar-la-trata\/#breadcrumb"},"inLanguage":"es","potentialAction":[{"@type":"ReadAction","target":["https:\/\/laredsocial-noticias.com\/wp\/de-la-reflexion-a-la-accion-ignacio-mier-plantea-estrategia-integral-para-erradicar-la-trata\/"]}]},{"@type":"BreadcrumbList","@id":"https:\/\/laredsocial-noticias.com\/wp\/de-la-reflexion-a-la-accion-ignacio-mier-plantea-estrategia-integral-para-erradicar-la-trata\/#breadcrumb","itemListElement":[{"@type":"ListItem","position":1,"name":"Portada","item":"https:\/\/laredsocial-noticias.com\/wp\/"},{"@type":"ListItem","position":2,"name":"De la reflexi\u00f3n a la acci\u00f3n: Ignacio Mier plantea estrategia integral para erradicar la trata"}]},{"@type":"WebSite","@id":"https:\/\/laredsocial-noticias.com\/wp\/#website","url":"https:\/\/laredsocial-noticias.com\/wp\/","name":"NOTICIAS","description":"Lo que se ve y se dice en las redes sociales","potentialAction":[{"@type":"SearchAction","target":{"@type":"EntryPoint","urlTemplate":"https:\/\/laredsocial-noticias.com\/wp\/?s={search_term_string}"},"query-input":{"@type":"PropertyValueSpecification","valueRequired":true,"valueName":"search_term_string"}}],"inLanguage":"es"},{"@type":"Person","@id":"https:\/\/laredsocial-noticias.com\/wp\/#\/schema\/person\/0ce78643f2de7aae6f6ef10e8453a6e0","name":"Editor en Jefe","url":"https:\/\/laredsocial-noticias.com\/wp\/author\/jorgeochoa\/"}]}},"_links":{"self":[{"href":"https:\/\/laredsocial-noticias.com\/wp\/wp-json\/wp\/v2\/posts\/201949","targetHints":{"allow":["GET"]}}],"collection":[{"href":"https:\/\/laredsocial-noticias.com\/wp\/wp-json\/wp\/v2\/posts"}],"about":[{"href":"https:\/\/laredsocial-noticias.com\/wp\/wp-json\/wp\/v2\/types\/post"}],"author":[{"embeddable":true,"href":"https:\/\/laredsocial-noticias.com\/wp\/wp-json\/wp\/v2\/users\/1"}],"replies":[{"embeddable":true,"href":"https:\/\/laredsocial-noticias.com\/wp\/wp-json\/wp\/v2\/comments?post=201949"}],"version-history":[{"count":1,"href":"https:\/\/laredsocial-noticias.com\/wp\/wp-json\/wp\/v2\/posts\/201949\/revisions"}],"predecessor-version":[{"id":201950,"href":"https:\/\/laredsocial-noticias.com\/wp\/wp-json\/wp\/v2\/posts\/201949\/revisions\/201950"}],"wp:attachment":[{"href":"https:\/\/laredsocial-noticias.com\/wp\/wp-json\/wp\/v2\/media?parent=201949"}],"wp:term":[{"taxonomy":"category","embeddable":true,"href":"https:\/\/laredsocial-noticias.com\/wp\/wp-json\/wp\/v2\/categories?post=201949"},{"taxonomy":"post_tag","embeddable":true,"href":"https:\/\/laredsocial-noticias.com\/wp\/wp-json\/wp\/v2\/tags?post=201949"}],"curies":[{"name":"wp","href":"https:\/\/api.w.org\/{rel}","templated":true}]}}