{"id":201998,"date":"2023-08-06T17:30:17","date_gmt":"2023-08-06T23:30:17","guid":{"rendered":"https:\/\/laredsocial-noticias.com\/wp\/?p=201998"},"modified":"2023-08-06T20:10:25","modified_gmt":"2023-08-07T02:10:25","slug":"buscan-instalar-salas-de-despedida-en-hospitales-materno-infantil-para-casos-de-muerte-fetal-o-perinatal","status":"publish","type":"post","link":"https:\/\/laredsocial-noticias.com\/wp\/buscan-instalar-salas-de-despedida-en-hospitales-materno-infantil-para-casos-de-muerte-fetal-o-perinatal\/","title":{"rendered":"Buscan instalar salas de despedida en hospitales materno-infantil, para casos de muerte fetal o perinatal"},"content":{"rendered":"<p>La diputada Mariana Erandi Nassar Pi\u00f1eyro (PRI) impulsa iniciativa para que la Secretar\u00eda de Salud, en su car\u00e1cter de autoridad sanitaria, y el Sistema Nacional para el Desarrollo Integral de la Familia, como coordinador del Sistema Nacional de Asistencia Social P\u00fablica y Privada, promuevan la instalaci\u00f3n de salas de despedida en los hospitales que brinden atenci\u00f3n materno-infantil.<\/p>\n<p>El documento, enviado a la Comisi\u00f3n de Salud, propone que, en los casos de muerte fetal o perinatal, as\u00ed como cuando el personal de salud informe a las madres y padres que a su hijo o hija le queda poco tiempo de vida, puedan despedirse en compa\u00f1\u00eda de su familia, rendir un homenaje privado, abrazar, tocar, vestirlo, tomar fotograf\u00edas, videos, hacer videollamadas o cualquier otro medio de registro electr\u00f3nico, y de esa forma puedan despedirse con el ritual que cada uno elija.<\/p>\n<p>La iniciativa, que adiciona una fracci\u00f3n XIV Bis al art\u00edculo 9 de la Ley de Asistencia Social, destaca la necesidad de brindar atenci\u00f3n a las mam\u00e1s y pap\u00e1s que pierden a un beb\u00e9 en el periodo fetal o perinatal, y en apego al principio rector del Sistema Nacional de Salud, incrementar la infraestructura hospitalaria con un enfoque de derechos humanos.<\/p>\n<p>Hace menci\u00f3n al denominado \u201cC\u00f3digo Mariposa\u201d, protocolo de atenci\u00f3n m\u00e9dica respetuosa y digna para favorecer la recuperaci\u00f3n emocional de las mujeres que viven la muerte de sus hijos o hijas; una de sus medidas es el acondicionamiento en los hospitales, p\u00fablicos y privados, de espacios donde la mam\u00e1 y el pap\u00e1 que han perdido un hijo o hija, as\u00ed como sus familias, puedan despedirse del beb\u00e9 con los rituales que cada uno decida y de acuerdo a sus creencias personales.<\/p>\n<p>La diputada Nassar Pi\u00f1eyro relata que, en el pa\u00eds, se han hecho esfuerzos para la instalaci\u00f3n de salas de despedida en hospitales p\u00fablicos, como es el caso del Hospital Materno-Infantil \u201cSan Mart\u00edn de las Flores\u201d, de Tlaquepaque, Jalisco, inaugurada en octubre del 2022, que se convirti\u00f3 en la primera unidad obst\u00e9trica p\u00fablica en su tipo en todo M\u00e9xico en contar con un espacio digno para el duelo de las familias.<\/p>\n<p>Argumenta que la ampliaci\u00f3n de la infraestructura hospitalaria deber\u00eda realizarse con un enfoque de derechos, que responda a las necesidades de la poblaci\u00f3n y que permita el desarrollo pleno de la protecci\u00f3n de la salud en el pa\u00eds.<\/p>\n<p>La Ley de Asistencia Social define a la asistencia social como el conjunto de acciones tendientes a modificar y mejorar las circunstancias de car\u00e1cter social que impidan el desarrollo integral del individuo, as\u00ed como la protecci\u00f3n f\u00edsica, mental y social de personas en estado de necesidad, indefensi\u00f3n desventaja f\u00edsica y mental, hasta lograr su incorporaci\u00f3n a una vida plena y productiva.<\/p>\n<p>Entre los sujetos de asistencia social reconocidos se encuentran las mujeres en estado de gestaci\u00f3n o lactancia, y se contempla como un servicio b\u00e1sico de salud en materia de asistencia social, entre otros, el apoyo a mujeres en per\u00edodos de gestaci\u00f3n o lactancia, con especial atenci\u00f3n a las adolescentes en situaci\u00f3n de vulnerabilidad.<\/p>\n","protected":false},"excerpt":{"rendered":"<p>La diputada Mariana Erandi Nassar Pi\u00f1eyro (PRI) impulsa iniciativa para que la Secretar\u00eda de Salud, en su car\u00e1cter de autoridad&#8230;<\/p>\n","protected":false},"author":1,"featured_media":0,"comment_status":"open","ping_status":"closed","sticky":false,"template":"","format":"standard","meta":{"footnotes":""},"categories":[2801,6026],"tags":[4959,77],"class_list":["post-201998","post","type-post","status-publish","format-standard","hentry","category-politica","category-portada","tag-featured","tag-principal"],"yoast_head":"<!-- This site is optimized with the Yoast SEO plugin v26.5 - https:\/\/yoast.com\/wordpress\/plugins\/seo\/ -->\n<title>Buscan instalar salas de despedida en hospitales materno-infantil, para casos de muerte fetal o perinatal - NOTICIAS<\/title>\n<meta name=\"robots\" content=\"index, follow, max-snippet:-1, max-image-preview:large, max-video-preview:-1\" \/>\n<link rel=\"canonical\" href=\"https:\/\/laredsocial-noticias.com\/wp\/buscan-instalar-salas-de-despedida-en-hospitales-materno-infantil-para-casos-de-muerte-fetal-o-perinatal\/\" \/>\n<meta property=\"og:locale\" content=\"es_ES\" \/>\n<meta property=\"og:type\" content=\"article\" \/>\n<meta property=\"og:title\" content=\"Buscan instalar salas de despedida en hospitales materno-infantil, para casos de muerte fetal o perinatal - NOTICIAS\" \/>\n<meta property=\"og:description\" content=\"La diputada Mariana Erandi Nassar Pi\u00f1eyro (PRI) impulsa iniciativa para que la Secretar\u00eda de Salud, en su car\u00e1cter de autoridad...\" \/>\n<meta property=\"og:url\" content=\"https:\/\/laredsocial-noticias.com\/wp\/buscan-instalar-salas-de-despedida-en-hospitales-materno-infantil-para-casos-de-muerte-fetal-o-perinatal\/\" \/>\n<meta property=\"og:site_name\" content=\"NOTICIAS\" \/>\n<meta property=\"article:published_time\" content=\"2023-08-06T23:30:17+00:00\" \/>\n<meta property=\"article:modified_time\" content=\"2023-08-07T02:10:25+00:00\" \/>\n<meta name=\"author\" content=\"Editor en Jefe\" \/>\n<meta name=\"twitter:card\" content=\"summary_large_image\" \/>\n<meta name=\"twitter:label1\" content=\"Escrito por\" \/>\n\t<meta name=\"twitter:data1\" content=\"Editor en Jefe\" \/>\n\t<meta name=\"twitter:label2\" content=\"Tiempo de lectura\" \/>\n\t<meta name=\"twitter:data2\" content=\"3 minutos\" \/>\n<!-- \/ Yoast SEO plugin. -->","yoast_head_json":{"title":"Buscan instalar salas de despedida en hospitales materno-infantil, para casos de muerte fetal o perinatal - NOTICIAS","robots":{"index":"index","follow":"follow","max-snippet":"max-snippet:-1","max-image-preview":"max-image-preview:large","max-video-preview":"max-video-preview:-1"},"canonical":"https:\/\/laredsocial-noticias.com\/wp\/buscan-instalar-salas-de-despedida-en-hospitales-materno-infantil-para-casos-de-muerte-fetal-o-perinatal\/","og_locale":"es_ES","og_type":"article","og_title":"Buscan instalar salas de despedida en hospitales materno-infantil, para casos de muerte fetal o perinatal - NOTICIAS","og_description":"La diputada Mariana Erandi Nassar Pi\u00f1eyro (PRI) impulsa iniciativa para que la Secretar\u00eda de Salud, en su car\u00e1cter de autoridad...","og_url":"https:\/\/laredsocial-noticias.com\/wp\/buscan-instalar-salas-de-despedida-en-hospitales-materno-infantil-para-casos-de-muerte-fetal-o-perinatal\/","og_site_name":"NOTICIAS","article_published_time":"2023-08-06T23:30:17+00:00","article_modified_time":"2023-08-07T02:10:25+00:00","author":"Editor en Jefe","twitter_card":"summary_large_image","twitter_misc":{"Escrito por":"Editor en Jefe","Tiempo de lectura":"3 minutos"},"schema":{"@context":"https:\/\/schema.org","@graph":[{"@type":"WebPage","@id":"https:\/\/laredsocial-noticias.com\/wp\/buscan-instalar-salas-de-despedida-en-hospitales-materno-infantil-para-casos-de-muerte-fetal-o-perinatal\/","url":"https:\/\/laredsocial-noticias.com\/wp\/buscan-instalar-salas-de-despedida-en-hospitales-materno-infantil-para-casos-de-muerte-fetal-o-perinatal\/","name":"Buscan instalar salas de despedida en hospitales materno-infantil, para casos de muerte fetal o perinatal - NOTICIAS","isPartOf":{"@id":"https:\/\/laredsocial-noticias.com\/wp\/#website"},"datePublished":"2023-08-06T23:30:17+00:00","dateModified":"2023-08-07T02:10:25+00:00","author":{"@id":"https:\/\/laredsocial-noticias.com\/wp\/#\/schema\/person\/0ce78643f2de7aae6f6ef10e8453a6e0"},"breadcrumb":{"@id":"https:\/\/laredsocial-noticias.com\/wp\/buscan-instalar-salas-de-despedida-en-hospitales-materno-infantil-para-casos-de-muerte-fetal-o-perinatal\/#breadcrumb"},"inLanguage":"es","potentialAction":[{"@type":"ReadAction","target":["https:\/\/laredsocial-noticias.com\/wp\/buscan-instalar-salas-de-despedida-en-hospitales-materno-infantil-para-casos-de-muerte-fetal-o-perinatal\/"]}]},{"@type":"BreadcrumbList","@id":"https:\/\/laredsocial-noticias.com\/wp\/buscan-instalar-salas-de-despedida-en-hospitales-materno-infantil-para-casos-de-muerte-fetal-o-perinatal\/#breadcrumb","itemListElement":[{"@type":"ListItem","position":1,"name":"Portada","item":"https:\/\/laredsocial-noticias.com\/wp\/"},{"@type":"ListItem","position":2,"name":"Buscan instalar salas de despedida en hospitales materno-infantil, para casos de muerte fetal o perinatal"}]},{"@type":"WebSite","@id":"https:\/\/laredsocial-noticias.com\/wp\/#website","url":"https:\/\/laredsocial-noticias.com\/wp\/","name":"NOTICIAS","description":"Lo que se ve y se dice en las redes sociales","potentialAction":[{"@type":"SearchAction","target":{"@type":"EntryPoint","urlTemplate":"https:\/\/laredsocial-noticias.com\/wp\/?s={search_term_string}"},"query-input":{"@type":"PropertyValueSpecification","valueRequired":true,"valueName":"search_term_string"}}],"inLanguage":"es"},{"@type":"Person","@id":"https:\/\/laredsocial-noticias.com\/wp\/#\/schema\/person\/0ce78643f2de7aae6f6ef10e8453a6e0","name":"Editor en Jefe","url":"https:\/\/laredsocial-noticias.com\/wp\/author\/jorgeochoa\/"}]}},"_links":{"self":[{"href":"https:\/\/laredsocial-noticias.com\/wp\/wp-json\/wp\/v2\/posts\/201998","targetHints":{"allow":["GET"]}}],"collection":[{"href":"https:\/\/laredsocial-noticias.com\/wp\/wp-json\/wp\/v2\/posts"}],"about":[{"href":"https:\/\/laredsocial-noticias.com\/wp\/wp-json\/wp\/v2\/types\/post"}],"author":[{"embeddable":true,"href":"https:\/\/laredsocial-noticias.com\/wp\/wp-json\/wp\/v2\/users\/1"}],"replies":[{"embeddable":true,"href":"https:\/\/laredsocial-noticias.com\/wp\/wp-json\/wp\/v2\/comments?post=201998"}],"version-history":[{"count":1,"href":"https:\/\/laredsocial-noticias.com\/wp\/wp-json\/wp\/v2\/posts\/201998\/revisions"}],"predecessor-version":[{"id":201999,"href":"https:\/\/laredsocial-noticias.com\/wp\/wp-json\/wp\/v2\/posts\/201998\/revisions\/201999"}],"wp:attachment":[{"href":"https:\/\/laredsocial-noticias.com\/wp\/wp-json\/wp\/v2\/media?parent=201998"}],"wp:term":[{"taxonomy":"category","embeddable":true,"href":"https:\/\/laredsocial-noticias.com\/wp\/wp-json\/wp\/v2\/categories?post=201998"},{"taxonomy":"post_tag","embeddable":true,"href":"https:\/\/laredsocial-noticias.com\/wp\/wp-json\/wp\/v2\/tags?post=201998"}],"curies":[{"name":"wp","href":"https:\/\/api.w.org\/{rel}","templated":true}]}}