{"id":203088,"date":"2023-08-21T00:07:39","date_gmt":"2023-08-21T06:07:39","guid":{"rendered":"https:\/\/laredsocial-noticias.com\/wp\/?p=203088"},"modified":"2023-08-20T21:14:25","modified_gmt":"2023-08-21T03:14:25","slug":"contextos-trabajo-del-futuro","status":"publish","type":"post","link":"https:\/\/laredsocial-noticias.com\/wp\/contextos-trabajo-del-futuro\/","title":{"rendered":"CONTEXTOS\/ Trabajo del futuro"},"content":{"rendered":"<p>Por Te\u00f3filo Ben\u00edtez Granados, Rector del Centro de Estudios Superiores en Ciencias Jur\u00eddicas y Criminol\u00f3gicas.<\/p>\n<p>La caracter\u00edstica esencial del profesionista del futuro exitoso ser\u00e1 su blindaje contra irrupciones. Para ello requiere anticipar escenarios. La planificaci\u00f3n cobra relevancia en tiempos de incertidumbre.<\/p>\n<p>Es la \u00fanica herramienta para aumentar las probabilidades de crecimiento de mercado, lo qie permitir\u00e1 cumplir los objetivos financieros y de otro tipo.<\/p>\n<p>Sin embargo, aunque la planificaci\u00f3n es m\u00e1s importante, tambi\u00e9n es la m\u00e1s dif\u00edcil, ya que las organizaciones se enfrentan a un futuro cada vez m\u00e1s incierto. Entonces la planificaci\u00f3n basada en escenarios, en la que los l\u00edderes imaginan y anticipan sus necesidades para m\u00faltiples futuros posibles, es una forma de estar listos para lo que pueda venir.<\/p>\n<p>En tanto, la planificaci\u00f3n din\u00e1mica, que incorpora la capacidad de respuesta en los planes y permite a la organizaci\u00f3n revisar las estrategias y reasignar fondos en funci\u00f3n de los cambios en el mercado, la fuerza laboral y el rendimiento. Comprometerse con ambos tipos de planificaci\u00f3n produce dividendos y es m\u00e1s efectivo que hacer solo uno.<\/p>\n<p>Ahora, a medida que las empresas aceleran sus viajes digitales y se preparan para el futuro del trabajo, deber\u00e1n centrarse en su gente y tirar de las palancas dentro de su control para aprovecharlos al m\u00e1ximo.<\/p>\n<p>Optimizar la productividad ahora consiste en centrarse en lo que se pueda controlar, y es esencial para superar los desaf\u00edos relacionados con la digitalizaci\u00f3n y la automatizaci\u00f3n.<\/p>\n<p>Es momento, entonces, de que los l\u00edderes construyan un entorno que apoye la productividad sostenible en lugar de preocuparse por monitorear a los empleados. Ser productivo durante un d\u00eda o una semana no tiene sentido si esa productividad es a expensas del bienestar. Debe mirarse a futuro y apostar por la sustentabilidad.<\/p>\n<p>Entonces, dar a los trabajadores flexibilidad para manejar su trabajo y vida familiar como mejor les parezca y tomarse el tiempo para descansar, as\u00ed como apoyar sus diversas circunstancias y necesidades, les ayudar\u00e1 a estar sanos, mental y f\u00edsicamente. Y esto incidir\u00e1 en el buen desempe\u00f1o a largo plazo.<\/p>\n<p>La digitalizaci\u00f3n, por otra parte, continuar\u00e1 como una de las principales preocupaciones de los l\u00edderes y una fuente de ansiedad para los trabajadores. Pero al un\u00edsono permitir\u00e1 crear nuevas formas de trabajar e incluso promover la productividad.<\/p>\n<p>Asimismo, la mejor manera de implementar nuevas soluciones tecnol\u00f3gicas es con transparencia y colaboraci\u00f3n. La comunicaci\u00f3n incluso puede personalizarse en funci\u00f3n de la segmentaci\u00f3n de la fuerza laboral. Las diferentes personas, necesidades y preferencias de las partes interesadas deben considerarse en los mensajes. La creaci\u00f3n conjunta de soluciones tecnol\u00f3gicas tambi\u00e9n resulta cr\u00edtica en el\u00a0 trabajo del futuro.<\/p>\n","protected":false},"excerpt":{"rendered":"<p>Por Te\u00f3filo Ben\u00edtez Granados, Rector del Centro de Estudios Superiores en Ciencias Jur\u00eddicas y Criminol\u00f3gicas. La caracter\u00edstica esencial del profesionista&#8230;<\/p>\n","protected":false},"author":1,"featured_media":0,"comment_status":"open","ping_status":"closed","sticky":false,"template":"","format":"standard","meta":{"footnotes":""},"categories":[2811,6026],"tags":[4959,77],"class_list":["post-203088","post","type-post","status-publish","format-standard","hentry","category-economia","category-portada","tag-featured","tag-principal"],"yoast_head":"<!-- This site is optimized with the Yoast SEO plugin v26.5 - https:\/\/yoast.com\/wordpress\/plugins\/seo\/ -->\n<title>CONTEXTOS\/ Trabajo del futuro - NOTICIAS<\/title>\n<meta name=\"robots\" content=\"index, follow, max-snippet:-1, max-image-preview:large, max-video-preview:-1\" \/>\n<link rel=\"canonical\" href=\"https:\/\/laredsocial-noticias.com\/wp\/contextos-trabajo-del-futuro\/\" \/>\n<meta property=\"og:locale\" content=\"es_ES\" \/>\n<meta property=\"og:type\" content=\"article\" \/>\n<meta property=\"og:title\" content=\"CONTEXTOS\/ Trabajo del futuro - NOTICIAS\" \/>\n<meta property=\"og:description\" content=\"Por Te\u00f3filo Ben\u00edtez Granados, Rector del Centro de Estudios Superiores en Ciencias Jur\u00eddicas y Criminol\u00f3gicas. La caracter\u00edstica esencial del profesionista...\" \/>\n<meta property=\"og:url\" content=\"https:\/\/laredsocial-noticias.com\/wp\/contextos-trabajo-del-futuro\/\" \/>\n<meta property=\"og:site_name\" content=\"NOTICIAS\" \/>\n<meta property=\"article:published_time\" content=\"2023-08-21T06:07:39+00:00\" \/>\n<meta property=\"og:image\" content=\"https:\/\/laredsocial-noticias.com\/wp\/wp-content\/uploads\/2023\/08\/CONTEXTOS.jpg\" \/>\n\t<meta property=\"og:image:width\" content=\"1076\" \/>\n\t<meta property=\"og:image:height\" content=\"1196\" \/>\n\t<meta property=\"og:image:type\" content=\"image\/jpeg\" \/>\n<meta name=\"author\" content=\"Editor en Jefe\" \/>\n<meta name=\"twitter:card\" content=\"summary_large_image\" \/>\n<meta name=\"twitter:label1\" content=\"Escrito por\" \/>\n\t<meta name=\"twitter:data1\" content=\"Editor en Jefe\" \/>\n\t<meta name=\"twitter:label2\" content=\"Tiempo de lectura\" \/>\n\t<meta name=\"twitter:data2\" content=\"2 minutos\" \/>\n<!-- \/ Yoast SEO plugin. -->","yoast_head_json":{"title":"CONTEXTOS\/ Trabajo del futuro - NOTICIAS","robots":{"index":"index","follow":"follow","max-snippet":"max-snippet:-1","max-image-preview":"max-image-preview:large","max-video-preview":"max-video-preview:-1"},"canonical":"https:\/\/laredsocial-noticias.com\/wp\/contextos-trabajo-del-futuro\/","og_locale":"es_ES","og_type":"article","og_title":"CONTEXTOS\/ Trabajo del futuro - NOTICIAS","og_description":"Por Te\u00f3filo Ben\u00edtez Granados, Rector del Centro de Estudios Superiores en Ciencias Jur\u00eddicas y Criminol\u00f3gicas. La caracter\u00edstica esencial del profesionista...","og_url":"https:\/\/laredsocial-noticias.com\/wp\/contextos-trabajo-del-futuro\/","og_site_name":"NOTICIAS","article_published_time":"2023-08-21T06:07:39+00:00","og_image":[{"width":1076,"height":1196,"url":"https:\/\/laredsocial-noticias.com\/wp\/wp-content\/uploads\/2023\/08\/CONTEXTOS.jpg","type":"image\/jpeg"}],"author":"Editor en Jefe","twitter_card":"summary_large_image","twitter_misc":{"Escrito por":"Editor en Jefe","Tiempo de lectura":"2 minutos"},"schema":{"@context":"https:\/\/schema.org","@graph":[{"@type":"WebPage","@id":"https:\/\/laredsocial-noticias.com\/wp\/contextos-trabajo-del-futuro\/","url":"https:\/\/laredsocial-noticias.com\/wp\/contextos-trabajo-del-futuro\/","name":"CONTEXTOS\/ Trabajo del futuro - NOTICIAS","isPartOf":{"@id":"https:\/\/laredsocial-noticias.com\/wp\/#website"},"datePublished":"2023-08-21T06:07:39+00:00","author":{"@id":"https:\/\/laredsocial-noticias.com\/wp\/#\/schema\/person\/0ce78643f2de7aae6f6ef10e8453a6e0"},"breadcrumb":{"@id":"https:\/\/laredsocial-noticias.com\/wp\/contextos-trabajo-del-futuro\/#breadcrumb"},"inLanguage":"es","potentialAction":[{"@type":"ReadAction","target":["https:\/\/laredsocial-noticias.com\/wp\/contextos-trabajo-del-futuro\/"]}]},{"@type":"BreadcrumbList","@id":"https:\/\/laredsocial-noticias.com\/wp\/contextos-trabajo-del-futuro\/#breadcrumb","itemListElement":[{"@type":"ListItem","position":1,"name":"Portada","item":"https:\/\/laredsocial-noticias.com\/wp\/"},{"@type":"ListItem","position":2,"name":"CONTEXTOS\/ Trabajo del futuro"}]},{"@type":"WebSite","@id":"https:\/\/laredsocial-noticias.com\/wp\/#website","url":"https:\/\/laredsocial-noticias.com\/wp\/","name":"NOTICIAS","description":"Lo que se ve y se dice en las redes sociales","potentialAction":[{"@type":"SearchAction","target":{"@type":"EntryPoint","urlTemplate":"https:\/\/laredsocial-noticias.com\/wp\/?s={search_term_string}"},"query-input":{"@type":"PropertyValueSpecification","valueRequired":true,"valueName":"search_term_string"}}],"inLanguage":"es"},{"@type":"Person","@id":"https:\/\/laredsocial-noticias.com\/wp\/#\/schema\/person\/0ce78643f2de7aae6f6ef10e8453a6e0","name":"Editor en Jefe","url":"https:\/\/laredsocial-noticias.com\/wp\/author\/jorgeochoa\/"}]}},"_links":{"self":[{"href":"https:\/\/laredsocial-noticias.com\/wp\/wp-json\/wp\/v2\/posts\/203088","targetHints":{"allow":["GET"]}}],"collection":[{"href":"https:\/\/laredsocial-noticias.com\/wp\/wp-json\/wp\/v2\/posts"}],"about":[{"href":"https:\/\/laredsocial-noticias.com\/wp\/wp-json\/wp\/v2\/types\/post"}],"author":[{"embeddable":true,"href":"https:\/\/laredsocial-noticias.com\/wp\/wp-json\/wp\/v2\/users\/1"}],"replies":[{"embeddable":true,"href":"https:\/\/laredsocial-noticias.com\/wp\/wp-json\/wp\/v2\/comments?post=203088"}],"version-history":[{"count":1,"href":"https:\/\/laredsocial-noticias.com\/wp\/wp-json\/wp\/v2\/posts\/203088\/revisions"}],"predecessor-version":[{"id":203089,"href":"https:\/\/laredsocial-noticias.com\/wp\/wp-json\/wp\/v2\/posts\/203088\/revisions\/203089"}],"wp:attachment":[{"href":"https:\/\/laredsocial-noticias.com\/wp\/wp-json\/wp\/v2\/media?parent=203088"}],"wp:term":[{"taxonomy":"category","embeddable":true,"href":"https:\/\/laredsocial-noticias.com\/wp\/wp-json\/wp\/v2\/categories?post=203088"},{"taxonomy":"post_tag","embeddable":true,"href":"https:\/\/laredsocial-noticias.com\/wp\/wp-json\/wp\/v2\/tags?post=203088"}],"curies":[{"name":"wp","href":"https:\/\/api.w.org\/{rel}","templated":true}]}}