{"id":204657,"date":"2023-09-10T07:57:24","date_gmt":"2023-09-10T13:57:24","guid":{"rendered":"https:\/\/laredsocial-noticias.com\/wp\/?p=204657"},"modified":"2023-09-10T07:57:24","modified_gmt":"2023-09-10T13:57:24","slug":"las-victorias-politicas-se-construyen-son-resultado-de-luchas-y-equilibrios-monreal","status":"publish","type":"post","link":"https:\/\/laredsocial-noticias.com\/wp\/las-victorias-politicas-se-construyen-son-resultado-de-luchas-y-equilibrios-monreal\/","title":{"rendered":"Las victorias pol\u00edticas se construyen; son resultado de luchas y equilibrios: Monreal"},"content":{"rendered":"<p>Las victorias pol\u00edticas y electorales se construyen, no se dan al azar y son resultados de a\u00f1os de lucha y tambi\u00e9n de equilibrios, consider\u00f3 Ricardo Monreal.<\/p>\n<p>En video mensaje difundido en redes sociales, subray\u00f3 que esos equilibrios son necesarios para poder transitar hacia niveles de entendimiento social entre miembros de un equipo, de una generaci\u00f3n, de una corriente pol\u00edtica, o filos\u00f3fica de pensamiento.<\/p>\n<p>El ex gobernador de Zacatecas expuso que hoy se encuentra en la reflexi\u00f3n para la toma de decisiones en esta segunda etapa, donde los compromisos que se adquieran ser\u00e1n cumplidos.<\/p>\n<p>Se\u00f1alo con claridad su posici\u00f3n de mantenerse luchando hasta el l\u00edmite de su dignidad, \u201cen donde podamos todos sentirnos bien, luchar por una causa. Eso es lo m\u00e1s importante\u201d, resalt\u00f3.<\/p>\n<p>\u201cNo ambiciones, no excesos, no exclusiones. Armon\u00eda, respeto, inclusi\u00f3n y tolerancia\u201d, extern\u00f3.<\/p>\n<p>Monreal \u00c1vila se\u00f1al\u00f3 que se siente tranquilo, pues desde un principio, al participar en el proceso interno, decidi\u00f3 respetar el resultado y as\u00ed lo ha hecho.<\/p>\n<p>Vienen otras etapas, a\u00f1adi\u00f3, porque este cap\u00edtulo est\u00e1 cerrado. En todo momento cumpl\u00ed la palabra y cumpl\u00ed lo que firm\u00e9, afirm\u00f3.<\/p>\n<p>Era necesario para dar paso a la unidad y la cohesi\u00f3n en el movimiento en el que participa, y en el que est\u00e1 desde hace 26 a\u00f1os al lado del presidente L\u00f3pez Obrador.<\/p>\n<p>\u201cMe siento tranquilo aqu\u00ed en la casa, leyendo, actualiz\u00e1ndome\u201d, remarc\u00f3.<\/p>\n<p>El senador con licencia manifest\u00f3 que tomar\u00e1 las mejores decisiones por Mexico. \u201cNo ambiciones, no excesos, no exclusiones. Armon\u00eda, respeto, inclusi\u00f3n y tolerancia\u201d, finaliz\u00f3.<\/p>\n<p>*&#8211;oo00oo&#8211;*<\/p>\n","protected":false},"excerpt":{"rendered":"<p>Las victorias pol\u00edticas y electorales se construyen, no se dan al azar y son resultados de a\u00f1os de lucha y&#8230;<\/p>\n","protected":false},"author":1,"featured_media":0,"comment_status":"closed","ping_status":"closed","sticky":false,"template":"","format":"standard","meta":{"footnotes":""},"categories":[91,2835,2262,2326,25],"tags":[],"class_list":["post-204657","post","type-post","status-publish","format-standard","hentry","category-cdmx","category-ciudad-de-mexico","category-elecciones","category-morena","category-partidos-politicos"],"yoast_head":"<!-- This site is optimized with the Yoast SEO plugin v26.5 - https:\/\/yoast.com\/wordpress\/plugins\/seo\/ -->\n<title>Las victorias pol\u00edticas se construyen; son resultado de luchas y equilibrios: Monreal - NOTICIAS<\/title>\n<meta name=\"robots\" content=\"index, follow, max-snippet:-1, max-image-preview:large, max-video-preview:-1\" \/>\n<link rel=\"canonical\" href=\"https:\/\/laredsocial-noticias.com\/wp\/las-victorias-politicas-se-construyen-son-resultado-de-luchas-y-equilibrios-monreal\/\" \/>\n<meta property=\"og:locale\" content=\"es_ES\" \/>\n<meta property=\"og:type\" content=\"article\" \/>\n<meta property=\"og:title\" content=\"Las victorias pol\u00edticas se construyen; son resultado de luchas y equilibrios: Monreal - NOTICIAS\" \/>\n<meta property=\"og:description\" content=\"Las victorias pol\u00edticas y electorales se construyen, no se dan al azar y son resultados de a\u00f1os de lucha y...\" \/>\n<meta property=\"og:url\" content=\"https:\/\/laredsocial-noticias.com\/wp\/las-victorias-politicas-se-construyen-son-resultado-de-luchas-y-equilibrios-monreal\/\" \/>\n<meta property=\"og:site_name\" content=\"NOTICIAS\" \/>\n<meta property=\"article:published_time\" content=\"2023-09-10T13:57:24+00:00\" \/>\n<meta property=\"og:image\" content=\"https:\/\/laredsocial-noticias.com\/wp\/wp-content\/uploads\/2023\/09\/21568e75-8ad8-4365-8007-d0e8a4079c5a.jpeg\" \/>\n\t<meta property=\"og:image:width\" content=\"1280\" \/>\n\t<meta property=\"og:image:height\" content=\"693\" \/>\n\t<meta property=\"og:image:type\" content=\"image\/jpeg\" \/>\n<meta name=\"author\" content=\"Editor en Jefe\" \/>\n<meta name=\"twitter:card\" content=\"summary_large_image\" \/>\n<meta name=\"twitter:label1\" content=\"Escrito por\" \/>\n\t<meta name=\"twitter:data1\" content=\"Editor en Jefe\" \/>\n\t<meta name=\"twitter:label2\" content=\"Tiempo de lectura\" \/>\n\t<meta name=\"twitter:data2\" content=\"2 minutos\" \/>\n<!-- \/ Yoast SEO plugin. -->","yoast_head_json":{"title":"Las victorias pol\u00edticas se construyen; son resultado de luchas y equilibrios: Monreal - NOTICIAS","robots":{"index":"index","follow":"follow","max-snippet":"max-snippet:-1","max-image-preview":"max-image-preview:large","max-video-preview":"max-video-preview:-1"},"canonical":"https:\/\/laredsocial-noticias.com\/wp\/las-victorias-politicas-se-construyen-son-resultado-de-luchas-y-equilibrios-monreal\/","og_locale":"es_ES","og_type":"article","og_title":"Las victorias pol\u00edticas se construyen; son resultado de luchas y equilibrios: Monreal - NOTICIAS","og_description":"Las victorias pol\u00edticas y electorales se construyen, no se dan al azar y son resultados de a\u00f1os de lucha y...","og_url":"https:\/\/laredsocial-noticias.com\/wp\/las-victorias-politicas-se-construyen-son-resultado-de-luchas-y-equilibrios-monreal\/","og_site_name":"NOTICIAS","article_published_time":"2023-09-10T13:57:24+00:00","og_image":[{"width":1280,"height":693,"url":"https:\/\/laredsocial-noticias.com\/wp\/wp-content\/uploads\/2023\/09\/21568e75-8ad8-4365-8007-d0e8a4079c5a.jpeg","type":"image\/jpeg"}],"author":"Editor en Jefe","twitter_card":"summary_large_image","twitter_misc":{"Escrito por":"Editor en Jefe","Tiempo de lectura":"2 minutos"},"schema":{"@context":"https:\/\/schema.org","@graph":[{"@type":"WebPage","@id":"https:\/\/laredsocial-noticias.com\/wp\/las-victorias-politicas-se-construyen-son-resultado-de-luchas-y-equilibrios-monreal\/","url":"https:\/\/laredsocial-noticias.com\/wp\/las-victorias-politicas-se-construyen-son-resultado-de-luchas-y-equilibrios-monreal\/","name":"Las victorias pol\u00edticas se construyen; son resultado de luchas y equilibrios: Monreal - NOTICIAS","isPartOf":{"@id":"https:\/\/laredsocial-noticias.com\/wp\/#website"},"datePublished":"2023-09-10T13:57:24+00:00","author":{"@id":"https:\/\/laredsocial-noticias.com\/wp\/#\/schema\/person\/0ce78643f2de7aae6f6ef10e8453a6e0"},"breadcrumb":{"@id":"https:\/\/laredsocial-noticias.com\/wp\/las-victorias-politicas-se-construyen-son-resultado-de-luchas-y-equilibrios-monreal\/#breadcrumb"},"inLanguage":"es","potentialAction":[{"@type":"ReadAction","target":["https:\/\/laredsocial-noticias.com\/wp\/las-victorias-politicas-se-construyen-son-resultado-de-luchas-y-equilibrios-monreal\/"]}]},{"@type":"BreadcrumbList","@id":"https:\/\/laredsocial-noticias.com\/wp\/las-victorias-politicas-se-construyen-son-resultado-de-luchas-y-equilibrios-monreal\/#breadcrumb","itemListElement":[{"@type":"ListItem","position":1,"name":"Portada","item":"https:\/\/laredsocial-noticias.com\/wp\/"},{"@type":"ListItem","position":2,"name":"Las victorias pol\u00edticas se construyen; son resultado de luchas y equilibrios: Monreal"}]},{"@type":"WebSite","@id":"https:\/\/laredsocial-noticias.com\/wp\/#website","url":"https:\/\/laredsocial-noticias.com\/wp\/","name":"NOTICIAS","description":"Lo que se ve y se dice en las redes sociales","potentialAction":[{"@type":"SearchAction","target":{"@type":"EntryPoint","urlTemplate":"https:\/\/laredsocial-noticias.com\/wp\/?s={search_term_string}"},"query-input":{"@type":"PropertyValueSpecification","valueRequired":true,"valueName":"search_term_string"}}],"inLanguage":"es"},{"@type":"Person","@id":"https:\/\/laredsocial-noticias.com\/wp\/#\/schema\/person\/0ce78643f2de7aae6f6ef10e8453a6e0","name":"Editor en Jefe","url":"https:\/\/laredsocial-noticias.com\/wp\/author\/jorgeochoa\/"}]}},"_links":{"self":[{"href":"https:\/\/laredsocial-noticias.com\/wp\/wp-json\/wp\/v2\/posts\/204657","targetHints":{"allow":["GET"]}}],"collection":[{"href":"https:\/\/laredsocial-noticias.com\/wp\/wp-json\/wp\/v2\/posts"}],"about":[{"href":"https:\/\/laredsocial-noticias.com\/wp\/wp-json\/wp\/v2\/types\/post"}],"author":[{"embeddable":true,"href":"https:\/\/laredsocial-noticias.com\/wp\/wp-json\/wp\/v2\/users\/1"}],"replies":[{"embeddable":true,"href":"https:\/\/laredsocial-noticias.com\/wp\/wp-json\/wp\/v2\/comments?post=204657"}],"version-history":[{"count":1,"href":"https:\/\/laredsocial-noticias.com\/wp\/wp-json\/wp\/v2\/posts\/204657\/revisions"}],"predecessor-version":[{"id":204659,"href":"https:\/\/laredsocial-noticias.com\/wp\/wp-json\/wp\/v2\/posts\/204657\/revisions\/204659"}],"wp:attachment":[{"href":"https:\/\/laredsocial-noticias.com\/wp\/wp-json\/wp\/v2\/media?parent=204657"}],"wp:term":[{"taxonomy":"category","embeddable":true,"href":"https:\/\/laredsocial-noticias.com\/wp\/wp-json\/wp\/v2\/categories?post=204657"},{"taxonomy":"post_tag","embeddable":true,"href":"https:\/\/laredsocial-noticias.com\/wp\/wp-json\/wp\/v2\/tags?post=204657"}],"curies":[{"name":"wp","href":"https:\/\/api.w.org\/{rel}","templated":true}]}}