{"id":206142,"date":"2023-09-29T15:50:35","date_gmt":"2023-09-29T21:50:35","guid":{"rendered":"https:\/\/laredsocial-noticias.com\/wp\/?p=206142"},"modified":"2023-09-29T15:31:56","modified_gmt":"2023-09-29T21:31:56","slug":"la-playera-de-messi-ya-es-la-mas-vendida-de-la-temporada-de-mls","status":"publish","type":"post","link":"https:\/\/laredsocial-noticias.com\/wp\/la-playera-de-messi-ya-es-la-mas-vendida-de-la-temporada-de-mls\/","title":{"rendered":"La playera de Messi ya es la m\u00e1s vendida de la temporada de MLS"},"content":{"rendered":"<p>Pese a aterrizar en mitad de temporada, la camiseta de\u00a0Lionel Messi con el n\u00famero\u00a010 del Inter Miami\u00a0ya se coloc\u00f3 en la cima de las m\u00e1s vendidas del a\u00f1o en la liga norteamericana\u00a0(MLS).<\/p>\n<p>La competici\u00f3n report\u00f3 este viernes el listado de los uniformes m\u00e1s vendidos en su web oficial entre principio de a\u00f1o y el 12 de septiembre.<\/p>\n<p>Por detr\u00e1s del astro argentino, el delantero brasile\u00f1o\u00a0Joao Klauss, del St. Louis City, y el alem\u00e1n Hany Mukthar (Nashville SC),\u00a0vigente Bal\u00f3n de Oro de la MLS, ocupaban la segunda y tercera posiciones.<\/p>\n<p>El argentino Sebasti\u00e1n Driussi, del Austin FC, y el mexicano\u00a0Carlos Vela, l\u00edder del vigente campe\u00f3n Los Angeles FC,\u00a0completaban el top-5 seg\u00fan el reporte, que no ofrec\u00eda cifras de las ventas.<\/p>\n<p>El ex jugador del Barcelona\u00a0Sergio Busquets,\u00a0reunido de nuevo con Messi en Miami, tambi\u00e9n integra la lista en el lugar 13, uno por encima del mexicano\u00a0Javier \u2018Chicharito\u2019 Hern\u00e1ndez, del Los Angeles Galaxy.<\/p>\n<p>Messi, siete veces ganador del Bal\u00f3n de Oro, se ha convertido en un fen\u00f3meno deportivo en todo Estados Unidos desde que anunci\u00f3 que terminaba su extraordinaria carrera en el f\u00fatbol europeo y se trasladaba a Estados Unidos.<\/p>\n<p>Desde su debut el 21 de julio, el ex astro del Barcelona y Paris Saint-Germain ha sobrepasado las gigantescas expectativas que pesaban sobre \u00e9l catapultando al Inter, el peor equipo entonces de la temporada de la MLS, hasta el primer t\u00edtulo de su historia en la Leagues Cup y a otra final el pasado mi\u00e9rcoles en la US Open Cup, en la que Miami cay\u00f3 ante Houston Dynamo con la baja por lesi\u00f3n del argentino.<\/p>\n<p>El Inter no ha perdido uno solo de los 12 partidos en los que Messi se ha enfundado su uniforme rosa, acumulando 11 goles y 8 asistencias.<\/p>\n","protected":false},"excerpt":{"rendered":"<p>Pese a aterrizar en mitad de temporada, la camiseta de\u00a0Lionel Messi con el n\u00famero\u00a010 del Inter Miami\u00a0ya se coloc\u00f3 en&#8230;<\/p>\n","protected":false},"author":1,"featured_media":0,"comment_status":"open","ping_status":"closed","sticky":false,"template":"","format":"standard","meta":{"footnotes":""},"categories":[337,6026],"tags":[4959,77],"class_list":["post-206142","post","type-post","status-publish","format-standard","hentry","category-deportes","category-portada","tag-featured","tag-principal"],"yoast_head":"<!-- This site is optimized with the Yoast SEO plugin v26.5 - https:\/\/yoast.com\/wordpress\/plugins\/seo\/ -->\n<title>La playera de Messi ya es la m\u00e1s vendida de la temporada de MLS - NOTICIAS<\/title>\n<meta name=\"robots\" content=\"index, follow, max-snippet:-1, max-image-preview:large, max-video-preview:-1\" \/>\n<link rel=\"canonical\" href=\"https:\/\/laredsocial-noticias.com\/wp\/la-playera-de-messi-ya-es-la-mas-vendida-de-la-temporada-de-mls\/\" \/>\n<meta property=\"og:locale\" content=\"es_ES\" \/>\n<meta property=\"og:type\" content=\"article\" \/>\n<meta property=\"og:title\" content=\"La playera de Messi ya es la m\u00e1s vendida de la temporada de MLS - NOTICIAS\" \/>\n<meta property=\"og:description\" content=\"Pese a aterrizar en mitad de temporada, la camiseta de\u00a0Lionel Messi con el n\u00famero\u00a010 del Inter Miami\u00a0ya se coloc\u00f3 en...\" \/>\n<meta property=\"og:url\" content=\"https:\/\/laredsocial-noticias.com\/wp\/la-playera-de-messi-ya-es-la-mas-vendida-de-la-temporada-de-mls\/\" \/>\n<meta property=\"og:site_name\" content=\"NOTICIAS\" \/>\n<meta property=\"article:published_time\" content=\"2023-09-29T21:50:35+00:00\" \/>\n<meta property=\"og:image\" content=\"https:\/\/laredsocial-noticias.com\/wp\/wp-content\/uploads\/2023\/09\/playera-de-Messi.jpeg\" \/>\n\t<meta property=\"og:image:width\" content=\"1280\" \/>\n\t<meta property=\"og:image:height\" content=\"720\" \/>\n\t<meta property=\"og:image:type\" content=\"image\/jpeg\" \/>\n<meta name=\"author\" content=\"Editor en Jefe\" \/>\n<meta name=\"twitter:card\" content=\"summary_large_image\" \/>\n<meta name=\"twitter:label1\" content=\"Escrito por\" \/>\n\t<meta name=\"twitter:data1\" content=\"Editor en Jefe\" \/>\n\t<meta name=\"twitter:label2\" content=\"Tiempo de lectura\" \/>\n\t<meta name=\"twitter:data2\" content=\"2 minutos\" \/>\n<!-- \/ Yoast SEO plugin. -->","yoast_head_json":{"title":"La playera de Messi ya es la m\u00e1s vendida de la temporada de MLS - NOTICIAS","robots":{"index":"index","follow":"follow","max-snippet":"max-snippet:-1","max-image-preview":"max-image-preview:large","max-video-preview":"max-video-preview:-1"},"canonical":"https:\/\/laredsocial-noticias.com\/wp\/la-playera-de-messi-ya-es-la-mas-vendida-de-la-temporada-de-mls\/","og_locale":"es_ES","og_type":"article","og_title":"La playera de Messi ya es la m\u00e1s vendida de la temporada de MLS - NOTICIAS","og_description":"Pese a aterrizar en mitad de temporada, la camiseta de\u00a0Lionel Messi con el n\u00famero\u00a010 del Inter Miami\u00a0ya se coloc\u00f3 en...","og_url":"https:\/\/laredsocial-noticias.com\/wp\/la-playera-de-messi-ya-es-la-mas-vendida-de-la-temporada-de-mls\/","og_site_name":"NOTICIAS","article_published_time":"2023-09-29T21:50:35+00:00","og_image":[{"width":1280,"height":720,"url":"https:\/\/laredsocial-noticias.com\/wp\/wp-content\/uploads\/2023\/09\/playera-de-Messi.jpeg","type":"image\/jpeg"}],"author":"Editor en Jefe","twitter_card":"summary_large_image","twitter_misc":{"Escrito por":"Editor en Jefe","Tiempo de lectura":"2 minutos"},"schema":{"@context":"https:\/\/schema.org","@graph":[{"@type":"WebPage","@id":"https:\/\/laredsocial-noticias.com\/wp\/la-playera-de-messi-ya-es-la-mas-vendida-de-la-temporada-de-mls\/","url":"https:\/\/laredsocial-noticias.com\/wp\/la-playera-de-messi-ya-es-la-mas-vendida-de-la-temporada-de-mls\/","name":"La playera de Messi ya es la m\u00e1s vendida de la temporada de MLS - NOTICIAS","isPartOf":{"@id":"https:\/\/laredsocial-noticias.com\/wp\/#website"},"datePublished":"2023-09-29T21:50:35+00:00","author":{"@id":"https:\/\/laredsocial-noticias.com\/wp\/#\/schema\/person\/0ce78643f2de7aae6f6ef10e8453a6e0"},"breadcrumb":{"@id":"https:\/\/laredsocial-noticias.com\/wp\/la-playera-de-messi-ya-es-la-mas-vendida-de-la-temporada-de-mls\/#breadcrumb"},"inLanguage":"es","potentialAction":[{"@type":"ReadAction","target":["https:\/\/laredsocial-noticias.com\/wp\/la-playera-de-messi-ya-es-la-mas-vendida-de-la-temporada-de-mls\/"]}]},{"@type":"BreadcrumbList","@id":"https:\/\/laredsocial-noticias.com\/wp\/la-playera-de-messi-ya-es-la-mas-vendida-de-la-temporada-de-mls\/#breadcrumb","itemListElement":[{"@type":"ListItem","position":1,"name":"Portada","item":"https:\/\/laredsocial-noticias.com\/wp\/"},{"@type":"ListItem","position":2,"name":"La playera de Messi ya es la m\u00e1s vendida de la temporada de MLS"}]},{"@type":"WebSite","@id":"https:\/\/laredsocial-noticias.com\/wp\/#website","url":"https:\/\/laredsocial-noticias.com\/wp\/","name":"NOTICIAS","description":"Lo que se ve y se dice en las redes sociales","potentialAction":[{"@type":"SearchAction","target":{"@type":"EntryPoint","urlTemplate":"https:\/\/laredsocial-noticias.com\/wp\/?s={search_term_string}"},"query-input":{"@type":"PropertyValueSpecification","valueRequired":true,"valueName":"search_term_string"}}],"inLanguage":"es"},{"@type":"Person","@id":"https:\/\/laredsocial-noticias.com\/wp\/#\/schema\/person\/0ce78643f2de7aae6f6ef10e8453a6e0","name":"Editor en Jefe","url":"https:\/\/laredsocial-noticias.com\/wp\/author\/jorgeochoa\/"}]}},"_links":{"self":[{"href":"https:\/\/laredsocial-noticias.com\/wp\/wp-json\/wp\/v2\/posts\/206142","targetHints":{"allow":["GET"]}}],"collection":[{"href":"https:\/\/laredsocial-noticias.com\/wp\/wp-json\/wp\/v2\/posts"}],"about":[{"href":"https:\/\/laredsocial-noticias.com\/wp\/wp-json\/wp\/v2\/types\/post"}],"author":[{"embeddable":true,"href":"https:\/\/laredsocial-noticias.com\/wp\/wp-json\/wp\/v2\/users\/1"}],"replies":[{"embeddable":true,"href":"https:\/\/laredsocial-noticias.com\/wp\/wp-json\/wp\/v2\/comments?post=206142"}],"version-history":[{"count":1,"href":"https:\/\/laredsocial-noticias.com\/wp\/wp-json\/wp\/v2\/posts\/206142\/revisions"}],"predecessor-version":[{"id":206143,"href":"https:\/\/laredsocial-noticias.com\/wp\/wp-json\/wp\/v2\/posts\/206142\/revisions\/206143"}],"wp:attachment":[{"href":"https:\/\/laredsocial-noticias.com\/wp\/wp-json\/wp\/v2\/media?parent=206142"}],"wp:term":[{"taxonomy":"category","embeddable":true,"href":"https:\/\/laredsocial-noticias.com\/wp\/wp-json\/wp\/v2\/categories?post=206142"},{"taxonomy":"post_tag","embeddable":true,"href":"https:\/\/laredsocial-noticias.com\/wp\/wp-json\/wp\/v2\/tags?post=206142"}],"curies":[{"name":"wp","href":"https:\/\/api.w.org\/{rel}","templated":true}]}}