{"id":206177,"date":"2023-09-30T18:42:59","date_gmt":"2023-10-01T00:42:59","guid":{"rendered":"https:\/\/laredsocial-noticias.com\/wp\/?p=206177"},"modified":"2023-09-30T18:48:40","modified_gmt":"2023-10-01T00:48:40","slug":"solidaridad-con-transportistas-que-pierden-millones-de-dolares-varados-en-la-frontera-norte-pide-ricardo-monreal","status":"publish","type":"post","link":"https:\/\/laredsocial-noticias.com\/wp\/solidaridad-con-transportistas-que-pierden-millones-de-dolares-varados-en-la-frontera-norte-pide-ricardo-monreal\/","title":{"rendered":"Solidaridad con transportistas que pierden millones de d\u00f3lares varados en la frontera norte, pide Ricardo Monreal"},"content":{"rendered":"<p><a href=\"https:\/\/laredsocial-noticias.com\/wp\/wp-content\/uploads\/2023\/09\/0943d842-87ed-40f5-a616-5b9cf04eb149.jpeg\"><img loading=\"lazy\" decoding=\"async\" class=\"alignleft size-thumbnail wp-image-206178\" src=\"https:\/\/laredsocial-noticias.com\/wp\/wp-content\/uploads\/2023\/09\/0943d842-87ed-40f5-a616-5b9cf04eb149-150x150.jpeg\" alt=\"\" width=\"150\" height=\"150\" \/><\/a>M\u00e9xico no debe permitir que una decisi\u00f3n unilateral y violatoria del T-MEC, da\u00f1e la econom\u00eda nacional y de empresarios, maquiladores y transportistas mexicanos, consider\u00f3 Ricardo Monreal.<\/p>\n<p>El coordinador de Organizaci\u00f3n y Enlace Territorial de Morena, expuso que se pierden millones de d\u00f3lares por tener varadas las unidades en la frontera con Estados Unidos para una revisi\u00f3n minuciosa inusual, ordenada por el gobernador de Taxas, Greg Abboott.<\/p>\n<p>Al respecto, Monreal consider\u00f3 necesario que nuestro pa\u00eds env\u00ede una carta diplom\u00e1tica, a trav\u00e9s de la Canciller\u00eda para inconf\u00f3rmese sobre tal acci\u00f3n, o tambi\u00e9n una misiva de parte de la Secretar\u00eda de Econom\u00eda, en el marco del T-MEC, o un comunicado legislativo diplom\u00e1tico del Senado mexicano dirigido al Senado norteamericano.<\/p>\n<p>Se trata de una acci\u00f3n intrusiva del mandatario estadounidense, que viola el acuerdo comercial entre M\u00e9xico, Estados Unidos y Canad\u00e1, cuyo documento no contempla esa medida.<\/p>\n<p>Monreal \u00c1vila dijo que en los 10 d\u00edas que lleva implementada la medida en la frontera texana, las p\u00e9rdidas ascienden a m\u00e1s de mil 500 millones de d\u00f3lares, lo que es en detrimento de la econom\u00eda de ambos pa\u00edses, aunque m\u00e1s de M\u00e9xico.<\/p>\n<p>Es necesario ser solidarios con la industria del transporte, con todas las personas que tienen a su cargo la exportaci\u00f3n de mercanc\u00edas y que est\u00e1n teniendo p\u00e9rdidas millonarias en la frontera de Ciudad Ju\u00e1rez.<\/p>\n<p>Se\u00f1al\u00f3 que es \u00e9poca electorera, \u00e9poca en que se busca reflectores y votos, con el \u00e1nimo de lograr espacios pol\u00edticos en detrimento de atacar a la econom\u00eda mexicana.<\/p>\n<p>*&#8211;oo00oo&#8211;*<\/p>\n","protected":false},"excerpt":{"rendered":"<p>M\u00e9xico no debe permitir que una decisi\u00f3n unilateral y violatoria del T-MEC, da\u00f1e la econom\u00eda nacional y de empresarios, maquiladores&#8230;<\/p>\n","protected":false},"author":1,"featured_media":0,"comment_status":"closed","ping_status":"closed","sticky":false,"template":"","format":"standard","meta":{"footnotes":""},"categories":[101,102,2960],"tags":[],"class_list":["post-206177","post","type-post","status-publish","format-standard","hentry","category-internacional","category-internacionales","category-migrantes"],"yoast_head":"<!-- This site is optimized with the Yoast SEO plugin v26.5 - https:\/\/yoast.com\/wordpress\/plugins\/seo\/ -->\n<title>Solidaridad con transportistas que pierden millones de d\u00f3lares varados en la frontera norte, pide Ricardo Monreal - NOTICIAS<\/title>\n<meta name=\"robots\" content=\"index, follow, max-snippet:-1, max-image-preview:large, max-video-preview:-1\" \/>\n<link rel=\"canonical\" href=\"https:\/\/laredsocial-noticias.com\/wp\/solidaridad-con-transportistas-que-pierden-millones-de-dolares-varados-en-la-frontera-norte-pide-ricardo-monreal\/\" \/>\n<meta property=\"og:locale\" content=\"es_ES\" \/>\n<meta property=\"og:type\" content=\"article\" \/>\n<meta property=\"og:title\" content=\"Solidaridad con transportistas que pierden millones de d\u00f3lares varados en la frontera norte, pide Ricardo Monreal - NOTICIAS\" \/>\n<meta property=\"og:description\" content=\"M\u00e9xico no debe permitir que una decisi\u00f3n unilateral y violatoria del T-MEC, da\u00f1e la econom\u00eda nacional y de empresarios, maquiladores...\" \/>\n<meta property=\"og:url\" content=\"https:\/\/laredsocial-noticias.com\/wp\/solidaridad-con-transportistas-que-pierden-millones-de-dolares-varados-en-la-frontera-norte-pide-ricardo-monreal\/\" \/>\n<meta property=\"og:site_name\" content=\"NOTICIAS\" \/>\n<meta property=\"article:published_time\" content=\"2023-10-01T00:42:59+00:00\" \/>\n<meta property=\"article:modified_time\" content=\"2023-10-01T00:48:40+00:00\" \/>\n<meta property=\"og:image\" content=\"https:\/\/laredsocial-noticias.com\/wp\/wp-content\/uploads\/2023\/09\/77cd0c82-422d-4845-b299-b505fa0f027d.jpeg\" \/>\n\t<meta property=\"og:image:width\" content=\"701\" \/>\n\t<meta property=\"og:image:height\" content=\"438\" \/>\n\t<meta property=\"og:image:type\" content=\"image\/jpeg\" \/>\n<meta name=\"author\" content=\"Editor en Jefe\" \/>\n<meta name=\"twitter:card\" content=\"summary_large_image\" \/>\n<meta name=\"twitter:label1\" content=\"Escrito por\" \/>\n\t<meta name=\"twitter:data1\" content=\"Editor en Jefe\" \/>\n\t<meta name=\"twitter:label2\" content=\"Tiempo de lectura\" \/>\n\t<meta name=\"twitter:data2\" content=\"2 minutos\" \/>\n<!-- \/ Yoast SEO plugin. -->","yoast_head_json":{"title":"Solidaridad con transportistas que pierden millones de d\u00f3lares varados en la frontera norte, pide Ricardo Monreal - NOTICIAS","robots":{"index":"index","follow":"follow","max-snippet":"max-snippet:-1","max-image-preview":"max-image-preview:large","max-video-preview":"max-video-preview:-1"},"canonical":"https:\/\/laredsocial-noticias.com\/wp\/solidaridad-con-transportistas-que-pierden-millones-de-dolares-varados-en-la-frontera-norte-pide-ricardo-monreal\/","og_locale":"es_ES","og_type":"article","og_title":"Solidaridad con transportistas que pierden millones de d\u00f3lares varados en la frontera norte, pide Ricardo Monreal - NOTICIAS","og_description":"M\u00e9xico no debe permitir que una decisi\u00f3n unilateral y violatoria del T-MEC, da\u00f1e la econom\u00eda nacional y de empresarios, maquiladores...","og_url":"https:\/\/laredsocial-noticias.com\/wp\/solidaridad-con-transportistas-que-pierden-millones-de-dolares-varados-en-la-frontera-norte-pide-ricardo-monreal\/","og_site_name":"NOTICIAS","article_published_time":"2023-10-01T00:42:59+00:00","article_modified_time":"2023-10-01T00:48:40+00:00","og_image":[{"width":701,"height":438,"url":"https:\/\/laredsocial-noticias.com\/wp\/wp-content\/uploads\/2023\/09\/77cd0c82-422d-4845-b299-b505fa0f027d.jpeg","type":"image\/jpeg"}],"author":"Editor en Jefe","twitter_card":"summary_large_image","twitter_misc":{"Escrito por":"Editor en Jefe","Tiempo de lectura":"2 minutos"},"schema":{"@context":"https:\/\/schema.org","@graph":[{"@type":"WebPage","@id":"https:\/\/laredsocial-noticias.com\/wp\/solidaridad-con-transportistas-que-pierden-millones-de-dolares-varados-en-la-frontera-norte-pide-ricardo-monreal\/","url":"https:\/\/laredsocial-noticias.com\/wp\/solidaridad-con-transportistas-que-pierden-millones-de-dolares-varados-en-la-frontera-norte-pide-ricardo-monreal\/","name":"Solidaridad con transportistas que pierden millones de d\u00f3lares varados en la frontera norte, pide Ricardo Monreal - NOTICIAS","isPartOf":{"@id":"https:\/\/laredsocial-noticias.com\/wp\/#website"},"primaryImageOfPage":{"@id":"https:\/\/laredsocial-noticias.com\/wp\/solidaridad-con-transportistas-que-pierden-millones-de-dolares-varados-en-la-frontera-norte-pide-ricardo-monreal\/#primaryimage"},"image":{"@id":"https:\/\/laredsocial-noticias.com\/wp\/solidaridad-con-transportistas-que-pierden-millones-de-dolares-varados-en-la-frontera-norte-pide-ricardo-monreal\/#primaryimage"},"thumbnailUrl":"https:\/\/laredsocial-noticias.com\/wp\/wp-content\/uploads\/2023\/09\/0943d842-87ed-40f5-a616-5b9cf04eb149-150x150.jpeg","datePublished":"2023-10-01T00:42:59+00:00","dateModified":"2023-10-01T00:48:40+00:00","author":{"@id":"https:\/\/laredsocial-noticias.com\/wp\/#\/schema\/person\/0ce78643f2de7aae6f6ef10e8453a6e0"},"breadcrumb":{"@id":"https:\/\/laredsocial-noticias.com\/wp\/solidaridad-con-transportistas-que-pierden-millones-de-dolares-varados-en-la-frontera-norte-pide-ricardo-monreal\/#breadcrumb"},"inLanguage":"es","potentialAction":[{"@type":"ReadAction","target":["https:\/\/laredsocial-noticias.com\/wp\/solidaridad-con-transportistas-que-pierden-millones-de-dolares-varados-en-la-frontera-norte-pide-ricardo-monreal\/"]}]},{"@type":"ImageObject","inLanguage":"es","@id":"https:\/\/laredsocial-noticias.com\/wp\/solidaridad-con-transportistas-que-pierden-millones-de-dolares-varados-en-la-frontera-norte-pide-ricardo-monreal\/#primaryimage","url":"https:\/\/laredsocial-noticias.com\/wp\/wp-content\/uploads\/2023\/09\/0943d842-87ed-40f5-a616-5b9cf04eb149-150x150.jpeg","contentUrl":"https:\/\/laredsocial-noticias.com\/wp\/wp-content\/uploads\/2023\/09\/0943d842-87ed-40f5-a616-5b9cf04eb149-150x150.jpeg"},{"@type":"BreadcrumbList","@id":"https:\/\/laredsocial-noticias.com\/wp\/solidaridad-con-transportistas-que-pierden-millones-de-dolares-varados-en-la-frontera-norte-pide-ricardo-monreal\/#breadcrumb","itemListElement":[{"@type":"ListItem","position":1,"name":"Portada","item":"https:\/\/laredsocial-noticias.com\/wp\/"},{"@type":"ListItem","position":2,"name":"Solidaridad con transportistas que pierden millones de d\u00f3lares varados en la frontera norte, pide Ricardo Monreal"}]},{"@type":"WebSite","@id":"https:\/\/laredsocial-noticias.com\/wp\/#website","url":"https:\/\/laredsocial-noticias.com\/wp\/","name":"NOTICIAS","description":"Lo que se ve y se dice en las redes sociales","potentialAction":[{"@type":"SearchAction","target":{"@type":"EntryPoint","urlTemplate":"https:\/\/laredsocial-noticias.com\/wp\/?s={search_term_string}"},"query-input":{"@type":"PropertyValueSpecification","valueRequired":true,"valueName":"search_term_string"}}],"inLanguage":"es"},{"@type":"Person","@id":"https:\/\/laredsocial-noticias.com\/wp\/#\/schema\/person\/0ce78643f2de7aae6f6ef10e8453a6e0","name":"Editor en Jefe","url":"https:\/\/laredsocial-noticias.com\/wp\/author\/jorgeochoa\/"}]}},"_links":{"self":[{"href":"https:\/\/laredsocial-noticias.com\/wp\/wp-json\/wp\/v2\/posts\/206177","targetHints":{"allow":["GET"]}}],"collection":[{"href":"https:\/\/laredsocial-noticias.com\/wp\/wp-json\/wp\/v2\/posts"}],"about":[{"href":"https:\/\/laredsocial-noticias.com\/wp\/wp-json\/wp\/v2\/types\/post"}],"author":[{"embeddable":true,"href":"https:\/\/laredsocial-noticias.com\/wp\/wp-json\/wp\/v2\/users\/1"}],"replies":[{"embeddable":true,"href":"https:\/\/laredsocial-noticias.com\/wp\/wp-json\/wp\/v2\/comments?post=206177"}],"version-history":[{"count":1,"href":"https:\/\/laredsocial-noticias.com\/wp\/wp-json\/wp\/v2\/posts\/206177\/revisions"}],"predecessor-version":[{"id":206180,"href":"https:\/\/laredsocial-noticias.com\/wp\/wp-json\/wp\/v2\/posts\/206177\/revisions\/206180"}],"wp:attachment":[{"href":"https:\/\/laredsocial-noticias.com\/wp\/wp-json\/wp\/v2\/media?parent=206177"}],"wp:term":[{"taxonomy":"category","embeddable":true,"href":"https:\/\/laredsocial-noticias.com\/wp\/wp-json\/wp\/v2\/categories?post=206177"},{"taxonomy":"post_tag","embeddable":true,"href":"https:\/\/laredsocial-noticias.com\/wp\/wp-json\/wp\/v2\/tags?post=206177"}],"curies":[{"name":"wp","href":"https:\/\/api.w.org\/{rel}","templated":true}]}}