{"id":20638,"date":"2016-08-02T21:00:01","date_gmt":"2016-08-03T02:00:01","guid":{"rendered":"http:\/\/laredsocial-noticias.com\/wp\/?p=20638"},"modified":"2016-08-02T19:56:40","modified_gmt":"2016-08-03T00:56:40","slug":"mexico-entre-los-50-paises-mas-afectados-por-la-pirateria-audiovisual","status":"publish","type":"post","link":"https:\/\/laredsocial-noticias.com\/wp\/mexico-entre-los-50-paises-mas-afectados-por-la-pirateria-audiovisual\/","title":{"rendered":"M\u00e9xico, entre los 50 pa\u00edses m\u00e1s afectados por la pirater\u00eda audiovisual"},"content":{"rendered":"<p><strong>CIUDAD DE M\u00c9XICO, 02 de agosto, (DIVISI\u00d3N DEL NORTE \/ C\u00cdRCULO DIGITAL).-\u00a0<\/strong>M\u00e9xico es uno de los 50 principales pa\u00edses que se ven afectados por la venta ap\u00f3crifa de materiales audiovisuales, destac\u00f3 la Unidad Especializada en Investigaci\u00f3n contra los Derechos de Autor y Propiedad Intelectual.<\/p>\n<div class=\"desarrollo\">\n<p>Durante el taller especializado en Derechos de Autor en el Cine enfocado al trabajo period\u00edstico, se abord\u00f3 el tema en voz de los especialistas: Ana Mar\u00eda Maga\u00f1a, directora general de Motion Picture Association-M\u00e9xico (MPA); Jacob Tolentino de la Unidad Especializada en Investigaci\u00f3n contra los Derechos de Autor y la Propiedad Intelectual, y el productor mexicano de pel\u00edculas y series, Leonardo Zimbr\u00f3n.<\/p>\n<p>Ana Mar\u00eda Maga\u00f1a, fue la encargada de dar una peque\u00f1a introducci\u00f3n sobre la importancia del derecho de autor y las v\u00edas para registrar una obra y que de esta forma evite el plagio.<\/p>\n<p>Explic\u00f3 que con el registro la obra queda protegida y en caso de que alguien viole los derechos o la saque en el comercio ilegal se pueden aplicar las sanciones correspondientes, \u201caunque en algunos casos el proceso de investigaci\u00f3n es lento, porque se tiene que comprobar el delito\u201d.<\/p>\n<p>\u201cEl problema de la pirater\u00eda sigue vigente\u201d, apunt\u00f3 Maga\u00f1a, al recordar que M\u00e9xico, seg\u00fan estudios hechos recientemente, se encuentra dentro de los principales 50 pa\u00edses que son afectados por este problema.<\/p>\n<p>La pirater\u00eda digital tambi\u00e9n ha arrojado cifras alarmantes donde se contabiliz\u00f3 un 78.5 por ciento de visitas ilegales a sitios de streaming, \u201cestamos implementando y buscando nuevos m\u00e9todos para combatir la ilegalidad en internet\u201d.<\/p>\n<p>\u201cHay muchos vac\u00edos en ese terreno, por ello tambi\u00e9n estamos reforzando las campa\u00f1as de concientizaci\u00f3n con el fin de que el p\u00fablico deje de comprar en el mercado ilegal\u201d, coment\u00f3.<\/p>\n<p>Al tiempo que se\u00f1al\u00f3 que en unos meses circular\u00e1 una campa\u00f1a en la que una personalidad ayudar\u00e1 a reforzar el mensaje y haga entender de una manera amable, que la pirater\u00eda da\u00f1a la industria y genera p\u00e9rdidas.<\/p>\n<p>Jacob Tolentino, de la Unidad Especializada en Investigaci\u00f3n contra los Derechos de Autor y la Propiedad Intelectual, revel\u00f3 que cerca de 43 mil millones de pesos es el costo aproximado que le cuesta al pa\u00eds la pirater\u00eda de manera anual.<\/p>\n<p>Cantidad que equivale a financiar durante todo un a\u00f1o la Universidad Nacional Aut\u00f3noma de M\u00e9xico (UNAM).<\/p>\n<p>Destac\u00f3 que en la actualidad la dependencia que representa se encuentra trabajando en la protecci\u00f3n de los derechos de autor y la propiedad industrial, esta \u00faltima que abarca marcas, patentes, dise\u00f1os y franquicias, etc.<\/p>\n<p>Reiter\u00f3 que se han dado a la tarea de investigar la pirater\u00eda por internet, donde ya comienzan a tener algunos resultados.<\/p>\n<p>En tanto, el productor Leonardo Zimbr\u00f3n tambi\u00e9n platic\u00f3 su experiencia en el ramo y la estrategia que han aplicado para evadir la pirater\u00eda, \u201cla gente tiene que entender que se da\u00f1a toda una industria\u201d.<\/p>\n<\/div>\n<p>&nbsp;<\/p>\n","protected":false},"excerpt":{"rendered":"<p>CIUDAD DE M\u00c9XICO, 02 de agosto, (DIVISI\u00d3N DEL NORTE \/ C\u00cdRCULO DIGITAL).-\u00a0M\u00e9xico es uno de los 50 principales pa\u00edses que&#8230;<\/p>\n","protected":false},"author":1,"featured_media":0,"comment_status":"closed","ping_status":"closed","sticky":false,"template":"","format":"standard","meta":{"footnotes":""},"categories":[1796,73],"tags":[162,77],"class_list":["post-20638","post","type-post","status-publish","format-standard","hentry","category-circulodigital","category-principal","tag-espectaculos","tag-principal"],"yoast_head":"<!-- This site is optimized with the Yoast SEO plugin v26.5 - https:\/\/yoast.com\/wordpress\/plugins\/seo\/ -->\n<title>M\u00e9xico, entre los 50 pa\u00edses m\u00e1s afectados por la pirater\u00eda audiovisual - NOTICIAS<\/title>\n<meta name=\"robots\" content=\"index, follow, max-snippet:-1, max-image-preview:large, max-video-preview:-1\" \/>\n<link rel=\"canonical\" href=\"https:\/\/laredsocial-noticias.com\/wp\/mexico-entre-los-50-paises-mas-afectados-por-la-pirateria-audiovisual\/\" \/>\n<meta property=\"og:locale\" content=\"es_ES\" \/>\n<meta property=\"og:type\" content=\"article\" \/>\n<meta property=\"og:title\" content=\"M\u00e9xico, entre los 50 pa\u00edses m\u00e1s afectados por la pirater\u00eda audiovisual - NOTICIAS\" \/>\n<meta property=\"og:description\" content=\"CIUDAD DE M\u00c9XICO, 02 de agosto, (DIVISI\u00d3N DEL NORTE \/ C\u00cdRCULO DIGITAL).-\u00a0M\u00e9xico es uno de los 50 principales pa\u00edses que...\" \/>\n<meta property=\"og:url\" content=\"https:\/\/laredsocial-noticias.com\/wp\/mexico-entre-los-50-paises-mas-afectados-por-la-pirateria-audiovisual\/\" \/>\n<meta property=\"og:site_name\" content=\"NOTICIAS\" \/>\n<meta property=\"article:published_time\" content=\"2016-08-03T02:00:01+00:00\" \/>\n<meta property=\"og:image\" content=\"https:\/\/laredsocial-noticias.com\/wp\/wp-content\/uploads\/2016\/08\/889_4329.jpg\" \/>\n\t<meta property=\"og:image:width\" content=\"500\" \/>\n\t<meta property=\"og:image:height\" content=\"339\" \/>\n\t<meta property=\"og:image:type\" content=\"image\/jpeg\" \/>\n<meta name=\"author\" content=\"Editor en Jefe\" \/>\n<meta name=\"twitter:card\" content=\"summary_large_image\" \/>\n<meta name=\"twitter:label1\" content=\"Escrito por\" \/>\n\t<meta name=\"twitter:data1\" content=\"Editor en Jefe\" \/>\n\t<meta name=\"twitter:label2\" content=\"Tiempo de lectura\" \/>\n\t<meta name=\"twitter:data2\" content=\"3 minutos\" \/>\n<!-- \/ Yoast SEO plugin. -->","yoast_head_json":{"title":"M\u00e9xico, entre los 50 pa\u00edses m\u00e1s afectados por la pirater\u00eda audiovisual - NOTICIAS","robots":{"index":"index","follow":"follow","max-snippet":"max-snippet:-1","max-image-preview":"max-image-preview:large","max-video-preview":"max-video-preview:-1"},"canonical":"https:\/\/laredsocial-noticias.com\/wp\/mexico-entre-los-50-paises-mas-afectados-por-la-pirateria-audiovisual\/","og_locale":"es_ES","og_type":"article","og_title":"M\u00e9xico, entre los 50 pa\u00edses m\u00e1s afectados por la pirater\u00eda audiovisual - NOTICIAS","og_description":"CIUDAD DE M\u00c9XICO, 02 de agosto, (DIVISI\u00d3N DEL NORTE \/ C\u00cdRCULO DIGITAL).-\u00a0M\u00e9xico es uno de los 50 principales pa\u00edses que...","og_url":"https:\/\/laredsocial-noticias.com\/wp\/mexico-entre-los-50-paises-mas-afectados-por-la-pirateria-audiovisual\/","og_site_name":"NOTICIAS","article_published_time":"2016-08-03T02:00:01+00:00","og_image":[{"width":500,"height":339,"url":"https:\/\/laredsocial-noticias.com\/wp\/wp-content\/uploads\/2016\/08\/889_4329.jpg","type":"image\/jpeg"}],"author":"Editor en Jefe","twitter_card":"summary_large_image","twitter_misc":{"Escrito por":"Editor en Jefe","Tiempo de lectura":"3 minutos"},"schema":{"@context":"https:\/\/schema.org","@graph":[{"@type":"WebPage","@id":"https:\/\/laredsocial-noticias.com\/wp\/mexico-entre-los-50-paises-mas-afectados-por-la-pirateria-audiovisual\/","url":"https:\/\/laredsocial-noticias.com\/wp\/mexico-entre-los-50-paises-mas-afectados-por-la-pirateria-audiovisual\/","name":"M\u00e9xico, entre los 50 pa\u00edses m\u00e1s afectados por la pirater\u00eda audiovisual - NOTICIAS","isPartOf":{"@id":"https:\/\/laredsocial-noticias.com\/wp\/#website"},"datePublished":"2016-08-03T02:00:01+00:00","author":{"@id":"https:\/\/laredsocial-noticias.com\/wp\/#\/schema\/person\/0ce78643f2de7aae6f6ef10e8453a6e0"},"breadcrumb":{"@id":"https:\/\/laredsocial-noticias.com\/wp\/mexico-entre-los-50-paises-mas-afectados-por-la-pirateria-audiovisual\/#breadcrumb"},"inLanguage":"es","potentialAction":[{"@type":"ReadAction","target":["https:\/\/laredsocial-noticias.com\/wp\/mexico-entre-los-50-paises-mas-afectados-por-la-pirateria-audiovisual\/"]}]},{"@type":"BreadcrumbList","@id":"https:\/\/laredsocial-noticias.com\/wp\/mexico-entre-los-50-paises-mas-afectados-por-la-pirateria-audiovisual\/#breadcrumb","itemListElement":[{"@type":"ListItem","position":1,"name":"Portada","item":"https:\/\/laredsocial-noticias.com\/wp\/"},{"@type":"ListItem","position":2,"name":"M\u00e9xico, entre los 50 pa\u00edses m\u00e1s afectados por la pirater\u00eda audiovisual"}]},{"@type":"WebSite","@id":"https:\/\/laredsocial-noticias.com\/wp\/#website","url":"https:\/\/laredsocial-noticias.com\/wp\/","name":"NOTICIAS","description":"Lo que se ve y se dice en las redes sociales","potentialAction":[{"@type":"SearchAction","target":{"@type":"EntryPoint","urlTemplate":"https:\/\/laredsocial-noticias.com\/wp\/?s={search_term_string}"},"query-input":{"@type":"PropertyValueSpecification","valueRequired":true,"valueName":"search_term_string"}}],"inLanguage":"es"},{"@type":"Person","@id":"https:\/\/laredsocial-noticias.com\/wp\/#\/schema\/person\/0ce78643f2de7aae6f6ef10e8453a6e0","name":"Editor en Jefe","url":"https:\/\/laredsocial-noticias.com\/wp\/author\/jorgeochoa\/"}]}},"_links":{"self":[{"href":"https:\/\/laredsocial-noticias.com\/wp\/wp-json\/wp\/v2\/posts\/20638","targetHints":{"allow":["GET"]}}],"collection":[{"href":"https:\/\/laredsocial-noticias.com\/wp\/wp-json\/wp\/v2\/posts"}],"about":[{"href":"https:\/\/laredsocial-noticias.com\/wp\/wp-json\/wp\/v2\/types\/post"}],"author":[{"embeddable":true,"href":"https:\/\/laredsocial-noticias.com\/wp\/wp-json\/wp\/v2\/users\/1"}],"replies":[{"embeddable":true,"href":"https:\/\/laredsocial-noticias.com\/wp\/wp-json\/wp\/v2\/comments?post=20638"}],"version-history":[{"count":1,"href":"https:\/\/laredsocial-noticias.com\/wp\/wp-json\/wp\/v2\/posts\/20638\/revisions"}],"predecessor-version":[{"id":20639,"href":"https:\/\/laredsocial-noticias.com\/wp\/wp-json\/wp\/v2\/posts\/20638\/revisions\/20639"}],"wp:attachment":[{"href":"https:\/\/laredsocial-noticias.com\/wp\/wp-json\/wp\/v2\/media?parent=20638"}],"wp:term":[{"taxonomy":"category","embeddable":true,"href":"https:\/\/laredsocial-noticias.com\/wp\/wp-json\/wp\/v2\/categories?post=20638"},{"taxonomy":"post_tag","embeddable":true,"href":"https:\/\/laredsocial-noticias.com\/wp\/wp-json\/wp\/v2\/tags?post=20638"}],"curies":[{"name":"wp","href":"https:\/\/api.w.org\/{rel}","templated":true}]}}