{"id":206801,"date":"2023-10-09T14:03:59","date_gmt":"2023-10-09T20:03:59","guid":{"rendered":"https:\/\/laredsocial-noticias.com\/wp\/?p=206801"},"modified":"2023-10-09T14:03:59","modified_gmt":"2023-10-09T20:03:59","slug":"de-la-ciudad-nuevo-canal-de-educacion-y-comunicacion-rural","status":"publish","type":"post","link":"https:\/\/laredsocial-noticias.com\/wp\/de-la-ciudad-nuevo-canal-de-educacion-y-comunicacion-rural\/","title":{"rendered":"De la Ciudad&#8230; Nuevo Canal de Educaci\u00f3n y Comunicaci\u00f3n Rural"},"content":{"rendered":"<p><strong><img loading=\"lazy\" decoding=\"async\" class=\"alignnone size-full wp-image-165469\" src=\"https:\/\/laredsocial-noticias.com\/wp\/wp-content\/uploads\/2022\/04\/foto.gpb_.traje_.escritoio.bandera.jpg\" alt=\"\" width=\"108\" height=\"120\" \/><\/strong><\/p>\n<p><strong>\u00a0<\/strong><strong>Nuevo Canal de Educaci\u00f3n y Comunicaci\u00f3n Rural<\/strong><\/p>\n<p><strong>Por Guillermo Pimentel Balderas<\/strong><\/p>\n<p>Un esfuerzo reconocido. Demos a conocer cuestiones m\u00e1s sustanciales y agradables<strong>. Nos referimos al nuevo Canal de Educaci\u00f3n y Comunicaci\u00f3n Rural:<\/strong> <strong>DrUcTeVe <\/strong>que, es una iniciativa del Dr. Cruz Alberto Uc Hern\u00e1ndez, que utiliza las plataformas de redes sociales m\u00e1s populares, con la finalidad de comprender el problema rural, a partir de generar esta discusi\u00f3n necesaria para incidir en el dise\u00f1o de las pol\u00edticas p\u00fablicas rurales.<\/p>\n<p>\u201cSu principal objetivo -comento a este columnista- es democratizar el conocimiento, para que los peque\u00f1os y medianos productores rurales, consumidores de las clases medias y menos favorecidas, estudiantes, funcionarios p\u00fablicos y en general todos aquellos que est\u00e9n interesados en los problemas econ\u00f3micos de M\u00e9xico y en particular de la econom\u00eda rural, cuenten con informaci\u00f3n profesional de calidad, que nos ayude a tomar las mejores decisiones en el \u00e1mbito p\u00fablico y privado\u201d.<\/p>\n<p>As\u00ed mismo, destaca, busca constituir un canal de interlocuci\u00f3n con la sociedad civil, para luchar por la defensa de los derechos humanos, ante los embates injustos perpetrados desde el poder p\u00fablico. \u201cSobre todo, cuando no se tiene acceso a los canales tradicionales de comunicaci\u00f3n ni acceso a la agenda de gobierno\u201d.<\/p>\n<p>Cabe se\u00f1alar que <strong>DrUcTeVe<\/strong> cuenta con tres secciones: <strong>Econom\u00eda para todos<\/strong>, que es un canal educativo, para comprender el pensamiento econ\u00f3mico y sus instrumentos qu\u00e9 se usan en pol\u00edtica p\u00fablica y en el desarrollo de productores y consumidores.<\/p>\n<p><strong>Reforma rural<\/strong>. Secci\u00f3n qu\u00e9 analiza los problemas rurales y propone soluciones a los grandes problemas nacionales. Canal de cr\u00edtica a las pol\u00edticas p\u00fablicas y, <strong>Observatorio rural<\/strong>. Secci\u00f3n que visibiliza los agravios que se generan desde el poder p\u00fablico en contra de la sociedad. \u00a1Enhorabuena y suerte!<\/p>\n<p>Por cierto, Cruz Alberto Uc Hern\u00e1ndez es Doctor en Econom\u00eda Agr\u00edcola, egresado de la Universidad Aut\u00f3noma Chapingo, presidente de la Federaci\u00f3n de Colegios de Agr\u00f3nomos de la Rep\u00fablica Mexicana, entre otras importantes responsabilidades. Es perseguido pol\u00edtico del actual r\u00e9gimen. Se\u00f1alado injustamente, con <strong>sa\u00f1a gubernamental y avasallamiento por parte de la Secretaria de la Funci\u00f3n P\u00fablica y del Tribunal Federal de Justicia Administrativa.<\/strong><\/p>\n<p><strong>Otras fichas<\/strong><\/p>\n<p>Por cierto, el ingeniero agr\u00f3nomo H\u00e9ctor Carlos Salazar Arriaga, nos confirma que en el caso de la importaci\u00f3n de ma\u00edz transg\u00e9nico, las declaraciones de la Secretaria de Agricultura no influyen, pues el TEMEC es un acuerdo supranacional y las controversias comerciales como esta, se defienden con evidencias cient\u00edficas, no con declaraciones de organizaciones que, adem\u00e1s, tienen una base social ficticia, manipulada por V\u00edctor Suarez Carrera, y adelante, San Vicente y los ambientalistas fan\u00e1ticos de siempre que rodean al pestilente presidente. El papel de la importaci\u00f3n del ma\u00edz transg\u00e9nico\u00a0 esta perdido, refut\u00f3.<\/p>\n<p>Estos conceptos del tambi\u00e9n acad\u00e9mico de la <em>Universidad<\/em>\u00a0Aut\u00f3noma Agraria\u00a0<em>Antonio Narro<\/em> y productor coahuilense, es con relaci\u00f3n a otro bolet\u00edn triunfalista de la Sader, que afirma que como resultado de las jornadas de di\u00e1logo durante el \u201cEncuentro nacional de ma\u00edces nativos, realizado del 27 al 29 de septiembre\u201d (de este a\u00f1o), productores de Producci\u00f3n para el Bienestar emitieron una declaratoria donde demandan la protecci\u00f3n y promoci\u00f3n de los ma\u00edces nacidos en M\u00e9xico con el respaldo al decreto presidencial del 13 de febrero de 2023, sobre ma\u00edz transg\u00e9nico, glifosato y transici\u00f3n agroecol\u00f3gica. \u00a1Otro bolet\u00edn triunfalista!<\/p>\n<p><strong>Dice mi abuelita: Mart\u00ed Batres<\/strong>, interino como jefe de Gobierno de la\u00a0Ciudad de M\u00e9xico,\u00a0emula a su \u201cJefe\u201d y a su \u201cJefa\u201d. \u00a1Mentir para convencer! \u00a1\u00d3rale!<\/p>\n<p>Correo: <a href=\"mailto:delaciudad1951@gmail.com\">delaciudad1951@gmail.com<\/a><\/p>\n<p>&nbsp;<\/p>\n","protected":false},"excerpt":{"rendered":"<p>\u00a0Nuevo Canal de Educaci\u00f3n y Comunicaci\u00f3n Rural Por Guillermo Pimentel Balderas Un esfuerzo reconocido. Demos a conocer cuestiones m\u00e1s sustanciales&#8230;<\/p>\n","protected":false},"author":10,"featured_media":0,"comment_status":"closed","ping_status":"closed","sticky":false,"template":"","format":"standard","meta":{"footnotes":""},"categories":[11380,11736],"tags":[],"class_list":["post-206801","post","type-post","status-publish","format-standard","hentry","category-columna-de-la-ciudad","category-columnistas"],"yoast_head":"<!-- This site is optimized with the Yoast SEO plugin v26.5 - https:\/\/yoast.com\/wordpress\/plugins\/seo\/ -->\n<title>De la Ciudad... Nuevo Canal de Educaci\u00f3n y Comunicaci\u00f3n Rural - NOTICIAS<\/title>\n<meta name=\"robots\" content=\"index, follow, max-snippet:-1, max-image-preview:large, max-video-preview:-1\" \/>\n<link rel=\"canonical\" href=\"https:\/\/laredsocial-noticias.com\/wp\/de-la-ciudad-nuevo-canal-de-educacion-y-comunicacion-rural\/\" \/>\n<meta property=\"og:locale\" content=\"es_ES\" \/>\n<meta property=\"og:type\" content=\"article\" \/>\n<meta property=\"og:title\" content=\"De la Ciudad... Nuevo Canal de Educaci\u00f3n y Comunicaci\u00f3n Rural - NOTICIAS\" \/>\n<meta property=\"og:description\" content=\"\u00a0Nuevo Canal de Educaci\u00f3n y Comunicaci\u00f3n Rural Por Guillermo Pimentel Balderas Un esfuerzo reconocido. Demos a conocer cuestiones m\u00e1s sustanciales...\" \/>\n<meta property=\"og:url\" content=\"https:\/\/laredsocial-noticias.com\/wp\/de-la-ciudad-nuevo-canal-de-educacion-y-comunicacion-rural\/\" \/>\n<meta property=\"og:site_name\" content=\"NOTICIAS\" \/>\n<meta property=\"article:published_time\" content=\"2023-10-09T20:03:59+00:00\" \/>\n<meta property=\"og:image\" content=\"https:\/\/laredsocial-noticias.com\/wp\/wp-content\/uploads\/2023\/05\/dr.-uc-maiz.jpg\" \/>\n\t<meta property=\"og:image:width\" content=\"2048\" \/>\n\t<meta property=\"og:image:height\" content=\"1536\" \/>\n\t<meta property=\"og:image:type\" content=\"image\/jpeg\" \/>\n<meta name=\"author\" content=\"Guillermo Pimentel\" \/>\n<meta name=\"twitter:card\" content=\"summary_large_image\" \/>\n<meta name=\"twitter:label1\" content=\"Escrito por\" \/>\n\t<meta name=\"twitter:data1\" content=\"Guillermo Pimentel\" \/>\n\t<meta name=\"twitter:label2\" content=\"Tiempo de lectura\" \/>\n\t<meta name=\"twitter:data2\" content=\"3 minutos\" \/>\n<!-- \/ Yoast SEO plugin. -->","yoast_head_json":{"title":"De la Ciudad... Nuevo Canal de Educaci\u00f3n y Comunicaci\u00f3n Rural - NOTICIAS","robots":{"index":"index","follow":"follow","max-snippet":"max-snippet:-1","max-image-preview":"max-image-preview:large","max-video-preview":"max-video-preview:-1"},"canonical":"https:\/\/laredsocial-noticias.com\/wp\/de-la-ciudad-nuevo-canal-de-educacion-y-comunicacion-rural\/","og_locale":"es_ES","og_type":"article","og_title":"De la Ciudad... Nuevo Canal de Educaci\u00f3n y Comunicaci\u00f3n Rural - NOTICIAS","og_description":"\u00a0Nuevo Canal de Educaci\u00f3n y Comunicaci\u00f3n Rural Por Guillermo Pimentel Balderas Un esfuerzo reconocido. Demos a conocer cuestiones m\u00e1s sustanciales...","og_url":"https:\/\/laredsocial-noticias.com\/wp\/de-la-ciudad-nuevo-canal-de-educacion-y-comunicacion-rural\/","og_site_name":"NOTICIAS","article_published_time":"2023-10-09T20:03:59+00:00","og_image":[{"width":2048,"height":1536,"url":"https:\/\/laredsocial-noticias.com\/wp\/wp-content\/uploads\/2023\/05\/dr.-uc-maiz.jpg","type":"image\/jpeg"}],"author":"Guillermo Pimentel","twitter_card":"summary_large_image","twitter_misc":{"Escrito por":"Guillermo Pimentel","Tiempo de lectura":"3 minutos"},"schema":{"@context":"https:\/\/schema.org","@graph":[{"@type":"WebPage","@id":"https:\/\/laredsocial-noticias.com\/wp\/de-la-ciudad-nuevo-canal-de-educacion-y-comunicacion-rural\/","url":"https:\/\/laredsocial-noticias.com\/wp\/de-la-ciudad-nuevo-canal-de-educacion-y-comunicacion-rural\/","name":"De la Ciudad... Nuevo Canal de Educaci\u00f3n y Comunicaci\u00f3n Rural - NOTICIAS","isPartOf":{"@id":"https:\/\/laredsocial-noticias.com\/wp\/#website"},"primaryImageOfPage":{"@id":"https:\/\/laredsocial-noticias.com\/wp\/de-la-ciudad-nuevo-canal-de-educacion-y-comunicacion-rural\/#primaryimage"},"image":{"@id":"https:\/\/laredsocial-noticias.com\/wp\/de-la-ciudad-nuevo-canal-de-educacion-y-comunicacion-rural\/#primaryimage"},"thumbnailUrl":"https:\/\/laredsocial-noticias.com\/wp\/wp-content\/uploads\/2022\/04\/foto.gpb_.traje_.escritoio.bandera.jpg","datePublished":"2023-10-09T20:03:59+00:00","author":{"@id":"https:\/\/laredsocial-noticias.com\/wp\/#\/schema\/person\/9c09eb8c35c46dac6d30e2baff4b64d6"},"breadcrumb":{"@id":"https:\/\/laredsocial-noticias.com\/wp\/de-la-ciudad-nuevo-canal-de-educacion-y-comunicacion-rural\/#breadcrumb"},"inLanguage":"es","potentialAction":[{"@type":"ReadAction","target":["https:\/\/laredsocial-noticias.com\/wp\/de-la-ciudad-nuevo-canal-de-educacion-y-comunicacion-rural\/"]}]},{"@type":"ImageObject","inLanguage":"es","@id":"https:\/\/laredsocial-noticias.com\/wp\/de-la-ciudad-nuevo-canal-de-educacion-y-comunicacion-rural\/#primaryimage","url":"","contentUrl":""},{"@type":"BreadcrumbList","@id":"https:\/\/laredsocial-noticias.com\/wp\/de-la-ciudad-nuevo-canal-de-educacion-y-comunicacion-rural\/#breadcrumb","itemListElement":[{"@type":"ListItem","position":1,"name":"Portada","item":"https:\/\/laredsocial-noticias.com\/wp\/"},{"@type":"ListItem","position":2,"name":"De la Ciudad&#8230; Nuevo Canal de Educaci\u00f3n y Comunicaci\u00f3n Rural"}]},{"@type":"WebSite","@id":"https:\/\/laredsocial-noticias.com\/wp\/#website","url":"https:\/\/laredsocial-noticias.com\/wp\/","name":"NOTICIAS","description":"Lo que se ve y se dice en las redes sociales","potentialAction":[{"@type":"SearchAction","target":{"@type":"EntryPoint","urlTemplate":"https:\/\/laredsocial-noticias.com\/wp\/?s={search_term_string}"},"query-input":{"@type":"PropertyValueSpecification","valueRequired":true,"valueName":"search_term_string"}}],"inLanguage":"es"},{"@type":"Person","@id":"https:\/\/laredsocial-noticias.com\/wp\/#\/schema\/person\/9c09eb8c35c46dac6d30e2baff4b64d6","name":"Guillermo Pimentel","url":"https:\/\/laredsocial-noticias.com\/wp\/author\/guillermo\/"}]}},"_links":{"self":[{"href":"https:\/\/laredsocial-noticias.com\/wp\/wp-json\/wp\/v2\/posts\/206801","targetHints":{"allow":["GET"]}}],"collection":[{"href":"https:\/\/laredsocial-noticias.com\/wp\/wp-json\/wp\/v2\/posts"}],"about":[{"href":"https:\/\/laredsocial-noticias.com\/wp\/wp-json\/wp\/v2\/types\/post"}],"author":[{"embeddable":true,"href":"https:\/\/laredsocial-noticias.com\/wp\/wp-json\/wp\/v2\/users\/10"}],"replies":[{"embeddable":true,"href":"https:\/\/laredsocial-noticias.com\/wp\/wp-json\/wp\/v2\/comments?post=206801"}],"version-history":[{"count":1,"href":"https:\/\/laredsocial-noticias.com\/wp\/wp-json\/wp\/v2\/posts\/206801\/revisions"}],"predecessor-version":[{"id":206802,"href":"https:\/\/laredsocial-noticias.com\/wp\/wp-json\/wp\/v2\/posts\/206801\/revisions\/206802"}],"wp:attachment":[{"href":"https:\/\/laredsocial-noticias.com\/wp\/wp-json\/wp\/v2\/media?parent=206801"}],"wp:term":[{"taxonomy":"category","embeddable":true,"href":"https:\/\/laredsocial-noticias.com\/wp\/wp-json\/wp\/v2\/categories?post=206801"},{"taxonomy":"post_tag","embeddable":true,"href":"https:\/\/laredsocial-noticias.com\/wp\/wp-json\/wp\/v2\/tags?post=206801"}],"curies":[{"name":"wp","href":"https:\/\/api.w.org\/{rel}","templated":true}]}}