{"id":207298,"date":"2023-10-16T00:26:57","date_gmt":"2023-10-16T06:26:57","guid":{"rendered":"https:\/\/laredsocial-noticias.com\/wp\/?p=207298"},"modified":"2023-10-16T00:26:59","modified_gmt":"2023-10-16T06:26:59","slug":"filantropia-alianzas-a-largo-plazo","status":"publish","type":"post","link":"https:\/\/laredsocial-noticias.com\/wp\/filantropia-alianzas-a-largo-plazo\/","title":{"rendered":"FILANTROP\u00cdA\/ Alianzas a largo plazo"},"content":{"rendered":"<p><strong>Por Felipe Vega, fundador de CECANI, empresa de ense\u00f1anza y divulgaci\u00f3n de asociaciones, ONG\u2019s y otras figuras no lucrativas.<\/strong><br \/>\nExiste una alianza tradicional: los organismos del Tercer Sector con las escuelas.<br \/>\nLas organizaciones sin fines de lucro se asocian regularmente con las escuelas en una variedad de iniciativas que van de la ejecuci\u00f3n de programas de m\u00fasica y arte a servicios dentales, entrega de alimentos y otros recursos. Estas alianzas son especialmente cr\u00edticas para las escuelas de comunidades de escasos recursos, que de otro modo podr\u00edan tener dificultades para proporcionar a los estudiantes estos beneficios.<br \/>\nSin embargo, mantener estas asociaciones es complejo y de una temporalidad muy baja.<br \/>\nEn una era de escuelas con problemas de liquidez, es importante comprender lo que implica una asociaci\u00f3n a largo plazo. &#8220;Las escuelas p\u00fablicas y otras enfrentan restricciones presupuestarias, por lo que es importante pensar en c\u00f3mo mantener las alianzas con ONG\u2019s.<br \/>\nEn distintos estudios se encontr\u00f3 que un factor que influ\u00eda en la permanencia de los programas conjuntos estaba determinado por la percepci\u00f3n de valor material que la alianza representaba para las escuelas. Entre m\u00e1s \u201ccaro\u201d era el bien recibido, m\u00e1s posibilidades de cuidar y apoyar la alianza.<br \/>\nLa continuidad de la relaci\u00f3n tiene mucho que ver con lo &#8220;caros&#8221; que los administradores escolares perciben que son los programas, tanto en t\u00e9rminos de recursos como de tiempo. La flexibilidad tambi\u00e9n juega un rol prioritario en la permanencia del programa. Los costos fijos a lo largo de la relaci\u00f3n tienden a no propiciar la vinculaci\u00f3n mientras la flexibilidad act\u00faa como \u201cpegamento\u201d de la relaci\u00f3n.<br \/>\nVeamos: A pesar de que las escuelas son las beneficiarias de los programas de arte y las campa\u00f1as de recolecci\u00f3n de \u00fatiles escolares que ofrecen las organizaciones asociadas, las asociaciones no son &#8220;gratuitas&#8221; para las escuelas involucradas.<br \/>\nHay costos m\u00e1s sencillos, como los costos financieros para llevar a cabo el transporte de los estudiantes a un programa sin fines de lucro. Pero tambi\u00e9n hay costos administrativos y de coordinaci\u00f3n que pueden ser m\u00e1s dif\u00edciles de cuantificar, pero que afectan el \u00e9xito de la relaci\u00f3n, como completar el papeleo o reclutar voluntarios que ayuden a ejecutar los programas.<br \/>\nAl estudiarse la percepci\u00f3n de estos costos en los administradores se encontr\u00f3 que no ten\u00edan un valor preponderante los costos reales sino los percibidos.<br \/>\nCuando las escuelas abordaban una relaci\u00f3n con una organizaci\u00f3n sin fines de lucro con un enfoque flexible de los costos y, por lo tanto, sujetas a discusiones y negociaciones peri\u00f3dicas, la asociaci\u00f3n tend\u00eda a durar. Tambi\u00e9n el enfoque a largo plazo tend\u00eda a fortalecer la alianza entre el organismo del Tercer Sector y la escuela.<\/p>\n","protected":false},"excerpt":{"rendered":"<p>Por Felipe Vega, fundador de CECANI, empresa de ense\u00f1anza y divulgaci\u00f3n de asociaciones, ONG\u2019s y otras figuras no lucrativas. Existe&#8230;<\/p>\n","protected":false},"author":1,"featured_media":0,"comment_status":"open","ping_status":"closed","sticky":false,"template":"","format":"standard","meta":{"footnotes":""},"categories":[78,1726],"tags":[14058,4959,14040,14057,77],"class_list":["post-207298","post","type-post","status-publish","format-standard","hentry","category-nacional","category-nacionales","tag-cecani","tag-featured","tag-felipe-vega","tag-filantropia","tag-principal"],"yoast_head":"<!-- This site is optimized with the Yoast SEO plugin v26.5 - https:\/\/yoast.com\/wordpress\/plugins\/seo\/ -->\n<title>FILANTROP\u00cdA\/ Alianzas a largo plazo - NOTICIAS<\/title>\n<meta name=\"robots\" content=\"index, follow, max-snippet:-1, max-image-preview:large, max-video-preview:-1\" \/>\n<link rel=\"canonical\" href=\"https:\/\/laredsocial-noticias.com\/wp\/filantropia-alianzas-a-largo-plazo\/\" \/>\n<meta property=\"og:locale\" content=\"es_ES\" \/>\n<meta property=\"og:type\" content=\"article\" \/>\n<meta property=\"og:title\" content=\"FILANTROP\u00cdA\/ Alianzas a largo plazo - NOTICIAS\" \/>\n<meta property=\"og:description\" content=\"Por Felipe Vega, fundador de CECANI, empresa de ense\u00f1anza y divulgaci\u00f3n de asociaciones, ONG\u2019s y otras figuras no lucrativas. Existe...\" \/>\n<meta property=\"og:url\" content=\"https:\/\/laredsocial-noticias.com\/wp\/filantropia-alianzas-a-largo-plazo\/\" \/>\n<meta property=\"og:site_name\" content=\"NOTICIAS\" \/>\n<meta property=\"article:published_time\" content=\"2023-10-16T06:26:57+00:00\" \/>\n<meta property=\"article:modified_time\" content=\"2023-10-16T06:26:59+00:00\" \/>\n<meta name=\"author\" content=\"Editor en Jefe\" \/>\n<meta name=\"twitter:card\" content=\"summary_large_image\" \/>\n<meta name=\"twitter:label1\" content=\"Escrito por\" \/>\n\t<meta name=\"twitter:data1\" content=\"Editor en Jefe\" \/>\n\t<meta name=\"twitter:label2\" content=\"Tiempo de lectura\" \/>\n\t<meta name=\"twitter:data2\" content=\"2 minutos\" \/>\n<!-- \/ Yoast SEO plugin. -->","yoast_head_json":{"title":"FILANTROP\u00cdA\/ Alianzas a largo plazo - NOTICIAS","robots":{"index":"index","follow":"follow","max-snippet":"max-snippet:-1","max-image-preview":"max-image-preview:large","max-video-preview":"max-video-preview:-1"},"canonical":"https:\/\/laredsocial-noticias.com\/wp\/filantropia-alianzas-a-largo-plazo\/","og_locale":"es_ES","og_type":"article","og_title":"FILANTROP\u00cdA\/ Alianzas a largo plazo - NOTICIAS","og_description":"Por Felipe Vega, fundador de CECANI, empresa de ense\u00f1anza y divulgaci\u00f3n de asociaciones, ONG\u2019s y otras figuras no lucrativas. Existe...","og_url":"https:\/\/laredsocial-noticias.com\/wp\/filantropia-alianzas-a-largo-plazo\/","og_site_name":"NOTICIAS","article_published_time":"2023-10-16T06:26:57+00:00","article_modified_time":"2023-10-16T06:26:59+00:00","author":"Editor en Jefe","twitter_card":"summary_large_image","twitter_misc":{"Escrito por":"Editor en Jefe","Tiempo de lectura":"2 minutos"},"schema":{"@context":"https:\/\/schema.org","@graph":[{"@type":"WebPage","@id":"https:\/\/laredsocial-noticias.com\/wp\/filantropia-alianzas-a-largo-plazo\/","url":"https:\/\/laredsocial-noticias.com\/wp\/filantropia-alianzas-a-largo-plazo\/","name":"FILANTROP\u00cdA\/ Alianzas a largo plazo - NOTICIAS","isPartOf":{"@id":"https:\/\/laredsocial-noticias.com\/wp\/#website"},"datePublished":"2023-10-16T06:26:57+00:00","dateModified":"2023-10-16T06:26:59+00:00","author":{"@id":"https:\/\/laredsocial-noticias.com\/wp\/#\/schema\/person\/0ce78643f2de7aae6f6ef10e8453a6e0"},"breadcrumb":{"@id":"https:\/\/laredsocial-noticias.com\/wp\/filantropia-alianzas-a-largo-plazo\/#breadcrumb"},"inLanguage":"es","potentialAction":[{"@type":"ReadAction","target":["https:\/\/laredsocial-noticias.com\/wp\/filantropia-alianzas-a-largo-plazo\/"]}]},{"@type":"BreadcrumbList","@id":"https:\/\/laredsocial-noticias.com\/wp\/filantropia-alianzas-a-largo-plazo\/#breadcrumb","itemListElement":[{"@type":"ListItem","position":1,"name":"Portada","item":"https:\/\/laredsocial-noticias.com\/wp\/"},{"@type":"ListItem","position":2,"name":"FILANTROP\u00cdA\/ Alianzas a largo plazo"}]},{"@type":"WebSite","@id":"https:\/\/laredsocial-noticias.com\/wp\/#website","url":"https:\/\/laredsocial-noticias.com\/wp\/","name":"NOTICIAS","description":"Lo que se ve y se dice en las redes sociales","potentialAction":[{"@type":"SearchAction","target":{"@type":"EntryPoint","urlTemplate":"https:\/\/laredsocial-noticias.com\/wp\/?s={search_term_string}"},"query-input":{"@type":"PropertyValueSpecification","valueRequired":true,"valueName":"search_term_string"}}],"inLanguage":"es"},{"@type":"Person","@id":"https:\/\/laredsocial-noticias.com\/wp\/#\/schema\/person\/0ce78643f2de7aae6f6ef10e8453a6e0","name":"Editor en Jefe","url":"https:\/\/laredsocial-noticias.com\/wp\/author\/jorgeochoa\/"}]}},"_links":{"self":[{"href":"https:\/\/laredsocial-noticias.com\/wp\/wp-json\/wp\/v2\/posts\/207298","targetHints":{"allow":["GET"]}}],"collection":[{"href":"https:\/\/laredsocial-noticias.com\/wp\/wp-json\/wp\/v2\/posts"}],"about":[{"href":"https:\/\/laredsocial-noticias.com\/wp\/wp-json\/wp\/v2\/types\/post"}],"author":[{"embeddable":true,"href":"https:\/\/laredsocial-noticias.com\/wp\/wp-json\/wp\/v2\/users\/1"}],"replies":[{"embeddable":true,"href":"https:\/\/laredsocial-noticias.com\/wp\/wp-json\/wp\/v2\/comments?post=207298"}],"version-history":[{"count":1,"href":"https:\/\/laredsocial-noticias.com\/wp\/wp-json\/wp\/v2\/posts\/207298\/revisions"}],"predecessor-version":[{"id":207299,"href":"https:\/\/laredsocial-noticias.com\/wp\/wp-json\/wp\/v2\/posts\/207298\/revisions\/207299"}],"wp:attachment":[{"href":"https:\/\/laredsocial-noticias.com\/wp\/wp-json\/wp\/v2\/media?parent=207298"}],"wp:term":[{"taxonomy":"category","embeddable":true,"href":"https:\/\/laredsocial-noticias.com\/wp\/wp-json\/wp\/v2\/categories?post=207298"},{"taxonomy":"post_tag","embeddable":true,"href":"https:\/\/laredsocial-noticias.com\/wp\/wp-json\/wp\/v2\/tags?post=207298"}],"curies":[{"name":"wp","href":"https:\/\/api.w.org\/{rel}","templated":true}]}}