{"id":208341,"date":"2023-10-30T06:00:03","date_gmt":"2023-10-30T12:00:03","guid":{"rendered":"https:\/\/laredsocial-noticias.com\/wp\/?p=208341"},"modified":"2023-10-29T19:50:30","modified_gmt":"2023-10-30T01:50:30","slug":"tras-bambalinas-como-anillo-al-dedo","status":"publish","type":"post","link":"https:\/\/laredsocial-noticias.com\/wp\/tras-bambalinas-como-anillo-al-dedo\/","title":{"rendered":"TRAS BAMBALINAS. Como anillo al dedo."},"content":{"rendered":"<p>Por JORGE OCTAVIO OCHOA. El rostro m\u00e1s infame de la tragedia, se vio, como era de esperarse, en nuestra clase pol\u00edtica. No fueron s\u00f3lo las hordas que asaltaron literalmente las tiendas para robar enseres dom\u00e9sticos, sino las expresiones y los rostros de la manipulaci\u00f3n y la mentira antes, durante y despu\u00e9s del hurac\u00e1n.<\/p>\n<p>La ma\u00f1ana de ese d\u00eda, 10 horas antes del cataclismo, se sab\u00eda del tama\u00f1o del monstruo que se acercaba por el pac\u00edfico. Autoridades francesas ya hab\u00edan alertado a sus conciudadanos sobre el crecimiento de \u201cOtis\u201d en M\u00e9xico. El Centro Nacional de Huracanes de Estados Unidos avis\u00f3 21 horas antes de su poder devastador.<\/p>\n<p>Sin embargo, en el estado de Guerrero, a la gobernadora Evelyn Salgado, poco le import\u00f3. La noche del desastre hab\u00eda una Convenci\u00f3n Internacional Minera, que ser\u00eda encabezada por ella en el glamoroso centro tur\u00edstico Mundo Imperial, donde ya estaban acreditados miles de invitados, conferencistas, periodistas.<\/p>\n<p>La inauguraci\u00f3n estaba prevista para las 18:00 horas del martes 24, con la presencia de la mandataria, pero poco antes del inicio, el gobierno del estado inform\u00f3 de la cancelaci\u00f3n \u00a1pero no del evento! s\u00f3lo de la presencia de ella. Los organizadores, a su vez, anunciaron la suspensi\u00f3n de los trabajos.<\/p>\n<p>No hubo recomendaciones, ni orientaci\u00f3n del gobierno del estado sobre qu\u00e9 hacer ante el aciago momento que se avecinaba. En la Ciudad de M\u00e9xico, el presidente L\u00f3pez Obrador s\u00f3lo hizo una menci\u00f3n insulsa en la \u201cMa\u00f1anera\u201d, y por la noche, a las 20 horas, escribi\u00f3 un Twitt, sobre \u201ctomar precauciones\u201d<\/p>\n<p>Por el grado de estulticia con que respondi\u00f3 el presidente Andr\u00e9s Manuel L\u00f3pez Obrador y el descuido con que sali\u00f3 la ma\u00f1ana del martes rumbo al puerto de Acapulco, era evidente que el gobierno federal en su conjunto, hab\u00eda desestimado o calculado mal el nivel de la emergencia.<\/p>\n<p>Esto fue evidente por tres hechos, no palabras:<\/p>\n<p>1.- No llevaba una escolta especial, pero s\u00ed a los secretarios de Defensa, Marina, Seguridad Nacional, lo que signific\u00f3 un riesgo innecesario de seguridad interna para el pa\u00eds, sobre todo por la zona a la que se dirig\u00eda, donde el crimen organizado ha sentado sus reales.<\/p>\n<p>2.- No llevaba un plan preestablecido de auxilio a nadie. Lleg\u00f3 por tierra, de noche, a una base militar, luego de enfangarse rid\u00edculamente, y regres\u00f3 esa misma noche, v\u00eda a\u00e9rea, sin precisi\u00f3n alguna sobre los centros de apoyo que se instalar\u00edan para el reparto de v\u00edveres; ni cadenas de custodia en zonas de desastre.<\/p>\n<p>3.- Al no existir \u00f3rdenes precisas, se desat\u00f3 el caos y la anarqu\u00eda. Pero eso s\u00ed, hasta la ma\u00f1ana del d\u00eda siguiente, L\u00f3pez Obrador anunci\u00f3, desde Palacio Nacional, su decisi\u00f3n de frenar y concentrar toda la ayuda para apoyar a los acapulque\u00f1os. Estigmatiz\u00f3 a las organizaciones no gubernamentales y a la sociedad civil.<\/p>\n<p>Entonces vino la escalada de odio y de rencor ante el alud de cr\u00edticas que recibi\u00f3 en las primeras horas. Dijo que la Secretar\u00eda de la Defensa, ser\u00eda la encargada de repartir la ayuda, e incluso puso la grabaci\u00f3n de un perifoneo, con el que avis\u00f3 esta decisi\u00f3n. No desaprovech\u00f3 la oportunidad para criticar a \u201csus adversarios\u201d.<\/p>\n<p><em>\u201cDecirles que la distribuci\u00f3n de las despensas, porque ya tenemos experiencia lamentablemente en estos casos, queremos que la distribuci\u00f3n de las despensas las haga la secretar\u00eda de la Defensa y la Secretar\u00eda de Marina\u2026\u201d<\/em><\/p>\n<p><em>\u201c\u2026No las autoridades civiles, ni el gobierno federal, ni del gobierno estatal ni del gobierno municipal, ni mucho menos organizaciones sociales llamadas no gubernamentales o de la sociedad civil para que nadie se aproveche\u2026\u201d<\/em><\/p>\n<p>As\u00ed, el mandatario hizo a un lado todo el apoyo que se empezaba a generar. Mientras en el puerto, el tama\u00f1o del saqueo, adquiri\u00f3 dimensiones apocal\u00edpticas, de otro hurac\u00e1n. Hordas de gente saqueando almacenes, gasolineras, tendejones, luego casas y personas en la carretera.<\/p>\n<p>\u00a1Como anillo al dedo! El gobierno federal justific\u00f3 as\u00ed la concentraci\u00f3n y la entrega de agua, de despensas y medicinas, para hacer sentir a la poblaci\u00f3n m\u00e1s humilde, que el gran benefactor es, como siempre, ese gobierno que entregar\u00e1 dinero en mano, pero ahora de la mano de los <strong>Servidores de la Naci\u00f3n<\/strong>.<\/p>\n<p>GABINETE DE SEGURIDAD<\/p>\n<p>Mil personas m\u00e1s, mil bocas m\u00e1s, para sumarse a los que requerir\u00e1n alimentaci\u00f3n, hospedaje, cama, agua, en estas horas infaustas. Como si en Acapulco no viviera ya personal de las instituciones especializadas en ese tipo de labores, como el IMSS, ISSSTE<\/p>\n<p>En redes sociales, muchos destacaron adem\u00e1s el error m\u00e1s grave del presidente y \u201cel grav\u00edsimo riesgo\u201d en que se puso y puso al pa\u00eds. Quedaron atascados en la carretera. Iban los Secretarios de Defensa, Marina y Seguridad. Todo el gabinete de Seguridad, sumido en el fango, en una imagen pat\u00e9tica, rid\u00edcula y sin sentido.<\/p>\n<p>\u00bfQu\u00e9 habr\u00eda pasado si uno de los c\u00e1rteles los hubiese emboscado? Pero esta vez s\u00ed quer\u00eda la foto, para que sus panegiristas y diarios \u201camigos\u201d escribieran: \u201cel presidente \u201ccruz\u00f3 monta\u00f1as para ir a atender a su pueblo amado\u201d, cuando en realidad qued\u00f3 atorado al pie del r\u00edo Papagayo.<\/p>\n<p>Pero, luego de esa \u201cheroica odisea\u201d se fue al Estado de M\u00e9xico, para anunciar la construcci\u00f3n de una gran bodega de f\u00e1rmacos. En medio del desastre, L\u00f3pez Obrador prefiri\u00f3 ir a levantar granjas de votos. Mientras, sus corifeos intentaron dar la vuelta a lo que ha sido desde entonces un esc\u00e1ndalo medi\u00e1tico.<\/p>\n<p>\u201c<em>La congruencia de nuestro presidente, Andr\u00e9s Manuel L\u00f3pez Obrador, es indiscutible, despu\u00e9s de m\u00e1s de 45 a\u00f1os sigue caminando a ras de tierra en cualquier rinc\u00f3n de M\u00e9xico\u201d<\/em>, escribi\u00f3 el impresentable gobernador de Michoac\u00e1n, Alfredo Ram\u00edrez Bedolla, que tiene bajo su f\u00e9rula un narco estado.<\/p>\n<p>En la falange, un diario gobiernista denost\u00f3, en solitario, a todos los dem\u00e1s diarios, que reflejaban en sus portadas el desorden desatado. <em>\u201cEn momentos tan dolorosos como este, hay que pas\u00e1rsela desmintiendo a una oposici\u00f3n eternamente resentida\u201d<\/em>, rezaba el editorial de ese diario en una de sus portadas.<\/p>\n<p>De pronto, olvidaron que fue el propio L\u00f3pez Obrador quien inaugur\u00f3 en el 2013 ese tipo de cr\u00edticas sard\u00f3nicas, cuando se burl\u00f3 de la actuaci\u00f3n de otro gobierno y escribi\u00f3: \u201c<em>Aunque se enojen, es un hecho que Chong, EPN, Milenio y Televisa, no alertaron para prevenir a la gente del hurac\u00e1n. Su fuerte es otro\u201d<\/em>.<\/p>\n<p>ENTRE EVELYN Y ABELINA, LUISA E ICELA<\/p>\n<p><a href=\"https:\/\/laredsocial-noticias.com\/wp\/wp-content\/uploads\/2023\/10\/zapatos-limpios.jpg\"><img loading=\"lazy\" decoding=\"async\" class=\"alignleft size-thumbnail wp-image-208344\" src=\"https:\/\/laredsocial-noticias.com\/wp\/wp-content\/uploads\/2023\/10\/zapatos-limpios-150x150.jpg\" alt=\"\" width=\"150\" height=\"150\" \/><\/a>En resumen, durante la ma\u00f1anera previa al d\u00eda de la cat\u00e1strofe, el mandatario no evalu\u00f3 el tama\u00f1o de la contingencia. Las autoridades estatales y municipales tambi\u00e9n se confiaron. La gobernadora Evelyn Salgado y la presidenta municipal, Abelina L\u00f3pez Rodr\u00edguez literalmente desaparecieron.<\/p>\n<p>Los da\u00f1os, se dijo al d\u00eda siguiente, rebasar\u00e1n los 200 mil millones de pesos, ser\u00e1 necesario levantar toda la infraestructura hotelera y comercial, pero el presidente anuncio, con bombo y platillo, que arribar\u00edan \u00a1mil promotores del Bienestar! Como si fuera la buena nueva, \u00a1Albricias!<\/p>\n<p>Fue entonces que apareci\u00f3 la secretaria de Gobernaci\u00f3n, Luisa Mar\u00eda Alcalde, con Rosa Icela Rodr\u00edguez y la desaparecida Evelyn, para confirmar esa bendita caravana de mil personas, en lugar de convoyes de pipas con agua, gasolina y plantas de luz. \u00a1No! Primero a capitalizar pol\u00edticamente el desastre.<\/p>\n<p>Zapatos limpios, ellas, como se vio en la foto oficial, filtrada por la Secretar\u00eda de Gobernaci\u00f3n, sin m\u00e1cula ni polvo, luego de haber realizado un \u201crecorrido\u201d por algunas zonas de desastre y anunciar que los caminos ya estaban desbrozados, lo cual era falso.<\/p>\n<p>La cola larga y sucia, otros. Perdida en el fango qued\u00f3 por el momento, la informaci\u00f3n sobre 87 alcaldes que han sido asesinados en M\u00e9xico en lo que va del sexenio de L\u00f3pez Obrador, una de las razones del por qu\u00e9 se ha extendido la violencia del crimen organizado.<\/p>\n<p>Tambi\u00e9n pas\u00f3 de noche el fracaso de Claudia Sheinbaum y el vac\u00edo en el Estadio Azul; las pugnas en Morena y la inminente ca\u00edda de Omar Garc\u00eda Harfuch para dar paso a Clara Brugada, la eterna preferida de L\u00f3pez Obrador. Ser\u00e1 el primer manotazo del mandatario en la mesa de su candidata. Pa que sepa qui\u00e9n manda.<\/p>\n<p>Pero eso s\u00ed, que nadie se sorprenda si en los pr\u00f3ximos d\u00edas empieza a relucir una \u201ceconom\u00eda narca\u201d, que inicie una milagrosa reconstrucci\u00f3n de la bah\u00eda, porque los grandes consorcios, como Vidanta, tienen que cumplir compromisos adquiridos, de fin de a\u00f1o, para el turismo de \u201calta gama\u201d, que ver\u00e1 a Luis Miguel.<\/p>\n<p>Entonces ah\u00ed s\u00ed, se aplicar\u00e1n treguas fiscales, como no se quisieron aplicar durante la pandemia. Ser\u00e1 todo el apoyo para la impoluta familia Salgado Macedonio, con Do\u00f1a Evelyn como figura de ornamento. \u00bfPrimero los pobres? \u00a1Por favor! Se escucha en Palacio Nacional, el eco de las carcajadas. Ya ven que se r\u00ede de todo.<\/p>\n","protected":false},"excerpt":{"rendered":"<p>Por JORGE OCTAVIO OCHOA. El rostro m\u00e1s infame de la tragedia, se vio, como era de esperarse, en nuestra clase&#8230;<\/p>\n","protected":false},"author":1,"featured_media":0,"comment_status":"closed","ping_status":"closed","sticky":false,"template":"","format":"standard","meta":{"footnotes":""},"categories":[4114,4115,2379,399,28,13,1984],"tags":[],"class_list":["post-208341","post","type-post","status-publish","format-standard","hentry","category-desastres","category-desgracias","category-estados-2","category-gobierno-de-la-republica","category-gobierno-federal","category-seguridad-nacional","category-tras-bambalinas"],"yoast_head":"<!-- This site is optimized with the Yoast SEO plugin v26.5 - https:\/\/yoast.com\/wordpress\/plugins\/seo\/ -->\n<title>TRAS BAMBALINAS. Como anillo al dedo. - NOTICIAS<\/title>\n<meta name=\"robots\" content=\"index, follow, max-snippet:-1, max-image-preview:large, max-video-preview:-1\" \/>\n<link rel=\"canonical\" href=\"https:\/\/laredsocial-noticias.com\/wp\/tras-bambalinas-como-anillo-al-dedo\/\" \/>\n<meta property=\"og:locale\" content=\"es_ES\" \/>\n<meta property=\"og:type\" content=\"article\" \/>\n<meta property=\"og:title\" content=\"TRAS BAMBALINAS. Como anillo al dedo. - NOTICIAS\" \/>\n<meta property=\"og:description\" content=\"Por JORGE OCTAVIO OCHOA. El rostro m\u00e1s infame de la tragedia, se vio, como era de esperarse, en nuestra clase...\" \/>\n<meta property=\"og:url\" content=\"https:\/\/laredsocial-noticias.com\/wp\/tras-bambalinas-como-anillo-al-dedo\/\" \/>\n<meta property=\"og:site_name\" content=\"NOTICIAS\" \/>\n<meta property=\"article:published_time\" content=\"2023-10-30T12:00:03+00:00\" \/>\n<meta property=\"og:image\" content=\"https:\/\/laredsocial-noticias.com\/wp\/wp-content\/uploads\/2023\/10\/1ea5047c-8bd2-4d7d-be2b-61277eb3b194.jpg\" \/>\n\t<meta property=\"og:image:width\" content=\"1280\" \/>\n\t<meta property=\"og:image:height\" content=\"695\" \/>\n\t<meta property=\"og:image:type\" content=\"image\/jpeg\" \/>\n<meta name=\"author\" content=\"Editor en Jefe\" \/>\n<meta name=\"twitter:card\" content=\"summary_large_image\" \/>\n<meta name=\"twitter:label1\" content=\"Escrito por\" \/>\n\t<meta name=\"twitter:data1\" content=\"Editor en Jefe\" \/>\n\t<meta name=\"twitter:label2\" content=\"Tiempo de lectura\" \/>\n\t<meta name=\"twitter:data2\" content=\"7 minutos\" \/>\n<!-- \/ Yoast SEO plugin. -->","yoast_head_json":{"title":"TRAS BAMBALINAS. Como anillo al dedo. - NOTICIAS","robots":{"index":"index","follow":"follow","max-snippet":"max-snippet:-1","max-image-preview":"max-image-preview:large","max-video-preview":"max-video-preview:-1"},"canonical":"https:\/\/laredsocial-noticias.com\/wp\/tras-bambalinas-como-anillo-al-dedo\/","og_locale":"es_ES","og_type":"article","og_title":"TRAS BAMBALINAS. Como anillo al dedo. - NOTICIAS","og_description":"Por JORGE OCTAVIO OCHOA. El rostro m\u00e1s infame de la tragedia, se vio, como era de esperarse, en nuestra clase...","og_url":"https:\/\/laredsocial-noticias.com\/wp\/tras-bambalinas-como-anillo-al-dedo\/","og_site_name":"NOTICIAS","article_published_time":"2023-10-30T12:00:03+00:00","og_image":[{"width":1280,"height":695,"url":"https:\/\/laredsocial-noticias.com\/wp\/wp-content\/uploads\/2023\/10\/1ea5047c-8bd2-4d7d-be2b-61277eb3b194.jpg","type":"image\/jpeg"}],"author":"Editor en Jefe","twitter_card":"summary_large_image","twitter_misc":{"Escrito por":"Editor en Jefe","Tiempo de lectura":"7 minutos"},"schema":{"@context":"https:\/\/schema.org","@graph":[{"@type":"WebPage","@id":"https:\/\/laredsocial-noticias.com\/wp\/tras-bambalinas-como-anillo-al-dedo\/","url":"https:\/\/laredsocial-noticias.com\/wp\/tras-bambalinas-como-anillo-al-dedo\/","name":"TRAS BAMBALINAS. Como anillo al dedo. - NOTICIAS","isPartOf":{"@id":"https:\/\/laredsocial-noticias.com\/wp\/#website"},"primaryImageOfPage":{"@id":"https:\/\/laredsocial-noticias.com\/wp\/tras-bambalinas-como-anillo-al-dedo\/#primaryimage"},"image":{"@id":"https:\/\/laredsocial-noticias.com\/wp\/tras-bambalinas-como-anillo-al-dedo\/#primaryimage"},"thumbnailUrl":"https:\/\/laredsocial-noticias.com\/wp\/wp-content\/uploads\/2023\/10\/zapatos-limpios-150x150.jpg","datePublished":"2023-10-30T12:00:03+00:00","author":{"@id":"https:\/\/laredsocial-noticias.com\/wp\/#\/schema\/person\/0ce78643f2de7aae6f6ef10e8453a6e0"},"breadcrumb":{"@id":"https:\/\/laredsocial-noticias.com\/wp\/tras-bambalinas-como-anillo-al-dedo\/#breadcrumb"},"inLanguage":"es","potentialAction":[{"@type":"ReadAction","target":["https:\/\/laredsocial-noticias.com\/wp\/tras-bambalinas-como-anillo-al-dedo\/"]}]},{"@type":"ImageObject","inLanguage":"es","@id":"https:\/\/laredsocial-noticias.com\/wp\/tras-bambalinas-como-anillo-al-dedo\/#primaryimage","url":"","contentUrl":""},{"@type":"BreadcrumbList","@id":"https:\/\/laredsocial-noticias.com\/wp\/tras-bambalinas-como-anillo-al-dedo\/#breadcrumb","itemListElement":[{"@type":"ListItem","position":1,"name":"Portada","item":"https:\/\/laredsocial-noticias.com\/wp\/"},{"@type":"ListItem","position":2,"name":"TRAS BAMBALINAS. Como anillo al dedo."}]},{"@type":"WebSite","@id":"https:\/\/laredsocial-noticias.com\/wp\/#website","url":"https:\/\/laredsocial-noticias.com\/wp\/","name":"NOTICIAS","description":"Lo que se ve y se dice en las redes sociales","potentialAction":[{"@type":"SearchAction","target":{"@type":"EntryPoint","urlTemplate":"https:\/\/laredsocial-noticias.com\/wp\/?s={search_term_string}"},"query-input":{"@type":"PropertyValueSpecification","valueRequired":true,"valueName":"search_term_string"}}],"inLanguage":"es"},{"@type":"Person","@id":"https:\/\/laredsocial-noticias.com\/wp\/#\/schema\/person\/0ce78643f2de7aae6f6ef10e8453a6e0","name":"Editor en Jefe","url":"https:\/\/laredsocial-noticias.com\/wp\/author\/jorgeochoa\/"}]}},"_links":{"self":[{"href":"https:\/\/laredsocial-noticias.com\/wp\/wp-json\/wp\/v2\/posts\/208341","targetHints":{"allow":["GET"]}}],"collection":[{"href":"https:\/\/laredsocial-noticias.com\/wp\/wp-json\/wp\/v2\/posts"}],"about":[{"href":"https:\/\/laredsocial-noticias.com\/wp\/wp-json\/wp\/v2\/types\/post"}],"author":[{"embeddable":true,"href":"https:\/\/laredsocial-noticias.com\/wp\/wp-json\/wp\/v2\/users\/1"}],"replies":[{"embeddable":true,"href":"https:\/\/laredsocial-noticias.com\/wp\/wp-json\/wp\/v2\/comments?post=208341"}],"version-history":[{"count":3,"href":"https:\/\/laredsocial-noticias.com\/wp\/wp-json\/wp\/v2\/posts\/208341\/revisions"}],"predecessor-version":[{"id":208346,"href":"https:\/\/laredsocial-noticias.com\/wp\/wp-json\/wp\/v2\/posts\/208341\/revisions\/208346"}],"wp:attachment":[{"href":"https:\/\/laredsocial-noticias.com\/wp\/wp-json\/wp\/v2\/media?parent=208341"}],"wp:term":[{"taxonomy":"category","embeddable":true,"href":"https:\/\/laredsocial-noticias.com\/wp\/wp-json\/wp\/v2\/categories?post=208341"},{"taxonomy":"post_tag","embeddable":true,"href":"https:\/\/laredsocial-noticias.com\/wp\/wp-json\/wp\/v2\/tags?post=208341"}],"curies":[{"name":"wp","href":"https:\/\/api.w.org\/{rel}","templated":true}]}}