{"id":208631,"date":"2023-11-01T21:10:35","date_gmt":"2023-11-02T03:10:35","guid":{"rendered":"https:\/\/laredsocial-noticias.com\/wp\/?p=208631"},"modified":"2023-11-01T20:47:14","modified_gmt":"2023-11-02T02:47:14","slug":"segob-reconoce-sensibilidad-de-ministra-pina-para-fondo-de-ayuda-para-acapulco","status":"publish","type":"post","link":"https:\/\/laredsocial-noticias.com\/wp\/segob-reconoce-sensibilidad-de-ministra-pina-para-fondo-de-ayuda-para-acapulco\/","title":{"rendered":"Segob reconoce \u2018sensibilidad\u2019 de ministra Pi\u00f1a para fondo de ayuda para Acapulco"},"content":{"rendered":"<p>Ministra de la SCJN y Titular de Segob Trabajan en Destinaci\u00f3n de Recursos para Damnificados por Hurac\u00e1n \u201cOtis\u201d<\/p>\n<p>La ministra presidenta de la Suprema Corte de Justicia de la Naci\u00f3n (SCJN), Norma Luc\u00eda Pi\u00f1a, y la titular de la Secretar\u00eda de Gobernaci\u00f3n (Segob), Luisa Mar\u00eda Alcalde, han entablado conversaciones para abordar el destino de 15 mil millones de pesos que hab\u00edan sido eliminados del presupuesto del Poder Judicial.<\/p>\n<p>Estos recursos se est\u00e1n considerando para asistir a las personas afectadas por el hurac\u00e1n\u00a0\u201cOtis\u201d en Guerrero.<\/p>\n<p>La iniciativa surge tras la directriz del presidente Andr\u00e9s Manuel L\u00f3pez Obrador, quien en su conferencia matutina destac\u00f3 la importancia de destinar estos recursos a la ayuda de las v\u00edctimas del hurac\u00e1n.<\/p>\n<p>Luisa Mar\u00eda Alcalde comparti\u00f3 la carta de respuesta de Norma Luc\u00eda Pi\u00f1a, en la cual la ministra presidenta de la SCJN\u00a0manifest\u00f3 su apoyo a la idea de crear un fondo conjunto, integrado por representantes de los tres Poderes de la Uni\u00f3n.<\/p>\n<p>\u201cReconocemos la sensibilidad y disposici\u00f3n de la ministra Norma Luc\u00eda Pi\u00f1a, Presidenta de la @SCJN y del @CJF_Mx, de trabajar de manera conjunta para que los recursos de los fideicomisos del Poder Judicial se destinen a atender a las y los damnificados por el Hurac\u00e1n #Otis en Guerrero\u201d, escribi\u00f3 la titular de Segob en su cuenta de X (antes Twitter).<\/p>\n<p>Este fondo se encargar\u00eda de administrar\u00a0los recursos de los fideicomisos del Poder Judicial, los cuales ser\u00edan reintegrados a la Tesorer\u00eda de la Federaci\u00f3n.<\/p>\n<p>La comisi\u00f3n tendr\u00eda la responsabilidad de determinar, de manera colegiada, c\u00f3mo se distribuir\u00e1n estos fondos y asegurar que se apliquen siguiendo principios de transparencia y m\u00e1xima publicidad.<\/p>\n<p>Cabe destacar que la respuesta de la ministra no solo est\u00e1 enfocada en ayudar a las personas damnificadas por el hurac\u00e1n \u201cOtis\u201d en Guerrero, sino tambi\u00e9n fortalecer la coordinaci\u00f3n y el di\u00e1logo respetuoso entre los Poderes de la Uni\u00f3n.<\/p>\n<p>Este esfuerzo conjunto entre la SCJN y la Segob refleja la voluntad de las instituciones para abordar situaciones de emergencia y garantizar una gesti\u00f3n transparente de los fondos destinados a la recuperaci\u00f3n de las \u00e1reas afectadas por desastres naturales.<\/p>\n","protected":false},"excerpt":{"rendered":"<p>Ministra de la SCJN y Titular de Segob Trabajan en Destinaci\u00f3n de Recursos para Damnificados por Hurac\u00e1n \u201cOtis\u201d La ministra&#8230;<\/p>\n","protected":false},"author":1,"featured_media":0,"comment_status":"open","ping_status":"closed","sticky":false,"template":"","format":"standard","meta":{"footnotes":""},"categories":[78,6026],"tags":[4959,77],"class_list":["post-208631","post","type-post","status-publish","format-standard","hentry","category-nacional","category-portada","tag-featured","tag-principal"],"yoast_head":"<!-- This site is optimized with the Yoast SEO plugin v26.5 - https:\/\/yoast.com\/wordpress\/plugins\/seo\/ -->\n<title>Segob reconoce \u2018sensibilidad\u2019 de ministra Pi\u00f1a para fondo de ayuda para Acapulco - NOTICIAS<\/title>\n<meta name=\"robots\" content=\"index, follow, max-snippet:-1, max-image-preview:large, max-video-preview:-1\" \/>\n<link rel=\"canonical\" href=\"https:\/\/laredsocial-noticias.com\/wp\/segob-reconoce-sensibilidad-de-ministra-pina-para-fondo-de-ayuda-para-acapulco\/\" \/>\n<meta property=\"og:locale\" content=\"es_ES\" \/>\n<meta property=\"og:type\" content=\"article\" \/>\n<meta property=\"og:title\" content=\"Segob reconoce \u2018sensibilidad\u2019 de ministra Pi\u00f1a para fondo de ayuda para Acapulco - NOTICIAS\" \/>\n<meta property=\"og:description\" content=\"Ministra de la SCJN y Titular de Segob Trabajan en Destinaci\u00f3n de Recursos para Damnificados por Hurac\u00e1n \u201cOtis\u201d La ministra...\" \/>\n<meta property=\"og:url\" content=\"https:\/\/laredsocial-noticias.com\/wp\/segob-reconoce-sensibilidad-de-ministra-pina-para-fondo-de-ayuda-para-acapulco\/\" \/>\n<meta property=\"og:site_name\" content=\"NOTICIAS\" \/>\n<meta property=\"article:published_time\" content=\"2023-11-02T03:10:35+00:00\" \/>\n<meta property=\"og:image\" content=\"https:\/\/laredsocial-noticias.com\/wp\/wp-content\/uploads\/2023\/03\/norma_pina_scjn.jpg\" \/>\n\t<meta property=\"og:image:width\" content=\"1280\" \/>\n\t<meta property=\"og:image:height\" content=\"740\" \/>\n\t<meta property=\"og:image:type\" content=\"image\/jpeg\" \/>\n<meta name=\"author\" content=\"Editor en Jefe\" \/>\n<meta name=\"twitter:card\" content=\"summary_large_image\" \/>\n<meta name=\"twitter:label1\" content=\"Escrito por\" \/>\n\t<meta name=\"twitter:data1\" content=\"Editor en Jefe\" \/>\n\t<meta name=\"twitter:label2\" content=\"Tiempo de lectura\" \/>\n\t<meta name=\"twitter:data2\" content=\"2 minutos\" \/>\n<!-- \/ Yoast SEO plugin. -->","yoast_head_json":{"title":"Segob reconoce \u2018sensibilidad\u2019 de ministra Pi\u00f1a para fondo de ayuda para Acapulco - NOTICIAS","robots":{"index":"index","follow":"follow","max-snippet":"max-snippet:-1","max-image-preview":"max-image-preview:large","max-video-preview":"max-video-preview:-1"},"canonical":"https:\/\/laredsocial-noticias.com\/wp\/segob-reconoce-sensibilidad-de-ministra-pina-para-fondo-de-ayuda-para-acapulco\/","og_locale":"es_ES","og_type":"article","og_title":"Segob reconoce \u2018sensibilidad\u2019 de ministra Pi\u00f1a para fondo de ayuda para Acapulco - NOTICIAS","og_description":"Ministra de la SCJN y Titular de Segob Trabajan en Destinaci\u00f3n de Recursos para Damnificados por Hurac\u00e1n \u201cOtis\u201d La ministra...","og_url":"https:\/\/laredsocial-noticias.com\/wp\/segob-reconoce-sensibilidad-de-ministra-pina-para-fondo-de-ayuda-para-acapulco\/","og_site_name":"NOTICIAS","article_published_time":"2023-11-02T03:10:35+00:00","og_image":[{"width":1280,"height":740,"url":"https:\/\/laredsocial-noticias.com\/wp\/wp-content\/uploads\/2023\/03\/norma_pina_scjn.jpg","type":"image\/jpeg"}],"author":"Editor en Jefe","twitter_card":"summary_large_image","twitter_misc":{"Escrito por":"Editor en Jefe","Tiempo de lectura":"2 minutos"},"schema":{"@context":"https:\/\/schema.org","@graph":[{"@type":"WebPage","@id":"https:\/\/laredsocial-noticias.com\/wp\/segob-reconoce-sensibilidad-de-ministra-pina-para-fondo-de-ayuda-para-acapulco\/","url":"https:\/\/laredsocial-noticias.com\/wp\/segob-reconoce-sensibilidad-de-ministra-pina-para-fondo-de-ayuda-para-acapulco\/","name":"Segob reconoce \u2018sensibilidad\u2019 de ministra Pi\u00f1a para fondo de ayuda para Acapulco - NOTICIAS","isPartOf":{"@id":"https:\/\/laredsocial-noticias.com\/wp\/#website"},"datePublished":"2023-11-02T03:10:35+00:00","author":{"@id":"https:\/\/laredsocial-noticias.com\/wp\/#\/schema\/person\/0ce78643f2de7aae6f6ef10e8453a6e0"},"breadcrumb":{"@id":"https:\/\/laredsocial-noticias.com\/wp\/segob-reconoce-sensibilidad-de-ministra-pina-para-fondo-de-ayuda-para-acapulco\/#breadcrumb"},"inLanguage":"es","potentialAction":[{"@type":"ReadAction","target":["https:\/\/laredsocial-noticias.com\/wp\/segob-reconoce-sensibilidad-de-ministra-pina-para-fondo-de-ayuda-para-acapulco\/"]}]},{"@type":"BreadcrumbList","@id":"https:\/\/laredsocial-noticias.com\/wp\/segob-reconoce-sensibilidad-de-ministra-pina-para-fondo-de-ayuda-para-acapulco\/#breadcrumb","itemListElement":[{"@type":"ListItem","position":1,"name":"Portada","item":"https:\/\/laredsocial-noticias.com\/wp\/"},{"@type":"ListItem","position":2,"name":"Segob reconoce \u2018sensibilidad\u2019 de ministra Pi\u00f1a para fondo de ayuda para Acapulco"}]},{"@type":"WebSite","@id":"https:\/\/laredsocial-noticias.com\/wp\/#website","url":"https:\/\/laredsocial-noticias.com\/wp\/","name":"NOTICIAS","description":"Lo que se ve y se dice en las redes sociales","potentialAction":[{"@type":"SearchAction","target":{"@type":"EntryPoint","urlTemplate":"https:\/\/laredsocial-noticias.com\/wp\/?s={search_term_string}"},"query-input":{"@type":"PropertyValueSpecification","valueRequired":true,"valueName":"search_term_string"}}],"inLanguage":"es"},{"@type":"Person","@id":"https:\/\/laredsocial-noticias.com\/wp\/#\/schema\/person\/0ce78643f2de7aae6f6ef10e8453a6e0","name":"Editor en Jefe","url":"https:\/\/laredsocial-noticias.com\/wp\/author\/jorgeochoa\/"}]}},"_links":{"self":[{"href":"https:\/\/laredsocial-noticias.com\/wp\/wp-json\/wp\/v2\/posts\/208631","targetHints":{"allow":["GET"]}}],"collection":[{"href":"https:\/\/laredsocial-noticias.com\/wp\/wp-json\/wp\/v2\/posts"}],"about":[{"href":"https:\/\/laredsocial-noticias.com\/wp\/wp-json\/wp\/v2\/types\/post"}],"author":[{"embeddable":true,"href":"https:\/\/laredsocial-noticias.com\/wp\/wp-json\/wp\/v2\/users\/1"}],"replies":[{"embeddable":true,"href":"https:\/\/laredsocial-noticias.com\/wp\/wp-json\/wp\/v2\/comments?post=208631"}],"version-history":[{"count":1,"href":"https:\/\/laredsocial-noticias.com\/wp\/wp-json\/wp\/v2\/posts\/208631\/revisions"}],"predecessor-version":[{"id":208632,"href":"https:\/\/laredsocial-noticias.com\/wp\/wp-json\/wp\/v2\/posts\/208631\/revisions\/208632"}],"wp:attachment":[{"href":"https:\/\/laredsocial-noticias.com\/wp\/wp-json\/wp\/v2\/media?parent=208631"}],"wp:term":[{"taxonomy":"category","embeddable":true,"href":"https:\/\/laredsocial-noticias.com\/wp\/wp-json\/wp\/v2\/categories?post=208631"},{"taxonomy":"post_tag","embeddable":true,"href":"https:\/\/laredsocial-noticias.com\/wp\/wp-json\/wp\/v2\/tags?post=208631"}],"curies":[{"name":"wp","href":"https:\/\/api.w.org\/{rel}","templated":true}]}}