{"id":209717,"date":"2023-11-16T20:01:51","date_gmt":"2023-11-17T02:01:51","guid":{"rendered":"https:\/\/laredsocial-noticias.com\/wp\/?p=209717"},"modified":"2023-11-16T20:02:03","modified_gmt":"2023-11-17T02:02:03","slug":"detienen-a-policia-que-atropello-a-peluche-en-calles-de-chimalhuacan","status":"publish","type":"post","link":"https:\/\/laredsocial-noticias.com\/wp\/detienen-a-policia-que-atropello-a-peluche-en-calles-de-chimalhuacan\/","title":{"rendered":"Detienen a polic\u00eda que atropell\u00f3 a \u201cPeluche\u201d en calles de Chimalhuac\u00e1n"},"content":{"rendered":"<p>Elementos de la Fiscal\u00eda General de Justicia del Estado de M\u00e9xico (FGJEM) detuvieron Jos\u00e9 Luis \u201cN\u201d, oficial de la polic\u00eda que atropell\u00f3 a un perrito, conocido como \u201cPeluche\u201d, en calles del municipio de Chimalhuac\u00e1n.<\/p>\n<p>Luego de que quedara grabado el momento en el que unos oficiales le quitaran la vida a \u201cPeluche\u201d tras pasarle la patrulla en cima, autoridades comenzaron las diligencias correspondientes en el caso, por lo que un juez de control emiti\u00f3 una orden de aprehensi\u00f3n.<\/p>\n<p>El redes sociales circula un video en donde se muestra el momento en el que el sujeto es arrestado por elementos de seguridad, en donde se logra ver esposado y escoltado por dos agentes de la FGJEM.<\/p>\n<p>Autoridades remitieron al hombre al Centro Penitenciario y Reinserci\u00f3n Social de Nezahualc\u00f3yotl, en donde permanecer\u00e1 mientras se resuelva su situaci\u00f3n legal en el caso.<\/p>\n<p>El ahora detenido junto con su acompa\u00f1ante atropellaron a perrito, lo que le ocasionar\u00eda la muerte, en calles del municipio de Chimalhuac\u00e1n, hecho que qued\u00f3 registrado en el video y fue difundido en redes sociales.<\/p>\n","protected":false},"excerpt":{"rendered":"<p>Elementos de la Fiscal\u00eda General de Justicia del Estado de M\u00e9xico (FGJEM) detuvieron Jos\u00e9 Luis \u201cN\u201d, oficial de la polic\u00eda&#8230;<\/p>\n","protected":false},"author":1,"featured_media":0,"comment_status":"open","ping_status":"closed","sticky":false,"template":"","format":"standard","meta":{"footnotes":""},"categories":[2379,6026],"tags":[4959,77],"class_list":["post-209717","post","type-post","status-publish","format-standard","hentry","category-estados-2","category-portada","tag-featured","tag-principal"],"yoast_head":"<!-- This site is optimized with the Yoast SEO plugin v26.5 - https:\/\/yoast.com\/wordpress\/plugins\/seo\/ -->\n<title>Detienen a polic\u00eda que atropell\u00f3 a \u201cPeluche\u201d en calles de Chimalhuac\u00e1n - NOTICIAS<\/title>\n<meta name=\"robots\" content=\"index, follow, max-snippet:-1, max-image-preview:large, max-video-preview:-1\" \/>\n<link rel=\"canonical\" href=\"https:\/\/laredsocial-noticias.com\/wp\/detienen-a-policia-que-atropello-a-peluche-en-calles-de-chimalhuacan\/\" \/>\n<meta property=\"og:locale\" content=\"es_ES\" \/>\n<meta property=\"og:type\" content=\"article\" \/>\n<meta property=\"og:title\" content=\"Detienen a polic\u00eda que atropell\u00f3 a \u201cPeluche\u201d en calles de Chimalhuac\u00e1n - NOTICIAS\" \/>\n<meta property=\"og:description\" content=\"Elementos de la Fiscal\u00eda General de Justicia del Estado de M\u00e9xico (FGJEM) detuvieron Jos\u00e9 Luis \u201cN\u201d, oficial de la polic\u00eda...\" \/>\n<meta property=\"og:url\" content=\"https:\/\/laredsocial-noticias.com\/wp\/detienen-a-policia-que-atropello-a-peluche-en-calles-de-chimalhuacan\/\" \/>\n<meta property=\"og:site_name\" content=\"NOTICIAS\" \/>\n<meta property=\"article:published_time\" content=\"2023-11-17T02:01:51+00:00\" \/>\n<meta property=\"article:modified_time\" content=\"2023-11-17T02:02:03+00:00\" \/>\n<meta name=\"author\" content=\"Editor en Jefe\" \/>\n<meta name=\"twitter:card\" content=\"summary_large_image\" \/>\n<meta name=\"twitter:label1\" content=\"Escrito por\" \/>\n\t<meta name=\"twitter:data1\" content=\"Editor en Jefe\" \/>\n\t<meta name=\"twitter:label2\" content=\"Tiempo de lectura\" \/>\n\t<meta name=\"twitter:data2\" content=\"1 minuto\" \/>\n<!-- \/ Yoast SEO plugin. -->","yoast_head_json":{"title":"Detienen a polic\u00eda que atropell\u00f3 a \u201cPeluche\u201d en calles de Chimalhuac\u00e1n - NOTICIAS","robots":{"index":"index","follow":"follow","max-snippet":"max-snippet:-1","max-image-preview":"max-image-preview:large","max-video-preview":"max-video-preview:-1"},"canonical":"https:\/\/laredsocial-noticias.com\/wp\/detienen-a-policia-que-atropello-a-peluche-en-calles-de-chimalhuacan\/","og_locale":"es_ES","og_type":"article","og_title":"Detienen a polic\u00eda que atropell\u00f3 a \u201cPeluche\u201d en calles de Chimalhuac\u00e1n - NOTICIAS","og_description":"Elementos de la Fiscal\u00eda General de Justicia del Estado de M\u00e9xico (FGJEM) detuvieron Jos\u00e9 Luis \u201cN\u201d, oficial de la polic\u00eda...","og_url":"https:\/\/laredsocial-noticias.com\/wp\/detienen-a-policia-que-atropello-a-peluche-en-calles-de-chimalhuacan\/","og_site_name":"NOTICIAS","article_published_time":"2023-11-17T02:01:51+00:00","article_modified_time":"2023-11-17T02:02:03+00:00","author":"Editor en Jefe","twitter_card":"summary_large_image","twitter_misc":{"Escrito por":"Editor en Jefe","Tiempo de lectura":"1 minuto"},"schema":{"@context":"https:\/\/schema.org","@graph":[{"@type":"WebPage","@id":"https:\/\/laredsocial-noticias.com\/wp\/detienen-a-policia-que-atropello-a-peluche-en-calles-de-chimalhuacan\/","url":"https:\/\/laredsocial-noticias.com\/wp\/detienen-a-policia-que-atropello-a-peluche-en-calles-de-chimalhuacan\/","name":"Detienen a polic\u00eda que atropell\u00f3 a \u201cPeluche\u201d en calles de Chimalhuac\u00e1n - NOTICIAS","isPartOf":{"@id":"https:\/\/laredsocial-noticias.com\/wp\/#website"},"datePublished":"2023-11-17T02:01:51+00:00","dateModified":"2023-11-17T02:02:03+00:00","author":{"@id":"https:\/\/laredsocial-noticias.com\/wp\/#\/schema\/person\/0ce78643f2de7aae6f6ef10e8453a6e0"},"breadcrumb":{"@id":"https:\/\/laredsocial-noticias.com\/wp\/detienen-a-policia-que-atropello-a-peluche-en-calles-de-chimalhuacan\/#breadcrumb"},"inLanguage":"es","potentialAction":[{"@type":"ReadAction","target":["https:\/\/laredsocial-noticias.com\/wp\/detienen-a-policia-que-atropello-a-peluche-en-calles-de-chimalhuacan\/"]}]},{"@type":"BreadcrumbList","@id":"https:\/\/laredsocial-noticias.com\/wp\/detienen-a-policia-que-atropello-a-peluche-en-calles-de-chimalhuacan\/#breadcrumb","itemListElement":[{"@type":"ListItem","position":1,"name":"Portada","item":"https:\/\/laredsocial-noticias.com\/wp\/"},{"@type":"ListItem","position":2,"name":"Detienen a polic\u00eda que atropell\u00f3 a \u201cPeluche\u201d en calles de Chimalhuac\u00e1n"}]},{"@type":"WebSite","@id":"https:\/\/laredsocial-noticias.com\/wp\/#website","url":"https:\/\/laredsocial-noticias.com\/wp\/","name":"NOTICIAS","description":"Lo que se ve y se dice en las redes sociales","potentialAction":[{"@type":"SearchAction","target":{"@type":"EntryPoint","urlTemplate":"https:\/\/laredsocial-noticias.com\/wp\/?s={search_term_string}"},"query-input":{"@type":"PropertyValueSpecification","valueRequired":true,"valueName":"search_term_string"}}],"inLanguage":"es"},{"@type":"Person","@id":"https:\/\/laredsocial-noticias.com\/wp\/#\/schema\/person\/0ce78643f2de7aae6f6ef10e8453a6e0","name":"Editor en Jefe","url":"https:\/\/laredsocial-noticias.com\/wp\/author\/jorgeochoa\/"}]}},"_links":{"self":[{"href":"https:\/\/laredsocial-noticias.com\/wp\/wp-json\/wp\/v2\/posts\/209717","targetHints":{"allow":["GET"]}}],"collection":[{"href":"https:\/\/laredsocial-noticias.com\/wp\/wp-json\/wp\/v2\/posts"}],"about":[{"href":"https:\/\/laredsocial-noticias.com\/wp\/wp-json\/wp\/v2\/types\/post"}],"author":[{"embeddable":true,"href":"https:\/\/laredsocial-noticias.com\/wp\/wp-json\/wp\/v2\/users\/1"}],"replies":[{"embeddable":true,"href":"https:\/\/laredsocial-noticias.com\/wp\/wp-json\/wp\/v2\/comments?post=209717"}],"version-history":[{"count":1,"href":"https:\/\/laredsocial-noticias.com\/wp\/wp-json\/wp\/v2\/posts\/209717\/revisions"}],"predecessor-version":[{"id":209718,"href":"https:\/\/laredsocial-noticias.com\/wp\/wp-json\/wp\/v2\/posts\/209717\/revisions\/209718"}],"wp:attachment":[{"href":"https:\/\/laredsocial-noticias.com\/wp\/wp-json\/wp\/v2\/media?parent=209717"}],"wp:term":[{"taxonomy":"category","embeddable":true,"href":"https:\/\/laredsocial-noticias.com\/wp\/wp-json\/wp\/v2\/categories?post=209717"},{"taxonomy":"post_tag","embeddable":true,"href":"https:\/\/laredsocial-noticias.com\/wp\/wp-json\/wp\/v2\/tags?post=209717"}],"curies":[{"name":"wp","href":"https:\/\/api.w.org\/{rel}","templated":true}]}}