{"id":211154,"date":"2023-12-11T17:52:57","date_gmt":"2023-12-11T23:52:57","guid":{"rendered":"https:\/\/laredsocial-noticias.com\/wp\/?p=211154"},"modified":"2023-12-11T17:53:09","modified_gmt":"2023-12-11T23:53:09","slug":"designan-a-adrian-alcala-como-nuevo-presidente-del-inai","status":"publish","type":"post","link":"https:\/\/laredsocial-noticias.com\/wp\/designan-a-adrian-alcala-como-nuevo-presidente-del-inai\/","title":{"rendered":"Designan a Adri\u00e1n Alcal\u00e1 como nuevo presidente del INAI"},"content":{"rendered":"<p>El comisionado Adri\u00e1n Alcal\u00e1 fue designado como el nuevo presidente del Instituto Nacional de Acceso a la Informaci\u00f3n y Protecci\u00f3n de Datos Personales (INAI) para el periodo 2023-2026.<\/p>\n<p>Su designaci\u00f3n ocurri\u00f3 despu\u00e9s de cuatro rondas de votaci\u00f3n en el pleno del organismo, debido a que qued\u00f3 empatado con Josefina Rom\u00e1n con dos votos cada uno.<\/p>\n<p>Despu\u00e9s de ello, la presidenta saliente Blanca Lilia Ibarra hizo uso de su voto de calidad para que Alcal\u00e1 se convirtiera en el nuevo presidente del INAI.<\/p>\n<p>Desde sus redes sociales, Alcal\u00e1 asegur\u00f3 que acept\u00f3 el cargo y reto con absoluta responsabilidad y compromiso, as\u00ed como convicci\u00f3n y entrega.<\/p>\n<blockquote class=\"wp-block-quote\"><p>\u201cFortalecer\u00e9 al #INAI reivindicando su misi\u00f3n, visi\u00f3n y objetivos\u201d, public\u00f3.<\/p><\/blockquote>\n<p>Agreg\u00f3 que cumplir\u00e1 su mandato abierto al di\u00e1logo y la colaboraci\u00f3n, a fin de que se consolide al instituto como pilar de la democracia.<\/p>\n<blockquote class=\"wp-block-quote\"><p>\u201cCumplir\u00e9 este mandato abierto al di\u00e1logo y a la colaboraci\u00f3n, porque soy un convencido de que la suma de ideas, esfuerzos y opiniones, enriquecen\u201d, precis\u00f3.<\/p><\/blockquote>\n","protected":false},"excerpt":{"rendered":"<p>El comisionado Adri\u00e1n Alcal\u00e1 fue designado como el nuevo presidente del Instituto Nacional de Acceso a la Informaci\u00f3n y Protecci\u00f3n&#8230;<\/p>\n","protected":false},"author":1,"featured_media":0,"comment_status":"open","ping_status":"closed","sticky":false,"template":"","format":"standard","meta":{"footnotes":""},"categories":[78,6026],"tags":[4959,77],"class_list":["post-211154","post","type-post","status-publish","format-standard","hentry","category-nacional","category-portada","tag-featured","tag-principal"],"yoast_head":"<!-- This site is optimized with the Yoast SEO plugin v26.5 - https:\/\/yoast.com\/wordpress\/plugins\/seo\/ -->\n<title>Designan a Adri\u00e1n Alcal\u00e1 como nuevo presidente del INAI - NOTICIAS<\/title>\n<meta name=\"robots\" content=\"index, follow, max-snippet:-1, max-image-preview:large, max-video-preview:-1\" \/>\n<link rel=\"canonical\" href=\"https:\/\/laredsocial-noticias.com\/wp\/designan-a-adrian-alcala-como-nuevo-presidente-del-inai\/\" \/>\n<meta property=\"og:locale\" content=\"es_ES\" \/>\n<meta property=\"og:type\" content=\"article\" \/>\n<meta property=\"og:title\" content=\"Designan a Adri\u00e1n Alcal\u00e1 como nuevo presidente del INAI - NOTICIAS\" \/>\n<meta property=\"og:description\" content=\"El comisionado Adri\u00e1n Alcal\u00e1 fue designado como el nuevo presidente del Instituto Nacional de Acceso a la Informaci\u00f3n y Protecci\u00f3n...\" \/>\n<meta property=\"og:url\" content=\"https:\/\/laredsocial-noticias.com\/wp\/designan-a-adrian-alcala-como-nuevo-presidente-del-inai\/\" \/>\n<meta property=\"og:site_name\" content=\"NOTICIAS\" \/>\n<meta property=\"article:published_time\" content=\"2023-12-11T23:52:57+00:00\" \/>\n<meta property=\"article:modified_time\" content=\"2023-12-11T23:53:09+00:00\" \/>\n<meta name=\"author\" content=\"Editor en Jefe\" \/>\n<meta name=\"twitter:card\" content=\"summary_large_image\" \/>\n<meta name=\"twitter:label1\" content=\"Escrito por\" \/>\n\t<meta name=\"twitter:data1\" content=\"Editor en Jefe\" \/>\n\t<meta name=\"twitter:label2\" content=\"Tiempo de lectura\" \/>\n\t<meta name=\"twitter:data2\" content=\"1 minuto\" \/>\n<!-- \/ Yoast SEO plugin. -->","yoast_head_json":{"title":"Designan a Adri\u00e1n Alcal\u00e1 como nuevo presidente del INAI - NOTICIAS","robots":{"index":"index","follow":"follow","max-snippet":"max-snippet:-1","max-image-preview":"max-image-preview:large","max-video-preview":"max-video-preview:-1"},"canonical":"https:\/\/laredsocial-noticias.com\/wp\/designan-a-adrian-alcala-como-nuevo-presidente-del-inai\/","og_locale":"es_ES","og_type":"article","og_title":"Designan a Adri\u00e1n Alcal\u00e1 como nuevo presidente del INAI - NOTICIAS","og_description":"El comisionado Adri\u00e1n Alcal\u00e1 fue designado como el nuevo presidente del Instituto Nacional de Acceso a la Informaci\u00f3n y Protecci\u00f3n...","og_url":"https:\/\/laredsocial-noticias.com\/wp\/designan-a-adrian-alcala-como-nuevo-presidente-del-inai\/","og_site_name":"NOTICIAS","article_published_time":"2023-12-11T23:52:57+00:00","article_modified_time":"2023-12-11T23:53:09+00:00","author":"Editor en Jefe","twitter_card":"summary_large_image","twitter_misc":{"Escrito por":"Editor en Jefe","Tiempo de lectura":"1 minuto"},"schema":{"@context":"https:\/\/schema.org","@graph":[{"@type":"WebPage","@id":"https:\/\/laredsocial-noticias.com\/wp\/designan-a-adrian-alcala-como-nuevo-presidente-del-inai\/","url":"https:\/\/laredsocial-noticias.com\/wp\/designan-a-adrian-alcala-como-nuevo-presidente-del-inai\/","name":"Designan a Adri\u00e1n Alcal\u00e1 como nuevo presidente del INAI - NOTICIAS","isPartOf":{"@id":"https:\/\/laredsocial-noticias.com\/wp\/#website"},"datePublished":"2023-12-11T23:52:57+00:00","dateModified":"2023-12-11T23:53:09+00:00","author":{"@id":"https:\/\/laredsocial-noticias.com\/wp\/#\/schema\/person\/0ce78643f2de7aae6f6ef10e8453a6e0"},"breadcrumb":{"@id":"https:\/\/laredsocial-noticias.com\/wp\/designan-a-adrian-alcala-como-nuevo-presidente-del-inai\/#breadcrumb"},"inLanguage":"es","potentialAction":[{"@type":"ReadAction","target":["https:\/\/laredsocial-noticias.com\/wp\/designan-a-adrian-alcala-como-nuevo-presidente-del-inai\/"]}]},{"@type":"BreadcrumbList","@id":"https:\/\/laredsocial-noticias.com\/wp\/designan-a-adrian-alcala-como-nuevo-presidente-del-inai\/#breadcrumb","itemListElement":[{"@type":"ListItem","position":1,"name":"Portada","item":"https:\/\/laredsocial-noticias.com\/wp\/"},{"@type":"ListItem","position":2,"name":"Designan a Adri\u00e1n Alcal\u00e1 como nuevo presidente del INAI"}]},{"@type":"WebSite","@id":"https:\/\/laredsocial-noticias.com\/wp\/#website","url":"https:\/\/laredsocial-noticias.com\/wp\/","name":"NOTICIAS","description":"Lo que se ve y se dice en las redes sociales","potentialAction":[{"@type":"SearchAction","target":{"@type":"EntryPoint","urlTemplate":"https:\/\/laredsocial-noticias.com\/wp\/?s={search_term_string}"},"query-input":{"@type":"PropertyValueSpecification","valueRequired":true,"valueName":"search_term_string"}}],"inLanguage":"es"},{"@type":"Person","@id":"https:\/\/laredsocial-noticias.com\/wp\/#\/schema\/person\/0ce78643f2de7aae6f6ef10e8453a6e0","name":"Editor en Jefe","url":"https:\/\/laredsocial-noticias.com\/wp\/author\/jorgeochoa\/"}]}},"_links":{"self":[{"href":"https:\/\/laredsocial-noticias.com\/wp\/wp-json\/wp\/v2\/posts\/211154","targetHints":{"allow":["GET"]}}],"collection":[{"href":"https:\/\/laredsocial-noticias.com\/wp\/wp-json\/wp\/v2\/posts"}],"about":[{"href":"https:\/\/laredsocial-noticias.com\/wp\/wp-json\/wp\/v2\/types\/post"}],"author":[{"embeddable":true,"href":"https:\/\/laredsocial-noticias.com\/wp\/wp-json\/wp\/v2\/users\/1"}],"replies":[{"embeddable":true,"href":"https:\/\/laredsocial-noticias.com\/wp\/wp-json\/wp\/v2\/comments?post=211154"}],"version-history":[{"count":1,"href":"https:\/\/laredsocial-noticias.com\/wp\/wp-json\/wp\/v2\/posts\/211154\/revisions"}],"predecessor-version":[{"id":211155,"href":"https:\/\/laredsocial-noticias.com\/wp\/wp-json\/wp\/v2\/posts\/211154\/revisions\/211155"}],"wp:attachment":[{"href":"https:\/\/laredsocial-noticias.com\/wp\/wp-json\/wp\/v2\/media?parent=211154"}],"wp:term":[{"taxonomy":"category","embeddable":true,"href":"https:\/\/laredsocial-noticias.com\/wp\/wp-json\/wp\/v2\/categories?post=211154"},{"taxonomy":"post_tag","embeddable":true,"href":"https:\/\/laredsocial-noticias.com\/wp\/wp-json\/wp\/v2\/tags?post=211154"}],"curies":[{"name":"wp","href":"https:\/\/api.w.org\/{rel}","templated":true}]}}