{"id":21452,"date":"2016-08-08T14:44:16","date_gmt":"2016-08-08T19:44:16","guid":{"rendered":"http:\/\/laredsocial-noticias.com\/wp\/?p=21452"},"modified":"2016-08-08T14:45:09","modified_gmt":"2016-08-08T19:45:09","slug":"federacion-dara-creditos-a-empresas-afectadas-por-paros-de-maestros","status":"publish","type":"post","link":"https:\/\/laredsocial-noticias.com\/wp\/federacion-dara-creditos-a-empresas-afectadas-por-paros-de-maestros\/","title":{"rendered":"Federaci\u00f3n dar\u00e1 cr\u00e9ditos a empresas afectadas por paros de maestros"},"content":{"rendered":"<p><strong>CIUDAD DE M\u00c9XICO, 08 de agosto, (ESFERA EMPRESARIAL \/ C\u00cdRCULO DIGITAL).-\u00a0<\/strong>El secretario de Econom\u00eda, Ildefonso Guajardo Villarreal, anunci\u00f3 que la dependencia a su cargo realizar\u00e1 intervenciones econ\u00f3micas por 100 millones de pesos y hasta mil millones de pesos en cr\u00e9ditos para apoyar a los negocios afectados por los paros magisteriales en Oaxaca.<\/p>\n<p>Asimismo, tambi\u00e9n habr\u00e1 apoyos para otros estados afectados destinados principalmente a los peque\u00f1os negocios, toda vez que las grandes cadenas nacionales tienen la capacidad de solventar transitoriamente el aumento en sus costos de log\u00edstica y transportaci\u00f3n para lograr el abasto.<\/p>\n<p>En entrevista televisiva, el funcionario destac\u00f3 que en Michoac\u00e1n se logr\u00f3 terminar con la afectaci\u00f3n ferroviaria, por lo que la transportaci\u00f3n de mercanc\u00edas contin\u00faa en proceso y aunque hay algunos rezagos en materia de embarques, \u00e9stos est\u00e1n en proceso de normalizaci\u00f3n.<\/p>\n<p>Resalt\u00f3 que la infraestructura nacional vital, como ferrocarriles aeropuertos, fronteras y puertos no pueden estar al vaiv\u00e9n de controles, porque son elementos b\u00e1sicos de la seguridad nacional.<\/p>\n<p>El funcionario record\u00f3 que uno de los objetivos de la reforma educativa es que todos los ni\u00f1os del pa\u00eds tengan la misma educaci\u00f3n. En la democracia, agreg\u00f3, el di\u00e1logo es fundamental para restablecer las condiciones y llegar a consensos.<\/p>\n","protected":false},"excerpt":{"rendered":"<p>CIUDAD DE M\u00c9XICO, 08 de agosto, (ESFERA EMPRESARIAL \/ C\u00cdRCULO DIGITAL).-\u00a0El secretario de Econom\u00eda, Ildefonso Guajardo Villarreal, anunci\u00f3 que la&#8230;<\/p>\n","protected":false},"author":1,"featured_media":0,"comment_status":"closed","ping_status":"closed","sticky":false,"template":"","format":"standard","meta":{"footnotes":""},"categories":[1796],"tags":[2690,151,77,2689],"class_list":["post-21452","post","type-post","status-publish","format-standard","hentry","category-circulodigital","tag-ildefonso-guajardo-villarreal","tag-negocios","tag-principal","tag-se"],"yoast_head":"<!-- This site is optimized with the Yoast SEO plugin v26.5 - https:\/\/yoast.com\/wordpress\/plugins\/seo\/ -->\n<title>Federaci\u00f3n dar\u00e1 cr\u00e9ditos a empresas afectadas por paros de maestros - NOTICIAS<\/title>\n<meta name=\"robots\" content=\"index, follow, max-snippet:-1, max-image-preview:large, max-video-preview:-1\" \/>\n<link rel=\"canonical\" href=\"https:\/\/laredsocial-noticias.com\/wp\/federacion-dara-creditos-a-empresas-afectadas-por-paros-de-maestros\/\" \/>\n<meta property=\"og:locale\" content=\"es_ES\" \/>\n<meta property=\"og:type\" content=\"article\" \/>\n<meta property=\"og:title\" content=\"Federaci\u00f3n dar\u00e1 cr\u00e9ditos a empresas afectadas por paros de maestros - NOTICIAS\" \/>\n<meta property=\"og:description\" content=\"CIUDAD DE M\u00c9XICO, 08 de agosto, (ESFERA EMPRESARIAL \/ C\u00cdRCULO DIGITAL).-\u00a0El secretario de Econom\u00eda, Ildefonso Guajardo Villarreal, anunci\u00f3 que la...\" \/>\n<meta property=\"og:url\" content=\"https:\/\/laredsocial-noticias.com\/wp\/federacion-dara-creditos-a-empresas-afectadas-por-paros-de-maestros\/\" \/>\n<meta property=\"og:site_name\" content=\"NOTICIAS\" \/>\n<meta property=\"article:published_time\" content=\"2016-08-08T19:44:16+00:00\" \/>\n<meta property=\"article:modified_time\" content=\"2016-08-08T19:45:09+00:00\" \/>\n<meta property=\"og:image\" content=\"https:\/\/laredsocial-noticias.com\/wp\/wp-content\/uploads\/2016\/08\/Ildefonso-Guajardo-Villarreal.jpg\" \/>\n\t<meta property=\"og:image:width\" content=\"623\" \/>\n\t<meta property=\"og:image:height\" content=\"397\" \/>\n\t<meta property=\"og:image:type\" content=\"image\/jpeg\" \/>\n<meta name=\"author\" content=\"Editor en Jefe\" \/>\n<meta name=\"twitter:card\" content=\"summary_large_image\" \/>\n<meta name=\"twitter:label1\" content=\"Escrito por\" \/>\n\t<meta name=\"twitter:data1\" content=\"Editor en Jefe\" \/>\n\t<meta name=\"twitter:label2\" content=\"Tiempo de lectura\" \/>\n\t<meta name=\"twitter:data2\" content=\"1 minuto\" \/>\n<!-- \/ Yoast SEO plugin. -->","yoast_head_json":{"title":"Federaci\u00f3n dar\u00e1 cr\u00e9ditos a empresas afectadas por paros de maestros - NOTICIAS","robots":{"index":"index","follow":"follow","max-snippet":"max-snippet:-1","max-image-preview":"max-image-preview:large","max-video-preview":"max-video-preview:-1"},"canonical":"https:\/\/laredsocial-noticias.com\/wp\/federacion-dara-creditos-a-empresas-afectadas-por-paros-de-maestros\/","og_locale":"es_ES","og_type":"article","og_title":"Federaci\u00f3n dar\u00e1 cr\u00e9ditos a empresas afectadas por paros de maestros - NOTICIAS","og_description":"CIUDAD DE M\u00c9XICO, 08 de agosto, (ESFERA EMPRESARIAL \/ C\u00cdRCULO DIGITAL).-\u00a0El secretario de Econom\u00eda, Ildefonso Guajardo Villarreal, anunci\u00f3 que la...","og_url":"https:\/\/laredsocial-noticias.com\/wp\/federacion-dara-creditos-a-empresas-afectadas-por-paros-de-maestros\/","og_site_name":"NOTICIAS","article_published_time":"2016-08-08T19:44:16+00:00","article_modified_time":"2016-08-08T19:45:09+00:00","og_image":[{"width":623,"height":397,"url":"https:\/\/laredsocial-noticias.com\/wp\/wp-content\/uploads\/2016\/08\/Ildefonso-Guajardo-Villarreal.jpg","type":"image\/jpeg"}],"author":"Editor en Jefe","twitter_card":"summary_large_image","twitter_misc":{"Escrito por":"Editor en Jefe","Tiempo de lectura":"1 minuto"},"schema":{"@context":"https:\/\/schema.org","@graph":[{"@type":"WebPage","@id":"https:\/\/laredsocial-noticias.com\/wp\/federacion-dara-creditos-a-empresas-afectadas-por-paros-de-maestros\/","url":"https:\/\/laredsocial-noticias.com\/wp\/federacion-dara-creditos-a-empresas-afectadas-por-paros-de-maestros\/","name":"Federaci\u00f3n dar\u00e1 cr\u00e9ditos a empresas afectadas por paros de maestros - NOTICIAS","isPartOf":{"@id":"https:\/\/laredsocial-noticias.com\/wp\/#website"},"datePublished":"2016-08-08T19:44:16+00:00","dateModified":"2016-08-08T19:45:09+00:00","author":{"@id":"https:\/\/laredsocial-noticias.com\/wp\/#\/schema\/person\/0ce78643f2de7aae6f6ef10e8453a6e0"},"breadcrumb":{"@id":"https:\/\/laredsocial-noticias.com\/wp\/federacion-dara-creditos-a-empresas-afectadas-por-paros-de-maestros\/#breadcrumb"},"inLanguage":"es","potentialAction":[{"@type":"ReadAction","target":["https:\/\/laredsocial-noticias.com\/wp\/federacion-dara-creditos-a-empresas-afectadas-por-paros-de-maestros\/"]}]},{"@type":"BreadcrumbList","@id":"https:\/\/laredsocial-noticias.com\/wp\/federacion-dara-creditos-a-empresas-afectadas-por-paros-de-maestros\/#breadcrumb","itemListElement":[{"@type":"ListItem","position":1,"name":"Portada","item":"https:\/\/laredsocial-noticias.com\/wp\/"},{"@type":"ListItem","position":2,"name":"Federaci\u00f3n dar\u00e1 cr\u00e9ditos a empresas afectadas por paros de maestros"}]},{"@type":"WebSite","@id":"https:\/\/laredsocial-noticias.com\/wp\/#website","url":"https:\/\/laredsocial-noticias.com\/wp\/","name":"NOTICIAS","description":"Lo que se ve y se dice en las redes sociales","potentialAction":[{"@type":"SearchAction","target":{"@type":"EntryPoint","urlTemplate":"https:\/\/laredsocial-noticias.com\/wp\/?s={search_term_string}"},"query-input":{"@type":"PropertyValueSpecification","valueRequired":true,"valueName":"search_term_string"}}],"inLanguage":"es"},{"@type":"Person","@id":"https:\/\/laredsocial-noticias.com\/wp\/#\/schema\/person\/0ce78643f2de7aae6f6ef10e8453a6e0","name":"Editor en Jefe","url":"https:\/\/laredsocial-noticias.com\/wp\/author\/jorgeochoa\/"}]}},"_links":{"self":[{"href":"https:\/\/laredsocial-noticias.com\/wp\/wp-json\/wp\/v2\/posts\/21452","targetHints":{"allow":["GET"]}}],"collection":[{"href":"https:\/\/laredsocial-noticias.com\/wp\/wp-json\/wp\/v2\/posts"}],"about":[{"href":"https:\/\/laredsocial-noticias.com\/wp\/wp-json\/wp\/v2\/types\/post"}],"author":[{"embeddable":true,"href":"https:\/\/laredsocial-noticias.com\/wp\/wp-json\/wp\/v2\/users\/1"}],"replies":[{"embeddable":true,"href":"https:\/\/laredsocial-noticias.com\/wp\/wp-json\/wp\/v2\/comments?post=21452"}],"version-history":[{"count":1,"href":"https:\/\/laredsocial-noticias.com\/wp\/wp-json\/wp\/v2\/posts\/21452\/revisions"}],"predecessor-version":[{"id":21453,"href":"https:\/\/laredsocial-noticias.com\/wp\/wp-json\/wp\/v2\/posts\/21452\/revisions\/21453"}],"wp:attachment":[{"href":"https:\/\/laredsocial-noticias.com\/wp\/wp-json\/wp\/v2\/media?parent=21452"}],"wp:term":[{"taxonomy":"category","embeddable":true,"href":"https:\/\/laredsocial-noticias.com\/wp\/wp-json\/wp\/v2\/categories?post=21452"},{"taxonomy":"post_tag","embeddable":true,"href":"https:\/\/laredsocial-noticias.com\/wp\/wp-json\/wp\/v2\/tags?post=21452"}],"curies":[{"name":"wp","href":"https:\/\/api.w.org\/{rel}","templated":true}]}}