{"id":215219,"date":"2024-02-15T17:06:33","date_gmt":"2024-02-15T23:06:33","guid":{"rendered":"https:\/\/laredsocial-noticias.com\/wp\/?p=215219"},"modified":"2024-02-15T17:06:48","modified_gmt":"2024-02-15T23:06:48","slug":"estalla-huelga-en-el-monte-de-piedad-sindicato-culpa-a-la-empresa","status":"publish","type":"post","link":"https:\/\/laredsocial-noticias.com\/wp\/estalla-huelga-en-el-monte-de-piedad-sindicato-culpa-a-la-empresa\/","title":{"rendered":"Estalla huelga en el Monte de Piedad; sindicato culpa a la empresa"},"content":{"rendered":"<p>El Sindicato Nacional Monte de Piedad anunci\u00f3 el estallido de la huelga a partir del 15 de febrero, luego de que la empresa rechazara la pr\u00f3rroga de un d\u00eda m\u00e1s solicitada por autoridades laborales y trabajadores.<\/p>\n<p>Seg\u00fan el sindicato, el Nacional Monte de Piedad rompi\u00f3 las pl\u00e1ticas de negociaci\u00f3n de forma sorprendente cuando solo faltaban dos puntos de acuerdo en el expediente de conciliaci\u00f3n 878\/23.<\/p>\n<p>Durante la negociaci\u00f3n de la pr\u00f3rroga, la empresa emiti\u00f3 un comunicado a los medios de comunicaci\u00f3n descalificando al sindicato con informaci\u00f3n falsa, seg\u00fan indic\u00f3 el sindicato en un comunicado.<\/p>\n<p>Alegan que la empresa busca confundir a los medios al afirmar falsamente que el sindicato se neg\u00f3 a aceptar un supuesto convenio de las autoridades en diciembre, cuando las mismas autoridades tambi\u00e9n se negaron a firmarlo por considerarlo \u201cleonino\u201d.<\/p>\n<p>En el convenio propuesto por el Nacional Monte de Piedad, se ped\u00eda al sindicato reducir el 18% de la plantilla de 2,302 plazas activas y la jubilaci\u00f3n potenciada para 352 trabajadores con antig\u00fcedades entre 10 y 20 a\u00f1os.<\/p>\n<p>Pero la representaci\u00f3nde los trabajadores sostiene que esto implicar\u00eda la p\u00e9rdida de m\u00e1s del 40% de sus plazas, incluyendo a los 400 trabajadores despedidos de forma injustificada desde el inicio del conflicto.<\/p>\n<p>Adem\u00e1s, el convenio presentaba los sueldos reales actuales de los trabajadores sindicalizados, destacando que el salario m\u00e1s bajo corresponde a los Mozos de sucursales for\u00e1neas con 246.35 pesos al d\u00eda, mientras que el m\u00e1s alto es el del responsable de la depositar\u00eda con 491.19 pesos diarios.<\/p>\n<p>Ante esto, el sindicato cuestiona las afirmaciones de la administraci\u00f3n del Nacional Monte de Piedad sobre el supuesto costo que representan los 2,300 trabajadores sindicalizados para la instituci\u00f3n.<\/p>\n","protected":false},"excerpt":{"rendered":"<p>El Sindicato Nacional Monte de Piedad anunci\u00f3 el estallido de la huelga a partir del 15 de febrero, luego de&#8230;<\/p>\n","protected":false},"author":1,"featured_media":0,"comment_status":"open","ping_status":"closed","sticky":false,"template":"","format":"standard","meta":{"footnotes":""},"categories":[78,6026],"tags":[4959,77],"class_list":["post-215219","post","type-post","status-publish","format-standard","hentry","category-nacional","category-portada","tag-featured","tag-principal"],"yoast_head":"<!-- This site is optimized with the Yoast SEO plugin v26.5 - https:\/\/yoast.com\/wordpress\/plugins\/seo\/ -->\n<title>Estalla huelga en el Monte de Piedad; sindicato culpa a la empresa - NOTICIAS<\/title>\n<meta name=\"robots\" content=\"index, follow, max-snippet:-1, max-image-preview:large, max-video-preview:-1\" \/>\n<link rel=\"canonical\" href=\"https:\/\/laredsocial-noticias.com\/wp\/estalla-huelga-en-el-monte-de-piedad-sindicato-culpa-a-la-empresa\/\" \/>\n<meta property=\"og:locale\" content=\"es_ES\" \/>\n<meta property=\"og:type\" content=\"article\" \/>\n<meta property=\"og:title\" content=\"Estalla huelga en el Monte de Piedad; sindicato culpa a la empresa - NOTICIAS\" \/>\n<meta property=\"og:description\" content=\"El Sindicato Nacional Monte de Piedad anunci\u00f3 el estallido de la huelga a partir del 15 de febrero, luego de...\" \/>\n<meta property=\"og:url\" content=\"https:\/\/laredsocial-noticias.com\/wp\/estalla-huelga-en-el-monte-de-piedad-sindicato-culpa-a-la-empresa\/\" \/>\n<meta property=\"og:site_name\" content=\"NOTICIAS\" \/>\n<meta property=\"article:published_time\" content=\"2024-02-15T23:06:33+00:00\" \/>\n<meta property=\"article:modified_time\" content=\"2024-02-15T23:06:48+00:00\" \/>\n<meta name=\"author\" content=\"Editor en Jefe\" \/>\n<meta name=\"twitter:card\" content=\"summary_large_image\" \/>\n<meta name=\"twitter:label1\" content=\"Escrito por\" \/>\n\t<meta name=\"twitter:data1\" content=\"Editor en Jefe\" \/>\n\t<meta name=\"twitter:label2\" content=\"Tiempo de lectura\" \/>\n\t<meta name=\"twitter:data2\" content=\"1 minuto\" \/>\n<!-- \/ Yoast SEO plugin. -->","yoast_head_json":{"title":"Estalla huelga en el Monte de Piedad; sindicato culpa a la empresa - NOTICIAS","robots":{"index":"index","follow":"follow","max-snippet":"max-snippet:-1","max-image-preview":"max-image-preview:large","max-video-preview":"max-video-preview:-1"},"canonical":"https:\/\/laredsocial-noticias.com\/wp\/estalla-huelga-en-el-monte-de-piedad-sindicato-culpa-a-la-empresa\/","og_locale":"es_ES","og_type":"article","og_title":"Estalla huelga en el Monte de Piedad; sindicato culpa a la empresa - NOTICIAS","og_description":"El Sindicato Nacional Monte de Piedad anunci\u00f3 el estallido de la huelga a partir del 15 de febrero, luego de...","og_url":"https:\/\/laredsocial-noticias.com\/wp\/estalla-huelga-en-el-monte-de-piedad-sindicato-culpa-a-la-empresa\/","og_site_name":"NOTICIAS","article_published_time":"2024-02-15T23:06:33+00:00","article_modified_time":"2024-02-15T23:06:48+00:00","author":"Editor en Jefe","twitter_card":"summary_large_image","twitter_misc":{"Escrito por":"Editor en Jefe","Tiempo de lectura":"1 minuto"},"schema":{"@context":"https:\/\/schema.org","@graph":[{"@type":"WebPage","@id":"https:\/\/laredsocial-noticias.com\/wp\/estalla-huelga-en-el-monte-de-piedad-sindicato-culpa-a-la-empresa\/","url":"https:\/\/laredsocial-noticias.com\/wp\/estalla-huelga-en-el-monte-de-piedad-sindicato-culpa-a-la-empresa\/","name":"Estalla huelga en el Monte de Piedad; sindicato culpa a la empresa - NOTICIAS","isPartOf":{"@id":"https:\/\/laredsocial-noticias.com\/wp\/#website"},"datePublished":"2024-02-15T23:06:33+00:00","dateModified":"2024-02-15T23:06:48+00:00","author":{"@id":"https:\/\/laredsocial-noticias.com\/wp\/#\/schema\/person\/0ce78643f2de7aae6f6ef10e8453a6e0"},"breadcrumb":{"@id":"https:\/\/laredsocial-noticias.com\/wp\/estalla-huelga-en-el-monte-de-piedad-sindicato-culpa-a-la-empresa\/#breadcrumb"},"inLanguage":"es","potentialAction":[{"@type":"ReadAction","target":["https:\/\/laredsocial-noticias.com\/wp\/estalla-huelga-en-el-monte-de-piedad-sindicato-culpa-a-la-empresa\/"]}]},{"@type":"BreadcrumbList","@id":"https:\/\/laredsocial-noticias.com\/wp\/estalla-huelga-en-el-monte-de-piedad-sindicato-culpa-a-la-empresa\/#breadcrumb","itemListElement":[{"@type":"ListItem","position":1,"name":"Portada","item":"https:\/\/laredsocial-noticias.com\/wp\/"},{"@type":"ListItem","position":2,"name":"Estalla huelga en el Monte de Piedad; sindicato culpa a la empresa"}]},{"@type":"WebSite","@id":"https:\/\/laredsocial-noticias.com\/wp\/#website","url":"https:\/\/laredsocial-noticias.com\/wp\/","name":"NOTICIAS","description":"Lo que se ve y se dice en las redes sociales","potentialAction":[{"@type":"SearchAction","target":{"@type":"EntryPoint","urlTemplate":"https:\/\/laredsocial-noticias.com\/wp\/?s={search_term_string}"},"query-input":{"@type":"PropertyValueSpecification","valueRequired":true,"valueName":"search_term_string"}}],"inLanguage":"es"},{"@type":"Person","@id":"https:\/\/laredsocial-noticias.com\/wp\/#\/schema\/person\/0ce78643f2de7aae6f6ef10e8453a6e0","name":"Editor en Jefe","url":"https:\/\/laredsocial-noticias.com\/wp\/author\/jorgeochoa\/"}]}},"_links":{"self":[{"href":"https:\/\/laredsocial-noticias.com\/wp\/wp-json\/wp\/v2\/posts\/215219","targetHints":{"allow":["GET"]}}],"collection":[{"href":"https:\/\/laredsocial-noticias.com\/wp\/wp-json\/wp\/v2\/posts"}],"about":[{"href":"https:\/\/laredsocial-noticias.com\/wp\/wp-json\/wp\/v2\/types\/post"}],"author":[{"embeddable":true,"href":"https:\/\/laredsocial-noticias.com\/wp\/wp-json\/wp\/v2\/users\/1"}],"replies":[{"embeddable":true,"href":"https:\/\/laredsocial-noticias.com\/wp\/wp-json\/wp\/v2\/comments?post=215219"}],"version-history":[{"count":1,"href":"https:\/\/laredsocial-noticias.com\/wp\/wp-json\/wp\/v2\/posts\/215219\/revisions"}],"predecessor-version":[{"id":215220,"href":"https:\/\/laredsocial-noticias.com\/wp\/wp-json\/wp\/v2\/posts\/215219\/revisions\/215220"}],"wp:attachment":[{"href":"https:\/\/laredsocial-noticias.com\/wp\/wp-json\/wp\/v2\/media?parent=215219"}],"wp:term":[{"taxonomy":"category","embeddable":true,"href":"https:\/\/laredsocial-noticias.com\/wp\/wp-json\/wp\/v2\/categories?post=215219"},{"taxonomy":"post_tag","embeddable":true,"href":"https:\/\/laredsocial-noticias.com\/wp\/wp-json\/wp\/v2\/tags?post=215219"}],"curies":[{"name":"wp","href":"https:\/\/api.w.org\/{rel}","templated":true}]}}