{"id":2164,"date":"2015-09-23T19:46:28","date_gmt":"2015-09-23T19:46:28","guid":{"rendered":"http:\/\/laredsocial-noticias.com\/wp\/?p=2164"},"modified":"2015-09-23T21:53:36","modified_gmt":"2015-09-23T21:53:36","slug":"dicen-que-el-imss-es-un-desastre-12-bebes-mueren","status":"publish","type":"post","link":"https:\/\/laredsocial-noticias.com\/wp\/dicen-que-el-imss-es-un-desastre-12-bebes-mueren\/","title":{"rendered":"DICEN QUE\u2026 EL IMSS ES UN DESASTRE; 12 BEBES MUEREN"},"content":{"rendered":"<p><a href=\"http:\/\/laredsocial-noticias.com\/wp\/wp-content\/uploads\/2015\/09\/lengua.jpg\"><img loading=\"lazy\" decoding=\"async\" class=\"alignleft size-full wp-image-2015\" src=\"http:\/\/laredsocial-noticias.com\/wp\/wp-content\/uploads\/2015\/09\/lengua.jpg\" alt=\"lengua\" width=\"225\" height=\"225\" data-wp-pid=\"2015\" \/><\/a>Por Oscar Dant\u00e9s.- Resulta que al menos 12 beb\u00e9s han muerto en dos semanas en el hospital regional del IMSS en Culiac\u00e1n debido a una supuesta contaminaci\u00f3n bacteriana y otros nueve se encuentran delicados de salud. El lunes pasado ocurri\u00f3 el deceso m\u00e1s reciente, pero ni eso conmueve a las autoridades del sector salud, donde hasta sus propios directores mueren, como ocurri\u00f3 hace poco en el ISSSTE.<\/p>\n<p><strong>UNIR FUERZAS\u2026 Y QUE SE DESATA LA VIOLENCIA \u00a0<\/strong><\/p>\n<p>Que el presidente Pe\u00f1a Nieto pidi\u00f3 a los tres \u00f3rdenes de gobierno unir fuerzas contra la delincuencia, durante la instalaci\u00f3n del 108 Batall\u00f3n de Infanter\u00eda en Morelos. Sin embargo, las cosas se le ponen feas en el pa\u00eds.<\/p>\n<p>Los 11 mil alumnos del Colegio de Ciencias y Humanidades Vallejo no pudieron tomar clases el martes pasado, debido a que unos 150 encapuchados mantuvieron tomadas las instalaciones. El pasado lunes, porros del grupo 3 de marzo, acudieron al plantel para enfrentarse con activistas de la Radio Regeneraci\u00f3n, lo que dej\u00f3 varios golpeadas y ning\u00fan detenido.<\/p>\n<p>Pero mientras, el Primer Mandatario pide \u201cunir fuerzas\u201d, los gobernantes alcaldes, Jefes de Gobierno se hacen como que la Virgen les habla.<\/p>\n<p>Para el Gobernador perredista, Graco Ram\u00edrez, las cifras y se\u00f1alamientos de que Morelos es una de las entidades m\u00e1s inseguras del pa\u00eds, es un asunto pol\u00edtico.<\/p>\n<p>Durante la inauguraci\u00f3n del Campo Militar 24, el Mandatario estatal baraje\u00f3 sus propias cifras: una disminuci\u00f3n del 30% en delitos de alto impacto y &#8216;la historia del secuestro ha quedado atr\u00e1s\u201d. \u201cMorelos no es territorio para secuestros, es territorio de paz y seguridad\u201d, resumi\u00f3.<\/p>\n<p><strong>MARINA ELIMINA ALTOS MANDOS <\/strong><\/p>\n<p>Pero las cosas est\u00e1n tan peliagudas que para reforzar las operaciones terrestres en contra de la delincuencia organizada, la Secretar\u00eda de Marina (Semar) elimin\u00f3 7 mil 367 plazas de nivel mando de las categor\u00edas de almirantes, capitanes y oficiales, a fin de poder contar con 12 mil 286 plazas de clases y mariner\u00eda \u201cque constituyen la base de personal naval operativo que efectivamente dan seguridad a la poblaci\u00f3n y a sus bienes\u201d.<\/p>\n<p>Por otra parte, ahora resulta que falta capacitar a 333 mil polic\u00edas en 25 entidades para que brinden verdadera seguridad a la ciudadan\u00eda.<\/p>\n<p>Mar\u00eda de los \u00c1ngeles Fromow Rangel, secretaria t\u00e9cnica del Consejo de Coordinaci\u00f3n para la Implementaci\u00f3n del nuevo sistema de Justicia Penal reconoci\u00f3 este hecho, que s\u00f3lo nos revela lo desprotegidos que estamos los ciudadanos.<\/p>\n<p>Bajo este panorama, el presidente Pe\u00f1a Nieto se ausentar\u00e1 nuevamente del pa\u00eds para viajar del s\u00e1bado 26 al martes 29 de septiembre pr\u00f3ximos a Nueva York, con el fin de participar en la Asamblea General de la ONU, y en la Cumbre de Jefes de Estado para la Adopci\u00f3n de la Agenda 2030 para el Desarrollo Sostenible.<\/p>\n<p><strong>DETIENEN A JEFE DE PLAZA DEL C\u00c1RTEL DE JALISCO<\/strong><\/p>\n<p>Que como parte de un presunto \u00e9xito en materia de seguridad, el presunto jefe de plaza en la regi\u00f3n Valles del C\u00e1rtel de Jalisco Nueva Generaci\u00f3n, Geovanni Castro Urbano, El Duende, fue capturado junto con tres de sus escoltas, tras un enfrentamiento con los grupos de \u00e9lite de la Polic\u00eda Federal y de la Sedena en el municipio de Ameca, revelaron funcionarios del gobierno.<\/p>\n<p><strong>COPELAS O\u2026 \u00a0<\/strong><\/p>\n<p>Que el retorno de Zhenili Ye Gon es un hecho. El Departamento de Estado de EU autoriz\u00f3 la \u201centrega inmediata\u201d a M\u00e9xico de Zhenli Ye Gon, quien lleva casi ocho a\u00f1os preso en ese pa\u00eds, luego de que en junio pasado la Suprema Corte de ese pa\u00eds rechaz\u00f3 revisar la petici\u00f3n de habeas corpus o amparo que present\u00f3 el empresario mexicano de origen chino.<\/p>\n<p><strong>AMLO, OTRA VEZ PERDER\u00cdA<\/strong><\/p>\n<p>Dicen que una encuesta de Mitofsky rumbo al 2018 revela que si en este momento fueran las elecciones presidenciales, el PRI en alianza con el Partido Verde ganar\u00eda con el 20,4% de las preferencias.El PAN obtendr\u00eda 14 por ciento y el PRD 11,9% de la intenci\u00f3n del voto.<\/p>\n<p>En dicha encuesta plantean que si el actual secretario de Gobernaci\u00f3n, Miguel \u00c1ngel Osorio Chong fuera el candidato, estar\u00eda en la delantera con 18.1 por ciento por encima del dos veces candidato presidencial Andr\u00e9s Manuel L\u00f3pez Obrador, quien tendr\u00eda el 14,8% de las preferencias.<\/p>\n<p><strong>NUEVO AEROPUERTO EN EL JALONEO POL\u00cdTICO\u00a0 <\/strong><\/p>\n<p>Dicen que el Nuevo Aeropuerto Internacional de la Ciudad de M\u00e9xico podr\u00eda convertirse en bot\u00edn pol\u00edtico de partidos, con lo que se dar\u00eda al traste a una de las obras m\u00e1s importantes del sexenio.<\/p>\n<p>Por lo pronto, Miguel Angel Mancera declar\u00f3 que si el nuevo Aeropuerto pone en riesgo la ciudad, lo impediremos. \u00bfCon qui\u00e9n quiere quedar bien el se\u00f1or Jefe de Gobierno?<\/p>\n<p>Sin embargo, tuvo la altura pol\u00edtica de poner en relieve la importancia de esta obra: \u201cEl NAICM es una oportunidad hist\u00f3rica para mejorar la calidad de vida en el oriente del DF y vamos a darle al Gobierno federal la opini\u00f3n de los expertos\u201d.<\/p>\n<p>Sin embargo, la primera afirmaci\u00f3n tuvo que hacerla ante una veintena de personas que protestaban durante el Foro Internacional La Gran Transformaci\u00f3n Urbana Aeropuerto y Ciudad.<\/p>\n<p><strong>QUE EL PRESIDENTE DECIDA, RETA ESCOBAR A ONGs<\/strong><\/p>\n<p>Me voy hasta que EPN decida, reta Arturo Escobar, desde la Segob. El cuestionado subsecretario de Prevenci\u00f3n y Participaci\u00f3n Ciudadana de la Segob, afirm\u00f3 que permanecer\u00e1 en el cargo hasta que lo decida el Presidente Pe\u00f1a Nieto. \u201c(Voy) a permanecer aqu\u00ed hasta que el Presidente de la Rep\u00fablica lo decida. No soy ajeno a lo que est\u00e1 pasando, estoy muy al pendiente, pero tengo un trabajo que hacer, tengo una asignaci\u00f3n que me ha dado el Presidente de la Rep\u00fablica y debo cumplir mi trabajo.<\/p>\n<p><strong>SE ENREDA CASO OHL-INFRAIBER-PGR POR ESPIONAJE<\/strong><\/p>\n<p>Que un ciudadano franc\u00e9s dedicado a la importaci\u00f3n de vinos present\u00f3 una queja ante la CNDH para reclamar que la PGR exhibi\u00f3 su equipo de c\u00f3mputo como evidencia del espionaje de Infraiber, lo cual, afirma, es falso. Regis Naturel, de 65 a\u00f1os, acudi\u00f3 a la CNDH para denunciar el aseguramiento de sus equipos de trabajo y manifestar que teme que la Procuradur\u00eda manipule y siembre evidencias para inculparlo de espionaje en contra de OHL.<\/p>\n<p><strong>MORENA PLANTEA LIBERAR V\u00c1NDALOS EN EL DF<\/strong><\/p>\n<p>Que Morena tiene muy claro a quien va beneficiar con su iniciativa de amnist\u00eda que impulsar\u00e1 desde la Asamblea Legislativa del Distrito Federal: a los j\u00f3venes que vandalizaron, agredieron polic\u00edas, escalaron la estela de luz y una pantalla durante un partido del \u00faltimo mundial de f\u00fatbol e incendiaron un Metrob\u00fas. Entrevistado, el diputado local, Alfonso Su\u00e1rez del Real, afirm\u00f3 \u201cNosotros queremos que aquellos luchadores sociales que se han visto victimizados, que se han visto criminalizados por su lucha social sean reivindicados y se olvide ese agravio que se les imputa porque no es sostenible\u201d.<\/p>\n<p>&nbsp;<\/p>\n","protected":false},"excerpt":{"rendered":"<p>Por Oscar Dant\u00e9s.- Resulta que al menos 12 beb\u00e9s han muerto en dos semanas en el hospital regional del IMSS&#8230;<\/p>\n","protected":false},"author":1,"featured_media":0,"comment_status":"closed","ping_status":"closed","sticky":false,"template":"","format":"gallery","meta":{"footnotes":""},"categories":[1],"tags":[],"class_list":["post-2164","post","type-post","status-publish","format-gallery","hentry","category-uncategorized","post_format-post-format-gallery"],"yoast_head":"<!-- This site is optimized with the Yoast SEO plugin v26.5 - https:\/\/yoast.com\/wordpress\/plugins\/seo\/ -->\n<title>DICEN QUE\u2026 EL IMSS ES UN DESASTRE; 12 BEBES MUEREN - NOTICIAS<\/title>\n<meta name=\"robots\" content=\"index, follow, max-snippet:-1, max-image-preview:large, max-video-preview:-1\" \/>\n<link rel=\"canonical\" href=\"https:\/\/laredsocial-noticias.com\/wp\/dicen-que-el-imss-es-un-desastre-12-bebes-mueren\/\" \/>\n<meta property=\"og:locale\" content=\"es_ES\" \/>\n<meta property=\"og:type\" content=\"article\" \/>\n<meta property=\"og:title\" content=\"DICEN QUE\u2026 EL IMSS ES UN DESASTRE; 12 BEBES MUEREN - NOTICIAS\" \/>\n<meta property=\"og:description\" content=\"Por Oscar Dant\u00e9s.- Resulta que al menos 12 beb\u00e9s han muerto en dos semanas en el hospital regional del IMSS...\" \/>\n<meta property=\"og:url\" content=\"https:\/\/laredsocial-noticias.com\/wp\/dicen-que-el-imss-es-un-desastre-12-bebes-mueren\/\" \/>\n<meta property=\"og:site_name\" content=\"NOTICIAS\" \/>\n<meta property=\"article:published_time\" content=\"2015-09-23T19:46:28+00:00\" \/>\n<meta property=\"article:modified_time\" content=\"2015-09-23T21:53:36+00:00\" \/>\n<meta property=\"og:image\" content=\"http:\/\/laredsocial-noticias.com\/wp\/wp-content\/uploads\/2015\/09\/lengua.jpg\" \/>\n<meta name=\"author\" content=\"Editor en Jefe\" \/>\n<meta name=\"twitter:card\" content=\"summary_large_image\" \/>\n<meta name=\"twitter:label1\" content=\"Escrito por\" \/>\n\t<meta name=\"twitter:data1\" content=\"Editor en Jefe\" \/>\n\t<meta name=\"twitter:label2\" content=\"Tiempo de lectura\" \/>\n\t<meta name=\"twitter:data2\" content=\"6 minutos\" \/>\n<!-- \/ Yoast SEO plugin. -->","yoast_head_json":{"title":"DICEN QUE\u2026 EL IMSS ES UN DESASTRE; 12 BEBES MUEREN - NOTICIAS","robots":{"index":"index","follow":"follow","max-snippet":"max-snippet:-1","max-image-preview":"max-image-preview:large","max-video-preview":"max-video-preview:-1"},"canonical":"https:\/\/laredsocial-noticias.com\/wp\/dicen-que-el-imss-es-un-desastre-12-bebes-mueren\/","og_locale":"es_ES","og_type":"article","og_title":"DICEN QUE\u2026 EL IMSS ES UN DESASTRE; 12 BEBES MUEREN - NOTICIAS","og_description":"Por Oscar Dant\u00e9s.- Resulta que al menos 12 beb\u00e9s han muerto en dos semanas en el hospital regional del IMSS...","og_url":"https:\/\/laredsocial-noticias.com\/wp\/dicen-que-el-imss-es-un-desastre-12-bebes-mueren\/","og_site_name":"NOTICIAS","article_published_time":"2015-09-23T19:46:28+00:00","article_modified_time":"2015-09-23T21:53:36+00:00","og_image":[{"url":"http:\/\/laredsocial-noticias.com\/wp\/wp-content\/uploads\/2015\/09\/lengua.jpg","type":"","width":"","height":""}],"author":"Editor en Jefe","twitter_card":"summary_large_image","twitter_misc":{"Escrito por":"Editor en Jefe","Tiempo de lectura":"6 minutos"},"schema":{"@context":"https:\/\/schema.org","@graph":[{"@type":"WebPage","@id":"https:\/\/laredsocial-noticias.com\/wp\/dicen-que-el-imss-es-un-desastre-12-bebes-mueren\/","url":"https:\/\/laredsocial-noticias.com\/wp\/dicen-que-el-imss-es-un-desastre-12-bebes-mueren\/","name":"DICEN QUE\u2026 EL IMSS ES UN DESASTRE; 12 BEBES MUEREN - NOTICIAS","isPartOf":{"@id":"https:\/\/laredsocial-noticias.com\/wp\/#website"},"primaryImageOfPage":{"@id":"https:\/\/laredsocial-noticias.com\/wp\/dicen-que-el-imss-es-un-desastre-12-bebes-mueren\/#primaryimage"},"image":{"@id":"https:\/\/laredsocial-noticias.com\/wp\/dicen-que-el-imss-es-un-desastre-12-bebes-mueren\/#primaryimage"},"thumbnailUrl":"http:\/\/laredsocial-noticias.com\/wp\/wp-content\/uploads\/2015\/09\/lengua.jpg","datePublished":"2015-09-23T19:46:28+00:00","dateModified":"2015-09-23T21:53:36+00:00","author":{"@id":"https:\/\/laredsocial-noticias.com\/wp\/#\/schema\/person\/0ce78643f2de7aae6f6ef10e8453a6e0"},"breadcrumb":{"@id":"https:\/\/laredsocial-noticias.com\/wp\/dicen-que-el-imss-es-un-desastre-12-bebes-mueren\/#breadcrumb"},"inLanguage":"es","potentialAction":[{"@type":"ReadAction","target":["https:\/\/laredsocial-noticias.com\/wp\/dicen-que-el-imss-es-un-desastre-12-bebes-mueren\/"]}]},{"@type":"ImageObject","inLanguage":"es","@id":"https:\/\/laredsocial-noticias.com\/wp\/dicen-que-el-imss-es-un-desastre-12-bebes-mueren\/#primaryimage","url":"http:\/\/laredsocial-noticias.com\/wp\/wp-content\/uploads\/2015\/09\/lengua.jpg","contentUrl":"http:\/\/laredsocial-noticias.com\/wp\/wp-content\/uploads\/2015\/09\/lengua.jpg"},{"@type":"BreadcrumbList","@id":"https:\/\/laredsocial-noticias.com\/wp\/dicen-que-el-imss-es-un-desastre-12-bebes-mueren\/#breadcrumb","itemListElement":[{"@type":"ListItem","position":1,"name":"Portada","item":"https:\/\/laredsocial-noticias.com\/wp\/"},{"@type":"ListItem","position":2,"name":"DICEN QUE\u2026 EL IMSS ES UN DESASTRE; 12 BEBES MUEREN"}]},{"@type":"WebSite","@id":"https:\/\/laredsocial-noticias.com\/wp\/#website","url":"https:\/\/laredsocial-noticias.com\/wp\/","name":"NOTICIAS","description":"Lo que se ve y se dice en las redes sociales","potentialAction":[{"@type":"SearchAction","target":{"@type":"EntryPoint","urlTemplate":"https:\/\/laredsocial-noticias.com\/wp\/?s={search_term_string}"},"query-input":{"@type":"PropertyValueSpecification","valueRequired":true,"valueName":"search_term_string"}}],"inLanguage":"es"},{"@type":"Person","@id":"https:\/\/laredsocial-noticias.com\/wp\/#\/schema\/person\/0ce78643f2de7aae6f6ef10e8453a6e0","name":"Editor en Jefe","url":"https:\/\/laredsocial-noticias.com\/wp\/author\/jorgeochoa\/"}]}},"_links":{"self":[{"href":"https:\/\/laredsocial-noticias.com\/wp\/wp-json\/wp\/v2\/posts\/2164","targetHints":{"allow":["GET"]}}],"collection":[{"href":"https:\/\/laredsocial-noticias.com\/wp\/wp-json\/wp\/v2\/posts"}],"about":[{"href":"https:\/\/laredsocial-noticias.com\/wp\/wp-json\/wp\/v2\/types\/post"}],"author":[{"embeddable":true,"href":"https:\/\/laredsocial-noticias.com\/wp\/wp-json\/wp\/v2\/users\/1"}],"replies":[{"embeddable":true,"href":"https:\/\/laredsocial-noticias.com\/wp\/wp-json\/wp\/v2\/comments?post=2164"}],"version-history":[{"count":4,"href":"https:\/\/laredsocial-noticias.com\/wp\/wp-json\/wp\/v2\/posts\/2164\/revisions"}],"predecessor-version":[{"id":2168,"href":"https:\/\/laredsocial-noticias.com\/wp\/wp-json\/wp\/v2\/posts\/2164\/revisions\/2168"}],"wp:attachment":[{"href":"https:\/\/laredsocial-noticias.com\/wp\/wp-json\/wp\/v2\/media?parent=2164"}],"wp:term":[{"taxonomy":"category","embeddable":true,"href":"https:\/\/laredsocial-noticias.com\/wp\/wp-json\/wp\/v2\/categories?post=2164"},{"taxonomy":"post_tag","embeddable":true,"href":"https:\/\/laredsocial-noticias.com\/wp\/wp-json\/wp\/v2\/tags?post=2164"}],"curies":[{"name":"wp","href":"https:\/\/api.w.org\/{rel}","templated":true}]}}