{"id":216865,"date":"2024-03-10T14:19:10","date_gmt":"2024-03-10T20:19:10","guid":{"rendered":"https:\/\/laredsocial-noticias.com\/wp\/?p=216865"},"modified":"2024-03-10T14:19:23","modified_gmt":"2024-03-10T20:19:23","slug":"hombre-fallece-electrocutado-al-intentar-robar-cable-en-subestacion-de-linea-7-del-metro","status":"publish","type":"post","link":"https:\/\/laredsocial-noticias.com\/wp\/hombre-fallece-electrocutado-al-intentar-robar-cable-en-subestacion-de-linea-7-del-metro\/","title":{"rendered":"Hombre fallece electrocutado al intentar robar cable en subestaci\u00f3n de L\u00ednea 7 del Metro"},"content":{"rendered":"<p>Luego que un hombre intent\u00f3 robar cable \u00a0de una subestaci\u00f3n que alimenta la L\u00ednea 7 del Sistema de Transporte Colectivo (STC) Metro, \u00e9ste perdi\u00f3 la vida electrocutado, dado que manipul\u00f3 una zona de alta tensi\u00f3n, as\u00ed lo inform\u00f3 El Heraldo de M\u00e9xico.<\/p>\n<p>Este deceso, seg\u00fan el rotativo, ocurri\u00f3 en calles de la alcald\u00eda Azcapotzalco, donde se localiza esta ruta que va de El Rosario a Barranca del Muerto; medios se\u00f1alan que el masculino de 30 a\u00f1os estaba en compa\u00f1\u00eda de cuatro perros.<\/p>\n<p>Todo indica que el sujeto que pereci\u00f3 era una persona en situaci\u00f3n de calle, quien para robarse el cableado del lugar rompi\u00f3 un candado que imped\u00eda el acceso a la zona de la subestaci\u00f3n.<\/p>\n<p>Al sufrir una fuerte descarga el\u00e9ctrica, este individuo result\u00f3 con quemaduras en su cuerpo y muri\u00f3 al instante, abund\u00f3 E Heraldo de M\u00e9xico.<\/p>\n<p>Por la emergencia, sostuvo dicho medio, personal de Protecci\u00f3n Civil de la demarcaci\u00f3n y trabajadores de la Comisi\u00f3n Federal de Electricidad (CFE) llegaron al lugar.<\/p>\n<p>Mientras que peritos de la Fiscal\u00eda General de Justicia de la Ciudad de M\u00e9xico (FGJCDMX), levantaron el cad\u00e1ver para llevarlo a una morgue en calidad de desconocido.<\/p>\n","protected":false},"excerpt":{"rendered":"<p>Luego que un hombre intent\u00f3 robar cable \u00a0de una subestaci\u00f3n que alimenta la L\u00ednea 7 del Sistema de Transporte Colectivo&#8230;<\/p>\n","protected":false},"author":1,"featured_media":0,"comment_status":"open","ping_status":"closed","sticky":false,"template":"","format":"standard","meta":{"footnotes":""},"categories":[91,6026],"tags":[261,1469,4959,77],"class_list":["post-216865","post","type-post","status-publish","format-standard","hentry","category-cdmx","category-portada","tag-cdmx","tag-ciudad-de-mexico","tag-featured","tag-principal"],"yoast_head":"<!-- This site is optimized with the Yoast SEO plugin v26.5 - https:\/\/yoast.com\/wordpress\/plugins\/seo\/ -->\n<title>Hombre fallece electrocutado al intentar robar cable en subestaci\u00f3n de L\u00ednea 7 del Metro - NOTICIAS<\/title>\n<meta name=\"robots\" content=\"index, follow, max-snippet:-1, max-image-preview:large, max-video-preview:-1\" \/>\n<link rel=\"canonical\" href=\"https:\/\/laredsocial-noticias.com\/wp\/hombre-fallece-electrocutado-al-intentar-robar-cable-en-subestacion-de-linea-7-del-metro\/\" \/>\n<meta property=\"og:locale\" content=\"es_ES\" \/>\n<meta property=\"og:type\" content=\"article\" \/>\n<meta property=\"og:title\" content=\"Hombre fallece electrocutado al intentar robar cable en subestaci\u00f3n de L\u00ednea 7 del Metro - NOTICIAS\" \/>\n<meta property=\"og:description\" content=\"Luego que un hombre intent\u00f3 robar cable \u00a0de una subestaci\u00f3n que alimenta la L\u00ednea 7 del Sistema de Transporte Colectivo...\" \/>\n<meta property=\"og:url\" content=\"https:\/\/laredsocial-noticias.com\/wp\/hombre-fallece-electrocutado-al-intentar-robar-cable-en-subestacion-de-linea-7-del-metro\/\" \/>\n<meta property=\"og:site_name\" content=\"NOTICIAS\" \/>\n<meta property=\"article:published_time\" content=\"2024-03-10T20:19:10+00:00\" \/>\n<meta property=\"article:modified_time\" content=\"2024-03-10T20:19:23+00:00\" \/>\n<meta name=\"author\" content=\"Editor en Jefe\" \/>\n<meta name=\"twitter:card\" content=\"summary_large_image\" \/>\n<meta name=\"twitter:label1\" content=\"Escrito por\" \/>\n\t<meta name=\"twitter:data1\" content=\"Editor en Jefe\" \/>\n\t<meta name=\"twitter:label2\" content=\"Tiempo de lectura\" \/>\n\t<meta name=\"twitter:data2\" content=\"1 minuto\" \/>\n<!-- \/ Yoast SEO plugin. -->","yoast_head_json":{"title":"Hombre fallece electrocutado al intentar robar cable en subestaci\u00f3n de L\u00ednea 7 del Metro - NOTICIAS","robots":{"index":"index","follow":"follow","max-snippet":"max-snippet:-1","max-image-preview":"max-image-preview:large","max-video-preview":"max-video-preview:-1"},"canonical":"https:\/\/laredsocial-noticias.com\/wp\/hombre-fallece-electrocutado-al-intentar-robar-cable-en-subestacion-de-linea-7-del-metro\/","og_locale":"es_ES","og_type":"article","og_title":"Hombre fallece electrocutado al intentar robar cable en subestaci\u00f3n de L\u00ednea 7 del Metro - NOTICIAS","og_description":"Luego que un hombre intent\u00f3 robar cable \u00a0de una subestaci\u00f3n que alimenta la L\u00ednea 7 del Sistema de Transporte Colectivo...","og_url":"https:\/\/laredsocial-noticias.com\/wp\/hombre-fallece-electrocutado-al-intentar-robar-cable-en-subestacion-de-linea-7-del-metro\/","og_site_name":"NOTICIAS","article_published_time":"2024-03-10T20:19:10+00:00","article_modified_time":"2024-03-10T20:19:23+00:00","author":"Editor en Jefe","twitter_card":"summary_large_image","twitter_misc":{"Escrito por":"Editor en Jefe","Tiempo de lectura":"1 minuto"},"schema":{"@context":"https:\/\/schema.org","@graph":[{"@type":"WebPage","@id":"https:\/\/laredsocial-noticias.com\/wp\/hombre-fallece-electrocutado-al-intentar-robar-cable-en-subestacion-de-linea-7-del-metro\/","url":"https:\/\/laredsocial-noticias.com\/wp\/hombre-fallece-electrocutado-al-intentar-robar-cable-en-subestacion-de-linea-7-del-metro\/","name":"Hombre fallece electrocutado al intentar robar cable en subestaci\u00f3n de L\u00ednea 7 del Metro - NOTICIAS","isPartOf":{"@id":"https:\/\/laredsocial-noticias.com\/wp\/#website"},"datePublished":"2024-03-10T20:19:10+00:00","dateModified":"2024-03-10T20:19:23+00:00","author":{"@id":"https:\/\/laredsocial-noticias.com\/wp\/#\/schema\/person\/0ce78643f2de7aae6f6ef10e8453a6e0"},"breadcrumb":{"@id":"https:\/\/laredsocial-noticias.com\/wp\/hombre-fallece-electrocutado-al-intentar-robar-cable-en-subestacion-de-linea-7-del-metro\/#breadcrumb"},"inLanguage":"es","potentialAction":[{"@type":"ReadAction","target":["https:\/\/laredsocial-noticias.com\/wp\/hombre-fallece-electrocutado-al-intentar-robar-cable-en-subestacion-de-linea-7-del-metro\/"]}]},{"@type":"BreadcrumbList","@id":"https:\/\/laredsocial-noticias.com\/wp\/hombre-fallece-electrocutado-al-intentar-robar-cable-en-subestacion-de-linea-7-del-metro\/#breadcrumb","itemListElement":[{"@type":"ListItem","position":1,"name":"Portada","item":"https:\/\/laredsocial-noticias.com\/wp\/"},{"@type":"ListItem","position":2,"name":"Hombre fallece electrocutado al intentar robar cable en subestaci\u00f3n de L\u00ednea 7 del Metro"}]},{"@type":"WebSite","@id":"https:\/\/laredsocial-noticias.com\/wp\/#website","url":"https:\/\/laredsocial-noticias.com\/wp\/","name":"NOTICIAS","description":"Lo que se ve y se dice en las redes sociales","potentialAction":[{"@type":"SearchAction","target":{"@type":"EntryPoint","urlTemplate":"https:\/\/laredsocial-noticias.com\/wp\/?s={search_term_string}"},"query-input":{"@type":"PropertyValueSpecification","valueRequired":true,"valueName":"search_term_string"}}],"inLanguage":"es"},{"@type":"Person","@id":"https:\/\/laredsocial-noticias.com\/wp\/#\/schema\/person\/0ce78643f2de7aae6f6ef10e8453a6e0","name":"Editor en Jefe","url":"https:\/\/laredsocial-noticias.com\/wp\/author\/jorgeochoa\/"}]}},"_links":{"self":[{"href":"https:\/\/laredsocial-noticias.com\/wp\/wp-json\/wp\/v2\/posts\/216865","targetHints":{"allow":["GET"]}}],"collection":[{"href":"https:\/\/laredsocial-noticias.com\/wp\/wp-json\/wp\/v2\/posts"}],"about":[{"href":"https:\/\/laredsocial-noticias.com\/wp\/wp-json\/wp\/v2\/types\/post"}],"author":[{"embeddable":true,"href":"https:\/\/laredsocial-noticias.com\/wp\/wp-json\/wp\/v2\/users\/1"}],"replies":[{"embeddable":true,"href":"https:\/\/laredsocial-noticias.com\/wp\/wp-json\/wp\/v2\/comments?post=216865"}],"version-history":[{"count":1,"href":"https:\/\/laredsocial-noticias.com\/wp\/wp-json\/wp\/v2\/posts\/216865\/revisions"}],"predecessor-version":[{"id":216866,"href":"https:\/\/laredsocial-noticias.com\/wp\/wp-json\/wp\/v2\/posts\/216865\/revisions\/216866"}],"wp:attachment":[{"href":"https:\/\/laredsocial-noticias.com\/wp\/wp-json\/wp\/v2\/media?parent=216865"}],"wp:term":[{"taxonomy":"category","embeddable":true,"href":"https:\/\/laredsocial-noticias.com\/wp\/wp-json\/wp\/v2\/categories?post=216865"},{"taxonomy":"post_tag","embeddable":true,"href":"https:\/\/laredsocial-noticias.com\/wp\/wp-json\/wp\/v2\/tags?post=216865"}],"curies":[{"name":"wp","href":"https:\/\/api.w.org\/{rel}","templated":true}]}}