{"id":21832,"date":"2016-08-10T15:00:37","date_gmt":"2016-08-10T20:00:37","guid":{"rendered":"http:\/\/laredsocial-noticias.com\/wp\/?p=21832"},"modified":"2016-08-10T14:43:51","modified_gmt":"2016-08-10T19:43:51","slug":"bob-daisley-demanda-a-ozzy-osbourne-por-pago-de-regalias","status":"publish","type":"post","link":"https:\/\/laredsocial-noticias.com\/wp\/bob-daisley-demanda-a-ozzy-osbourne-por-pago-de-regalias\/","title":{"rendered":"Bob Daisley demanda a Ozzy Osbourne por pago de regal\u00edas"},"content":{"rendered":"<p><strong>LOS \u00c1NGELES, 10 de agosto, (AMPRYT \/ C\u00cdRCULO DIGITAL).-\u00a0<\/strong>El m\u00fasico Bob Daisley, quien fuera el bajista dentro de la banda de Ozzy Osbourne, demand\u00f3 al brit\u00e1nico por pago de regal\u00edas, las cuales ascienden a dos millones de d\u00f3lares, report\u00f3 la revista \u201cRolling Stone\u201d.<\/p>\n<div class=\"desarrollo\">\n<p>Daisley interpuso esta querella tras darse cuenta de que no le estaban siendo pagadas las regal\u00edas por parte de la empresa del vocalista de Black Sabbath, Blizzard US, las cuales se hab\u00edan acordado previamente.<\/p>\n<p>De acuerdo con la informaci\u00f3n difundida, los representantes de Ozzy Osbourne explicaron que dicha empresa discogr\u00e1fica es independiente y por ello, maneja los pagos de manera aut\u00f3noma por sus servicios.<\/p>\n<p>Daisley y Osbourne se asociaron en 1979, el primero es coautor del tema \u201cCrazy train\u201d, adem\u00e1s de que ayud\u00f3 a componer otras canciones de los discos \u201cBlizzard of Ozz\u201d y \u201cDiary of a Madam\u201d.<\/p>\n<p>Osbourne refut\u00f3 los cargos en un comunicado de prensa enviado por correo electr\u00f3nico a la revista \u201cRolling Stone\u201d.<\/p>\n<p>\u201cDurante los \u00faltimos 36 a\u00f1os, el se\u00f1or Daisley ha estado recibiendo declaraciones y cheques de regal\u00edas dos veces por a\u00f1o de la divisi\u00f3n en Estados Unidos de Blizzard Music, que pueden ascender a millones de d\u00f3lares, que se han cobrado forma rutinaria\u201d.<\/p>\n<\/div>\n<p>&nbsp;<\/p>\n","protected":false},"excerpt":{"rendered":"<p>LOS \u00c1NGELES, 10 de agosto, (AMPRYT \/ C\u00cdRCULO DIGITAL).-\u00a0El m\u00fasico Bob Daisley, quien fuera el bajista dentro de la banda&#8230;<\/p>\n","protected":false},"author":1,"featured_media":0,"comment_status":"closed","ping_status":"closed","sticky":false,"template":"","format":"standard","meta":{"footnotes":""},"categories":[1796,946],"tags":[1217],"class_list":["post-21832","post","type-post","status-publish","format-standard","hentry","category-circulodigital","category-cultura-y-entretenimiento","tag-cultura-y-entretenimiento"],"yoast_head":"<!-- This site is optimized with the Yoast SEO plugin v26.5 - https:\/\/yoast.com\/wordpress\/plugins\/seo\/ -->\n<title>Bob Daisley demanda a Ozzy Osbourne por pago de regal\u00edas - NOTICIAS<\/title>\n<meta name=\"robots\" content=\"index, follow, max-snippet:-1, max-image-preview:large, max-video-preview:-1\" \/>\n<link rel=\"canonical\" href=\"https:\/\/laredsocial-noticias.com\/wp\/bob-daisley-demanda-a-ozzy-osbourne-por-pago-de-regalias\/\" \/>\n<meta property=\"og:locale\" content=\"es_ES\" \/>\n<meta property=\"og:type\" content=\"article\" \/>\n<meta property=\"og:title\" content=\"Bob Daisley demanda a Ozzy Osbourne por pago de regal\u00edas - NOTICIAS\" \/>\n<meta property=\"og:description\" content=\"LOS \u00c1NGELES, 10 de agosto, (AMPRYT \/ C\u00cdRCULO DIGITAL).-\u00a0El m\u00fasico Bob Daisley, quien fuera el bajista dentro de la banda...\" \/>\n<meta property=\"og:url\" content=\"https:\/\/laredsocial-noticias.com\/wp\/bob-daisley-demanda-a-ozzy-osbourne-por-pago-de-regalias\/\" \/>\n<meta property=\"og:site_name\" content=\"NOTICIAS\" \/>\n<meta property=\"article:published_time\" content=\"2016-08-10T20:00:37+00:00\" \/>\n<meta property=\"og:image\" content=\"https:\/\/laredsocial-noticias.com\/wp\/wp-content\/uploads\/2016\/08\/Ozzy-Osbourne.jpg\" \/>\n\t<meta property=\"og:image:width\" content=\"630\" \/>\n\t<meta property=\"og:image:height\" content=\"420\" \/>\n\t<meta property=\"og:image:type\" content=\"image\/jpeg\" \/>\n<meta name=\"author\" content=\"Editor en Jefe\" \/>\n<meta name=\"twitter:card\" content=\"summary_large_image\" \/>\n<meta name=\"twitter:label1\" content=\"Escrito por\" \/>\n\t<meta name=\"twitter:data1\" content=\"Editor en Jefe\" \/>\n\t<meta name=\"twitter:label2\" content=\"Tiempo de lectura\" \/>\n\t<meta name=\"twitter:data2\" content=\"1 minuto\" \/>\n<!-- \/ Yoast SEO plugin. -->","yoast_head_json":{"title":"Bob Daisley demanda a Ozzy Osbourne por pago de regal\u00edas - NOTICIAS","robots":{"index":"index","follow":"follow","max-snippet":"max-snippet:-1","max-image-preview":"max-image-preview:large","max-video-preview":"max-video-preview:-1"},"canonical":"https:\/\/laredsocial-noticias.com\/wp\/bob-daisley-demanda-a-ozzy-osbourne-por-pago-de-regalias\/","og_locale":"es_ES","og_type":"article","og_title":"Bob Daisley demanda a Ozzy Osbourne por pago de regal\u00edas - NOTICIAS","og_description":"LOS \u00c1NGELES, 10 de agosto, (AMPRYT \/ C\u00cdRCULO DIGITAL).-\u00a0El m\u00fasico Bob Daisley, quien fuera el bajista dentro de la banda...","og_url":"https:\/\/laredsocial-noticias.com\/wp\/bob-daisley-demanda-a-ozzy-osbourne-por-pago-de-regalias\/","og_site_name":"NOTICIAS","article_published_time":"2016-08-10T20:00:37+00:00","og_image":[{"width":630,"height":420,"url":"https:\/\/laredsocial-noticias.com\/wp\/wp-content\/uploads\/2016\/08\/Ozzy-Osbourne.jpg","type":"image\/jpeg"}],"author":"Editor en Jefe","twitter_card":"summary_large_image","twitter_misc":{"Escrito por":"Editor en Jefe","Tiempo de lectura":"1 minuto"},"schema":{"@context":"https:\/\/schema.org","@graph":[{"@type":"WebPage","@id":"https:\/\/laredsocial-noticias.com\/wp\/bob-daisley-demanda-a-ozzy-osbourne-por-pago-de-regalias\/","url":"https:\/\/laredsocial-noticias.com\/wp\/bob-daisley-demanda-a-ozzy-osbourne-por-pago-de-regalias\/","name":"Bob Daisley demanda a Ozzy Osbourne por pago de regal\u00edas - NOTICIAS","isPartOf":{"@id":"https:\/\/laredsocial-noticias.com\/wp\/#website"},"datePublished":"2016-08-10T20:00:37+00:00","author":{"@id":"https:\/\/laredsocial-noticias.com\/wp\/#\/schema\/person\/0ce78643f2de7aae6f6ef10e8453a6e0"},"breadcrumb":{"@id":"https:\/\/laredsocial-noticias.com\/wp\/bob-daisley-demanda-a-ozzy-osbourne-por-pago-de-regalias\/#breadcrumb"},"inLanguage":"es","potentialAction":[{"@type":"ReadAction","target":["https:\/\/laredsocial-noticias.com\/wp\/bob-daisley-demanda-a-ozzy-osbourne-por-pago-de-regalias\/"]}]},{"@type":"BreadcrumbList","@id":"https:\/\/laredsocial-noticias.com\/wp\/bob-daisley-demanda-a-ozzy-osbourne-por-pago-de-regalias\/#breadcrumb","itemListElement":[{"@type":"ListItem","position":1,"name":"Portada","item":"https:\/\/laredsocial-noticias.com\/wp\/"},{"@type":"ListItem","position":2,"name":"Bob Daisley demanda a Ozzy Osbourne por pago de regal\u00edas"}]},{"@type":"WebSite","@id":"https:\/\/laredsocial-noticias.com\/wp\/#website","url":"https:\/\/laredsocial-noticias.com\/wp\/","name":"NOTICIAS","description":"Lo que se ve y se dice en las redes sociales","potentialAction":[{"@type":"SearchAction","target":{"@type":"EntryPoint","urlTemplate":"https:\/\/laredsocial-noticias.com\/wp\/?s={search_term_string}"},"query-input":{"@type":"PropertyValueSpecification","valueRequired":true,"valueName":"search_term_string"}}],"inLanguage":"es"},{"@type":"Person","@id":"https:\/\/laredsocial-noticias.com\/wp\/#\/schema\/person\/0ce78643f2de7aae6f6ef10e8453a6e0","name":"Editor en Jefe","url":"https:\/\/laredsocial-noticias.com\/wp\/author\/jorgeochoa\/"}]}},"_links":{"self":[{"href":"https:\/\/laredsocial-noticias.com\/wp\/wp-json\/wp\/v2\/posts\/21832","targetHints":{"allow":["GET"]}}],"collection":[{"href":"https:\/\/laredsocial-noticias.com\/wp\/wp-json\/wp\/v2\/posts"}],"about":[{"href":"https:\/\/laredsocial-noticias.com\/wp\/wp-json\/wp\/v2\/types\/post"}],"author":[{"embeddable":true,"href":"https:\/\/laredsocial-noticias.com\/wp\/wp-json\/wp\/v2\/users\/1"}],"replies":[{"embeddable":true,"href":"https:\/\/laredsocial-noticias.com\/wp\/wp-json\/wp\/v2\/comments?post=21832"}],"version-history":[{"count":1,"href":"https:\/\/laredsocial-noticias.com\/wp\/wp-json\/wp\/v2\/posts\/21832\/revisions"}],"predecessor-version":[{"id":21833,"href":"https:\/\/laredsocial-noticias.com\/wp\/wp-json\/wp\/v2\/posts\/21832\/revisions\/21833"}],"wp:attachment":[{"href":"https:\/\/laredsocial-noticias.com\/wp\/wp-json\/wp\/v2\/media?parent=21832"}],"wp:term":[{"taxonomy":"category","embeddable":true,"href":"https:\/\/laredsocial-noticias.com\/wp\/wp-json\/wp\/v2\/categories?post=21832"},{"taxonomy":"post_tag","embeddable":true,"href":"https:\/\/laredsocial-noticias.com\/wp\/wp-json\/wp\/v2\/tags?post=21832"}],"curies":[{"name":"wp","href":"https:\/\/api.w.org\/{rel}","templated":true}]}}