{"id":21999,"date":"2016-08-11T13:31:04","date_gmt":"2016-08-11T18:31:04","guid":{"rendered":"http:\/\/laredsocial-noticias.com\/wp\/?p=21999"},"modified":"2016-08-11T13:31:14","modified_gmt":"2016-08-11T18:31:14","slug":"congreso-exige-a-poder-electoral-celeridad-para-consulta-contra-maduro","status":"publish","type":"post","link":"https:\/\/laredsocial-noticias.com\/wp\/congreso-exige-a-poder-electoral-celeridad-para-consulta-contra-maduro\/","title":{"rendered":"Congreso exige a poder electoral celeridad para consulta contra Maduro"},"content":{"rendered":"<p><strong>CARACAS, 11 de agosto, (AMPRYT \/ C\u00cdRCULO DIGITAL).-\u00a0<\/strong>La Asamblea Nacional (parlamento unicameral) venezolana aprob\u00f3 hoy una resoluci\u00f3n que exige al Consejo Nacional Electoral (CNE) que d\u00e9 celeridad al tr\u00e1mite este a\u00f1o de un refer\u00e9ndum revocatorio del mandato del presidente Nicol\u00e1s Maduro.<\/p>\n<p>La exhortaci\u00f3n fue aprobada luego que la presidenta del CNE, Tibisay Lucena, dijera el martes que la recolecci\u00f3n de firmas de electores para activar la consulta contra Maduro, que debe reunir casi cuatro millones de firmas o 20 por ciento del padr\u00f3n electoral, podr\u00eda realizarse a fines de octubre.<\/p>\n<p>La posici\u00f3n de Lucena dej\u00f3 en duda la realizaci\u00f3n este a\u00f1o del refer\u00e9ndum.<\/p>\n<p>La Asamblea, dominada por la oposici\u00f3n, pidi\u00f3 adem\u00e1s la publicaci\u00f3n del cronograma del refer\u00e9ndum, ya que s\u00f3lo se conoce que tras la recolecci\u00f3n de firmas, transcurrir\u00e1 un lapso de al menos 90 d\u00edas para convocar la consulta.<\/p>\n<p>El acuerdo tambi\u00e9n exhort\u00f3 al \u00f3rgano electoral a iniciar el procedimiento para convocar las elecciones de gobernadores, que est\u00e1n previstas para fines de este a\u00f1o, y que podr\u00edan suspenderse debido al tr\u00e1mite del refer\u00e9ndum.<\/p>\n<p>La bancada mayoritaria aprob\u00f3 el pronunciamiento despu\u00e9s de un debate en el que sostuvo que el refer\u00e9ndum contra Maduro es la f\u00f3rmula democr\u00e1tica y pac\u00edfica para cambiar de gobierno y superar la crisis de desabastecimiento de alimentos y medicinas en el pa\u00eds.<\/p>\n<p>La declaraci\u00f3n exhort\u00f3 al CNE a respetar los procesos electorales como elementos de la democracia.<\/p>\n<p>Adem\u00e1s recalc\u00f3 que el ente electoral est\u00e1 &#8220;obligado a favorecer el desarrollo de los procesos electorales, consultas y referendos, sin obstaculizar ni delatar el ejercicio de los derechos pol\u00edticos de los venezolanos\u201d.<\/p>\n<p>Agreg\u00f3 que la Constituci\u00f3n obliga al CNE a facilitar la generaci\u00f3n de condiciones para la expresi\u00f3n popular y que la Asamblea Nacional debe exigir el respeto de los lapsos legales y el cumplimiento oportuno de los tr\u00e1mites para realizar el refer\u00e9ndum revocatorio solicitado.<\/p>\n<p>&#8220;Exigimos a los directivos del CNE el ejercicio responsable de esta atribuci\u00f3n para garantizar el ejercicio de los derechos pol\u00edticos&#8221;, dijo.<\/p>\n<p>A la vez, pidi\u00f3 celeridad en el tr\u00e1mite del refer\u00e9ndum, con la publicaci\u00f3n del cronograma electoral.<\/p>\n<p>Agreg\u00f3 que el CNE incurre en un incumplimiento de sus deberes al no fijar la fecha de las elecciones de gobernadores, las cuales deben realizarse este a\u00f1o, cuando se cumple el mandato de cuatro a\u00f1os de los actuales jefes regionales.<\/p>\n<p>&#8220;Exigimos a la presidenta del CNE que asuma su obligaci\u00f3n constitucional de generar condiciones favorables para el ejercicio de derechos fundamentales, a trav\u00e9s del refer\u00e9ndum, previsto en la Constituci\u00f3n, as\u00ed como las elecciones de gobernadores&#8221;, indic\u00f3.<\/p>\n<p>Asimismo, llam\u00f3 a la Defensor\u00eda del Pueblo para que garantice el efectivo respeto a los derechos pol\u00edticos e intentar acciones legales contra los directivos del CNE que obstaculicen sin justificaci\u00f3n el proceso electoral.<\/p>\n<p>El parlamento tambi\u00e9n aprob\u00f3 un respaldo a las recientes declaraciones del secretario general de las Naciones Unidas (ONU), Ban Ki-moon, quien se\u00f1al\u00f3 que Venezuela vive una crisis humanitaria y ofreci\u00f3 ayuda del organismo.<\/p>\n","protected":false},"excerpt":{"rendered":"<p>CARACAS, 11 de agosto, (AMPRYT \/ C\u00cdRCULO DIGITAL).-\u00a0La Asamblea Nacional (parlamento unicameral) venezolana aprob\u00f3 hoy una resoluci\u00f3n que exige al&#8230;<\/p>\n","protected":false},"author":1,"featured_media":0,"comment_status":"closed","ping_status":"closed","sticky":false,"template":"","format":"standard","meta":{"footnotes":""},"categories":[1796,101,73],"tags":[145,77],"class_list":["post-21999","post","type-post","status-publish","format-standard","hentry","category-circulodigital","category-internacional","category-principal","tag-internacional","tag-principal"],"yoast_head":"<!-- This site is optimized with the Yoast SEO plugin v26.5 - https:\/\/yoast.com\/wordpress\/plugins\/seo\/ -->\n<title>Congreso exige a poder electoral celeridad para consulta contra Maduro - NOTICIAS<\/title>\n<meta name=\"robots\" content=\"index, follow, max-snippet:-1, max-image-preview:large, max-video-preview:-1\" \/>\n<link rel=\"canonical\" href=\"https:\/\/laredsocial-noticias.com\/wp\/congreso-exige-a-poder-electoral-celeridad-para-consulta-contra-maduro\/\" \/>\n<meta property=\"og:locale\" content=\"es_ES\" \/>\n<meta property=\"og:type\" content=\"article\" \/>\n<meta property=\"og:title\" content=\"Congreso exige a poder electoral celeridad para consulta contra Maduro - NOTICIAS\" \/>\n<meta property=\"og:description\" content=\"CARACAS, 11 de agosto, (AMPRYT \/ C\u00cdRCULO DIGITAL).-\u00a0La Asamblea Nacional (parlamento unicameral) venezolana aprob\u00f3 hoy una resoluci\u00f3n que exige al...\" \/>\n<meta property=\"og:url\" content=\"https:\/\/laredsocial-noticias.com\/wp\/congreso-exige-a-poder-electoral-celeridad-para-consulta-contra-maduro\/\" \/>\n<meta property=\"og:site_name\" content=\"NOTICIAS\" \/>\n<meta property=\"article:published_time\" content=\"2016-08-11T18:31:04+00:00\" \/>\n<meta property=\"article:modified_time\" content=\"2016-08-11T18:31:14+00:00\" \/>\n<meta property=\"og:image\" content=\"https:\/\/laredsocial-noticias.com\/wp\/wp-content\/uploads\/2016\/08\/Nicola\u0301s-Maduro-e1467998617527.jpg\" \/>\n\t<meta property=\"og:image:width\" content=\"600\" \/>\n\t<meta property=\"og:image:height\" content=\"400\" \/>\n\t<meta property=\"og:image:type\" content=\"image\/jpeg\" \/>\n<meta name=\"author\" content=\"Editor en Jefe\" \/>\n<meta name=\"twitter:card\" content=\"summary_large_image\" \/>\n<meta name=\"twitter:label1\" content=\"Escrito por\" \/>\n\t<meta name=\"twitter:data1\" content=\"Editor en Jefe\" \/>\n\t<meta name=\"twitter:label2\" content=\"Tiempo de lectura\" \/>\n\t<meta name=\"twitter:data2\" content=\"3 minutos\" \/>\n<!-- \/ Yoast SEO plugin. -->","yoast_head_json":{"title":"Congreso exige a poder electoral celeridad para consulta contra Maduro - NOTICIAS","robots":{"index":"index","follow":"follow","max-snippet":"max-snippet:-1","max-image-preview":"max-image-preview:large","max-video-preview":"max-video-preview:-1"},"canonical":"https:\/\/laredsocial-noticias.com\/wp\/congreso-exige-a-poder-electoral-celeridad-para-consulta-contra-maduro\/","og_locale":"es_ES","og_type":"article","og_title":"Congreso exige a poder electoral celeridad para consulta contra Maduro - NOTICIAS","og_description":"CARACAS, 11 de agosto, (AMPRYT \/ C\u00cdRCULO DIGITAL).-\u00a0La Asamblea Nacional (parlamento unicameral) venezolana aprob\u00f3 hoy una resoluci\u00f3n que exige al...","og_url":"https:\/\/laredsocial-noticias.com\/wp\/congreso-exige-a-poder-electoral-celeridad-para-consulta-contra-maduro\/","og_site_name":"NOTICIAS","article_published_time":"2016-08-11T18:31:04+00:00","article_modified_time":"2016-08-11T18:31:14+00:00","og_image":[{"width":600,"height":400,"url":"https:\/\/laredsocial-noticias.com\/wp\/wp-content\/uploads\/2016\/08\/Nicola\u0301s-Maduro-e1467998617527.jpg","type":"image\/jpeg"}],"author":"Editor en Jefe","twitter_card":"summary_large_image","twitter_misc":{"Escrito por":"Editor en Jefe","Tiempo de lectura":"3 minutos"},"schema":{"@context":"https:\/\/schema.org","@graph":[{"@type":"WebPage","@id":"https:\/\/laredsocial-noticias.com\/wp\/congreso-exige-a-poder-electoral-celeridad-para-consulta-contra-maduro\/","url":"https:\/\/laredsocial-noticias.com\/wp\/congreso-exige-a-poder-electoral-celeridad-para-consulta-contra-maduro\/","name":"Congreso exige a poder electoral celeridad para consulta contra Maduro - NOTICIAS","isPartOf":{"@id":"https:\/\/laredsocial-noticias.com\/wp\/#website"},"datePublished":"2016-08-11T18:31:04+00:00","dateModified":"2016-08-11T18:31:14+00:00","author":{"@id":"https:\/\/laredsocial-noticias.com\/wp\/#\/schema\/person\/0ce78643f2de7aae6f6ef10e8453a6e0"},"breadcrumb":{"@id":"https:\/\/laredsocial-noticias.com\/wp\/congreso-exige-a-poder-electoral-celeridad-para-consulta-contra-maduro\/#breadcrumb"},"inLanguage":"es","potentialAction":[{"@type":"ReadAction","target":["https:\/\/laredsocial-noticias.com\/wp\/congreso-exige-a-poder-electoral-celeridad-para-consulta-contra-maduro\/"]}]},{"@type":"BreadcrumbList","@id":"https:\/\/laredsocial-noticias.com\/wp\/congreso-exige-a-poder-electoral-celeridad-para-consulta-contra-maduro\/#breadcrumb","itemListElement":[{"@type":"ListItem","position":1,"name":"Portada","item":"https:\/\/laredsocial-noticias.com\/wp\/"},{"@type":"ListItem","position":2,"name":"Congreso exige a poder electoral celeridad para consulta contra Maduro"}]},{"@type":"WebSite","@id":"https:\/\/laredsocial-noticias.com\/wp\/#website","url":"https:\/\/laredsocial-noticias.com\/wp\/","name":"NOTICIAS","description":"Lo que se ve y se dice en las redes sociales","potentialAction":[{"@type":"SearchAction","target":{"@type":"EntryPoint","urlTemplate":"https:\/\/laredsocial-noticias.com\/wp\/?s={search_term_string}"},"query-input":{"@type":"PropertyValueSpecification","valueRequired":true,"valueName":"search_term_string"}}],"inLanguage":"es"},{"@type":"Person","@id":"https:\/\/laredsocial-noticias.com\/wp\/#\/schema\/person\/0ce78643f2de7aae6f6ef10e8453a6e0","name":"Editor en Jefe","url":"https:\/\/laredsocial-noticias.com\/wp\/author\/jorgeochoa\/"}]}},"_links":{"self":[{"href":"https:\/\/laredsocial-noticias.com\/wp\/wp-json\/wp\/v2\/posts\/21999","targetHints":{"allow":["GET"]}}],"collection":[{"href":"https:\/\/laredsocial-noticias.com\/wp\/wp-json\/wp\/v2\/posts"}],"about":[{"href":"https:\/\/laredsocial-noticias.com\/wp\/wp-json\/wp\/v2\/types\/post"}],"author":[{"embeddable":true,"href":"https:\/\/laredsocial-noticias.com\/wp\/wp-json\/wp\/v2\/users\/1"}],"replies":[{"embeddable":true,"href":"https:\/\/laredsocial-noticias.com\/wp\/wp-json\/wp\/v2\/comments?post=21999"}],"version-history":[{"count":1,"href":"https:\/\/laredsocial-noticias.com\/wp\/wp-json\/wp\/v2\/posts\/21999\/revisions"}],"predecessor-version":[{"id":22000,"href":"https:\/\/laredsocial-noticias.com\/wp\/wp-json\/wp\/v2\/posts\/21999\/revisions\/22000"}],"wp:attachment":[{"href":"https:\/\/laredsocial-noticias.com\/wp\/wp-json\/wp\/v2\/media?parent=21999"}],"wp:term":[{"taxonomy":"category","embeddable":true,"href":"https:\/\/laredsocial-noticias.com\/wp\/wp-json\/wp\/v2\/categories?post=21999"},{"taxonomy":"post_tag","embeddable":true,"href":"https:\/\/laredsocial-noticias.com\/wp\/wp-json\/wp\/v2\/tags?post=21999"}],"curies":[{"name":"wp","href":"https:\/\/api.w.org\/{rel}","templated":true}]}}