{"id":22002,"date":"2016-08-11T13:34:23","date_gmt":"2016-08-11T18:34:23","guid":{"rendered":"http:\/\/laredsocial-noticias.com\/wp\/?p=22002"},"modified":"2016-08-11T13:34:40","modified_gmt":"2016-08-11T18:34:40","slug":"delegacion-paralimpica-a-rio-2016-se-tomara-foto-en-el-angel","status":"publish","type":"post","link":"https:\/\/laredsocial-noticias.com\/wp\/delegacion-paralimpica-a-rio-2016-se-tomara-foto-en-el-angel\/","title":{"rendered":"Delegaci\u00f3n paral\u00edmpica a R\u00edo 2016 se tomar\u00e1 foto en el \u00c1ngel"},"content":{"rendered":"<p><strong>CIUDAD DE M\u00c9XICO, 11 de agosto, (REVANCHA DEPORTIVA \/ C\u00cdRCULO DIGITAL).-\u00a0<\/strong>Los 66 seleccionados mexicanos a los Juegos Paral\u00edmpicos R\u00edo 2016 se tomar\u00e1n la foto oficial al pie del \u00c1ngel de la Independencia, a las 12:00 horas del pr\u00f3ximo domingo, inform\u00f3 hoy Luis C\u00f3rdova, de la Fundaci\u00f3n Vivir Sin L\u00edmites.<\/p>\n<p>Esta foto es parte de la caravana de despedida de los seleccionados tricolores, misma que iniciar\u00e1 a las 8:30 horas en el Centro Paral\u00edmpico, donde habr\u00e1 un banderazo de salida en dos autobuses que llevar\u00e1 estampada la imagen de los elegidos para la justa veraniega.<\/p>\n<p>Ellos har\u00e1n la primera escala en el Acuario Inbursa, al que ingresar\u00e1n, y de ah\u00ed hacia el \u00c1ngel de la Independencia para, por primera vez, tomarse la foto oficial en dicho recinto.<\/p>\n<p>&#8220;Es una forma de reconocer a nuestros atletas, que la gente los vea, que se tomen fotos con ellos y desearles lo mejor en su participaci\u00f3n&#8221;, dijo C\u00f3rdova, quien coment\u00f3 que la primera caravana se hizo rumbo a los Juegos Parapanamericanos Toronto 2015.<\/p>\n<p>En el anuncio de la caravana de despedida estuvo presente la judoca Lenia Ruvalcaba, quien coment\u00f3 que el a\u00f1o pasado no pudo participar, pero esta vez s\u00ed ser\u00e1 parte del grupo y se siente contenta porque &#8220;es un detalle importante&#8221;.<\/p>\n<p>Tambi\u00e9n asisti\u00f3 Liliana Su\u00e1rez, presidenta del Comit\u00e9 Paral\u00edmpico Mexicano, y Samuel P\u00e9rez, quien es el Jefe de misi\u00f3n y encargado del deporte adaptado en la Conade.<\/p>\n","protected":false},"excerpt":{"rendered":"<p>CIUDAD DE M\u00c9XICO, 11 de agosto, (REVANCHA DEPORTIVA \/ C\u00cdRCULO DIGITAL).-\u00a0Los 66 seleccionados mexicanos a los Juegos Paral\u00edmpicos R\u00edo 2016&#8230;<\/p>\n","protected":false},"author":1,"featured_media":0,"comment_status":"closed","ping_status":"closed","sticky":false,"template":"","format":"standard","meta":{"footnotes":""},"categories":[1796,337],"tags":[670],"class_list":["post-22002","post","type-post","status-publish","format-standard","hentry","category-circulodigital","category-deportes","tag-deportes"],"yoast_head":"<!-- This site is optimized with the Yoast SEO plugin v26.5 - https:\/\/yoast.com\/wordpress\/plugins\/seo\/ -->\n<title>Delegaci\u00f3n paral\u00edmpica a R\u00edo 2016 se tomar\u00e1 foto en el \u00c1ngel - NOTICIAS<\/title>\n<meta name=\"robots\" content=\"index, follow, max-snippet:-1, max-image-preview:large, max-video-preview:-1\" \/>\n<link rel=\"canonical\" href=\"https:\/\/laredsocial-noticias.com\/wp\/delegacion-paralimpica-a-rio-2016-se-tomara-foto-en-el-angel\/\" \/>\n<meta property=\"og:locale\" content=\"es_ES\" \/>\n<meta property=\"og:type\" content=\"article\" \/>\n<meta property=\"og:title\" content=\"Delegaci\u00f3n paral\u00edmpica a R\u00edo 2016 se tomar\u00e1 foto en el \u00c1ngel - NOTICIAS\" \/>\n<meta property=\"og:description\" content=\"CIUDAD DE M\u00c9XICO, 11 de agosto, (REVANCHA DEPORTIVA \/ C\u00cdRCULO DIGITAL).-\u00a0Los 66 seleccionados mexicanos a los Juegos Paral\u00edmpicos R\u00edo 2016...\" \/>\n<meta property=\"og:url\" content=\"https:\/\/laredsocial-noticias.com\/wp\/delegacion-paralimpica-a-rio-2016-se-tomara-foto-en-el-angel\/\" \/>\n<meta property=\"og:site_name\" content=\"NOTICIAS\" \/>\n<meta property=\"article:published_time\" content=\"2016-08-11T18:34:23+00:00\" \/>\n<meta property=\"article:modified_time\" content=\"2016-08-11T18:34:40+00:00\" \/>\n<meta property=\"og:image\" content=\"https:\/\/laredsocial-noticias.com\/wp\/wp-content\/uploads\/2016\/08\/Angel-ciudad-de-me\u0301xico.jpg\" \/>\n\t<meta property=\"og:image:width\" content=\"650\" \/>\n\t<meta property=\"og:image:height\" content=\"430\" \/>\n\t<meta property=\"og:image:type\" content=\"image\/jpeg\" \/>\n<meta name=\"author\" content=\"Editor en Jefe\" \/>\n<meta name=\"twitter:card\" content=\"summary_large_image\" \/>\n<meta name=\"twitter:label1\" content=\"Escrito por\" \/>\n\t<meta name=\"twitter:data1\" content=\"Editor en Jefe\" \/>\n\t<meta name=\"twitter:label2\" content=\"Tiempo de lectura\" \/>\n\t<meta name=\"twitter:data2\" content=\"1 minuto\" \/>\n<!-- \/ Yoast SEO plugin. -->","yoast_head_json":{"title":"Delegaci\u00f3n paral\u00edmpica a R\u00edo 2016 se tomar\u00e1 foto en el \u00c1ngel - NOTICIAS","robots":{"index":"index","follow":"follow","max-snippet":"max-snippet:-1","max-image-preview":"max-image-preview:large","max-video-preview":"max-video-preview:-1"},"canonical":"https:\/\/laredsocial-noticias.com\/wp\/delegacion-paralimpica-a-rio-2016-se-tomara-foto-en-el-angel\/","og_locale":"es_ES","og_type":"article","og_title":"Delegaci\u00f3n paral\u00edmpica a R\u00edo 2016 se tomar\u00e1 foto en el \u00c1ngel - NOTICIAS","og_description":"CIUDAD DE M\u00c9XICO, 11 de agosto, (REVANCHA DEPORTIVA \/ C\u00cdRCULO DIGITAL).-\u00a0Los 66 seleccionados mexicanos a los Juegos Paral\u00edmpicos R\u00edo 2016...","og_url":"https:\/\/laredsocial-noticias.com\/wp\/delegacion-paralimpica-a-rio-2016-se-tomara-foto-en-el-angel\/","og_site_name":"NOTICIAS","article_published_time":"2016-08-11T18:34:23+00:00","article_modified_time":"2016-08-11T18:34:40+00:00","og_image":[{"width":650,"height":430,"url":"https:\/\/laredsocial-noticias.com\/wp\/wp-content\/uploads\/2016\/08\/Angel-ciudad-de-me\u0301xico.jpg","type":"image\/jpeg"}],"author":"Editor en Jefe","twitter_card":"summary_large_image","twitter_misc":{"Escrito por":"Editor en Jefe","Tiempo de lectura":"1 minuto"},"schema":{"@context":"https:\/\/schema.org","@graph":[{"@type":"WebPage","@id":"https:\/\/laredsocial-noticias.com\/wp\/delegacion-paralimpica-a-rio-2016-se-tomara-foto-en-el-angel\/","url":"https:\/\/laredsocial-noticias.com\/wp\/delegacion-paralimpica-a-rio-2016-se-tomara-foto-en-el-angel\/","name":"Delegaci\u00f3n paral\u00edmpica a R\u00edo 2016 se tomar\u00e1 foto en el \u00c1ngel - NOTICIAS","isPartOf":{"@id":"https:\/\/laredsocial-noticias.com\/wp\/#website"},"datePublished":"2016-08-11T18:34:23+00:00","dateModified":"2016-08-11T18:34:40+00:00","author":{"@id":"https:\/\/laredsocial-noticias.com\/wp\/#\/schema\/person\/0ce78643f2de7aae6f6ef10e8453a6e0"},"breadcrumb":{"@id":"https:\/\/laredsocial-noticias.com\/wp\/delegacion-paralimpica-a-rio-2016-se-tomara-foto-en-el-angel\/#breadcrumb"},"inLanguage":"es","potentialAction":[{"@type":"ReadAction","target":["https:\/\/laredsocial-noticias.com\/wp\/delegacion-paralimpica-a-rio-2016-se-tomara-foto-en-el-angel\/"]}]},{"@type":"BreadcrumbList","@id":"https:\/\/laredsocial-noticias.com\/wp\/delegacion-paralimpica-a-rio-2016-se-tomara-foto-en-el-angel\/#breadcrumb","itemListElement":[{"@type":"ListItem","position":1,"name":"Portada","item":"https:\/\/laredsocial-noticias.com\/wp\/"},{"@type":"ListItem","position":2,"name":"Delegaci\u00f3n paral\u00edmpica a R\u00edo 2016 se tomar\u00e1 foto en el \u00c1ngel"}]},{"@type":"WebSite","@id":"https:\/\/laredsocial-noticias.com\/wp\/#website","url":"https:\/\/laredsocial-noticias.com\/wp\/","name":"NOTICIAS","description":"Lo que se ve y se dice en las redes sociales","potentialAction":[{"@type":"SearchAction","target":{"@type":"EntryPoint","urlTemplate":"https:\/\/laredsocial-noticias.com\/wp\/?s={search_term_string}"},"query-input":{"@type":"PropertyValueSpecification","valueRequired":true,"valueName":"search_term_string"}}],"inLanguage":"es"},{"@type":"Person","@id":"https:\/\/laredsocial-noticias.com\/wp\/#\/schema\/person\/0ce78643f2de7aae6f6ef10e8453a6e0","name":"Editor en Jefe","url":"https:\/\/laredsocial-noticias.com\/wp\/author\/jorgeochoa\/"}]}},"_links":{"self":[{"href":"https:\/\/laredsocial-noticias.com\/wp\/wp-json\/wp\/v2\/posts\/22002","targetHints":{"allow":["GET"]}}],"collection":[{"href":"https:\/\/laredsocial-noticias.com\/wp\/wp-json\/wp\/v2\/posts"}],"about":[{"href":"https:\/\/laredsocial-noticias.com\/wp\/wp-json\/wp\/v2\/types\/post"}],"author":[{"embeddable":true,"href":"https:\/\/laredsocial-noticias.com\/wp\/wp-json\/wp\/v2\/users\/1"}],"replies":[{"embeddable":true,"href":"https:\/\/laredsocial-noticias.com\/wp\/wp-json\/wp\/v2\/comments?post=22002"}],"version-history":[{"count":1,"href":"https:\/\/laredsocial-noticias.com\/wp\/wp-json\/wp\/v2\/posts\/22002\/revisions"}],"predecessor-version":[{"id":22003,"href":"https:\/\/laredsocial-noticias.com\/wp\/wp-json\/wp\/v2\/posts\/22002\/revisions\/22003"}],"wp:attachment":[{"href":"https:\/\/laredsocial-noticias.com\/wp\/wp-json\/wp\/v2\/media?parent=22002"}],"wp:term":[{"taxonomy":"category","embeddable":true,"href":"https:\/\/laredsocial-noticias.com\/wp\/wp-json\/wp\/v2\/categories?post=22002"},{"taxonomy":"post_tag","embeddable":true,"href":"https:\/\/laredsocial-noticias.com\/wp\/wp-json\/wp\/v2\/tags?post=22002"}],"curies":[{"name":"wp","href":"https:\/\/api.w.org\/{rel}","templated":true}]}}