{"id":220067,"date":"2024-04-26T14:09:49","date_gmt":"2024-04-26T20:09:49","guid":{"rendered":"https:\/\/laredsocial-noticias.com\/wp\/?p=220067"},"modified":"2024-04-26T14:10:06","modified_gmt":"2024-04-26T20:10:06","slug":"tribunal-ordena-despenalizar-el-aborto-voluntario-en-jalisco","status":"publish","type":"post","link":"https:\/\/laredsocial-noticias.com\/wp\/tribunal-ordena-despenalizar-el-aborto-voluntario-en-jalisco\/","title":{"rendered":"Tribunal ordena despenalizar el aborto voluntario en Jalisco"},"content":{"rendered":"<p>Jalisco\u00a0se prepara para ser el\u00a0decimotercer estado en M\u00e9xico\u00a0en\u00a0despenalizar el aborto voluntario, tras una resoluci\u00f3n un\u00e1nime de un tribunal federal que\u00a0declar\u00f3 inconstitucionales los art\u00edculos que proh\u00edben esta pr\u00e1ctica\u00a0en el\u00a0C\u00f3digo Penal estatal.<\/p>\n<p>La decisi\u00f3n fue anunciada por la organizaci\u00f3n\u00a0Grupo de Informaci\u00f3n en Reproducci\u00f3n Elegida\u00a0(Gire), que ha liderado la estrategia jur\u00eddica detr\u00e1s de este cambio legislativo.<\/p>\n<p>El segundo tribunal colegiado en materia penal del tercer circuito determin\u00f3 que el\u00a0Congreso de Jalisco\u00a0debe\u00a0derogar el delito de aborto autoprocurado\u00a0y\u00a0consentido.<\/p>\n<p>Esta medida sigue los pasos de otros\u00a0doce estados\u00a0que han liberalizado el aborto bajo diversas circunstancias, con\u00a0Aguascalientes\u00a0siendo el m\u00e1s reciente antes de\u00a0Jalisco.<\/p>\n<p>La sentencia se basa en una estrategia legal que comenz\u00f3 en\u00a02022\u00a0y utiliza el precedente de la\u00a0Acci\u00f3n de Inconstitucionalidad 148\/2017\u00a0de la Suprema Corte de Justicia de la Naci\u00f3n (SCJN) de 2021, que descriminaliz\u00f3 el aborto.<\/p>\n<div><\/div>\n<p>Gire\u00a0destaca que el objetivo es garantizar que \u201cninguna mujer, hombre trans o persona no binarie gestante, ni al personal de salud o a las personas que acompa\u00f1an, se les criminalice por aborto\u201c.<\/p>\n<p>El fallo es especialmente significativo tras las recientes acusaciones de negligencia por parte del Gobierno de Jalisco en el manejo del\u00a0caso de una adolescente ind\u00edgena v\u00edctima de violaci\u00f3n, a quien no se le aplic\u00f3 el protocolo de atenci\u00f3n debido.<\/p>\n<p>Ahora, el Congreso de Jalisco debe\u00a0actuar y modificar el C\u00f3digo Penal\u00a0para asegurar el acceso al aborto\u00a0de manera libre y voluntaria.<\/p>\n<p>Gire\u00a0insta a otros tribunales que tienen casos pendientes de amparo a adoptar los mismos est\u00e1ndares de derechos humanos empleados en los casos de\u00a0Aguascalientes\u00a0y\u00a0Jalisco, siguiendo los criterios ya establecidos por la\u00a0SCJN\u00a0en materia de aborto y autonom\u00eda reproductiva.<\/p>\n","protected":false},"excerpt":{"rendered":"<p>Jalisco\u00a0se prepara para ser el\u00a0decimotercer estado en M\u00e9xico\u00a0en\u00a0despenalizar el aborto voluntario, tras una resoluci\u00f3n un\u00e1nime de un tribunal federal que\u00a0declar\u00f3&#8230;<\/p>\n","protected":false},"author":1,"featured_media":0,"comment_status":"open","ping_status":"closed","sticky":false,"template":"","format":"standard","meta":{"footnotes":""},"categories":[2379,6026],"tags":[4959,77],"class_list":["post-220067","post","type-post","status-publish","format-standard","hentry","category-estados-2","category-portada","tag-featured","tag-principal"],"yoast_head":"<!-- This site is optimized with the Yoast SEO plugin v26.5 - https:\/\/yoast.com\/wordpress\/plugins\/seo\/ -->\n<title>Tribunal ordena despenalizar el aborto voluntario en Jalisco - NOTICIAS<\/title>\n<meta name=\"robots\" content=\"index, follow, max-snippet:-1, max-image-preview:large, max-video-preview:-1\" \/>\n<link rel=\"canonical\" href=\"https:\/\/laredsocial-noticias.com\/wp\/tribunal-ordena-despenalizar-el-aborto-voluntario-en-jalisco\/\" \/>\n<meta property=\"og:locale\" content=\"es_ES\" \/>\n<meta property=\"og:type\" content=\"article\" \/>\n<meta property=\"og:title\" content=\"Tribunal ordena despenalizar el aborto voluntario en Jalisco - NOTICIAS\" \/>\n<meta property=\"og:description\" content=\"Jalisco\u00a0se prepara para ser el\u00a0decimotercer estado en M\u00e9xico\u00a0en\u00a0despenalizar el aborto voluntario, tras una resoluci\u00f3n un\u00e1nime de un tribunal federal que\u00a0declar\u00f3...\" \/>\n<meta property=\"og:url\" content=\"https:\/\/laredsocial-noticias.com\/wp\/tribunal-ordena-despenalizar-el-aborto-voluntario-en-jalisco\/\" \/>\n<meta property=\"og:site_name\" content=\"NOTICIAS\" \/>\n<meta property=\"article:published_time\" content=\"2024-04-26T20:09:49+00:00\" \/>\n<meta property=\"article:modified_time\" content=\"2024-04-26T20:10:06+00:00\" \/>\n<meta name=\"author\" content=\"Editor en Jefe\" \/>\n<meta name=\"twitter:card\" content=\"summary_large_image\" \/>\n<meta name=\"twitter:label1\" content=\"Escrito por\" \/>\n\t<meta name=\"twitter:data1\" content=\"Editor en Jefe\" \/>\n\t<meta name=\"twitter:label2\" content=\"Tiempo de lectura\" \/>\n\t<meta name=\"twitter:data2\" content=\"2 minutos\" \/>\n<!-- \/ Yoast SEO plugin. -->","yoast_head_json":{"title":"Tribunal ordena despenalizar el aborto voluntario en Jalisco - NOTICIAS","robots":{"index":"index","follow":"follow","max-snippet":"max-snippet:-1","max-image-preview":"max-image-preview:large","max-video-preview":"max-video-preview:-1"},"canonical":"https:\/\/laredsocial-noticias.com\/wp\/tribunal-ordena-despenalizar-el-aborto-voluntario-en-jalisco\/","og_locale":"es_ES","og_type":"article","og_title":"Tribunal ordena despenalizar el aborto voluntario en Jalisco - NOTICIAS","og_description":"Jalisco\u00a0se prepara para ser el\u00a0decimotercer estado en M\u00e9xico\u00a0en\u00a0despenalizar el aborto voluntario, tras una resoluci\u00f3n un\u00e1nime de un tribunal federal que\u00a0declar\u00f3...","og_url":"https:\/\/laredsocial-noticias.com\/wp\/tribunal-ordena-despenalizar-el-aborto-voluntario-en-jalisco\/","og_site_name":"NOTICIAS","article_published_time":"2024-04-26T20:09:49+00:00","article_modified_time":"2024-04-26T20:10:06+00:00","author":"Editor en Jefe","twitter_card":"summary_large_image","twitter_misc":{"Escrito por":"Editor en Jefe","Tiempo de lectura":"2 minutos"},"schema":{"@context":"https:\/\/schema.org","@graph":[{"@type":"WebPage","@id":"https:\/\/laredsocial-noticias.com\/wp\/tribunal-ordena-despenalizar-el-aborto-voluntario-en-jalisco\/","url":"https:\/\/laredsocial-noticias.com\/wp\/tribunal-ordena-despenalizar-el-aborto-voluntario-en-jalisco\/","name":"Tribunal ordena despenalizar el aborto voluntario en Jalisco - NOTICIAS","isPartOf":{"@id":"https:\/\/laredsocial-noticias.com\/wp\/#website"},"datePublished":"2024-04-26T20:09:49+00:00","dateModified":"2024-04-26T20:10:06+00:00","author":{"@id":"https:\/\/laredsocial-noticias.com\/wp\/#\/schema\/person\/0ce78643f2de7aae6f6ef10e8453a6e0"},"breadcrumb":{"@id":"https:\/\/laredsocial-noticias.com\/wp\/tribunal-ordena-despenalizar-el-aborto-voluntario-en-jalisco\/#breadcrumb"},"inLanguage":"es","potentialAction":[{"@type":"ReadAction","target":["https:\/\/laredsocial-noticias.com\/wp\/tribunal-ordena-despenalizar-el-aborto-voluntario-en-jalisco\/"]}]},{"@type":"BreadcrumbList","@id":"https:\/\/laredsocial-noticias.com\/wp\/tribunal-ordena-despenalizar-el-aborto-voluntario-en-jalisco\/#breadcrumb","itemListElement":[{"@type":"ListItem","position":1,"name":"Portada","item":"https:\/\/laredsocial-noticias.com\/wp\/"},{"@type":"ListItem","position":2,"name":"Tribunal ordena despenalizar el aborto voluntario en Jalisco"}]},{"@type":"WebSite","@id":"https:\/\/laredsocial-noticias.com\/wp\/#website","url":"https:\/\/laredsocial-noticias.com\/wp\/","name":"NOTICIAS","description":"Lo que se ve y se dice en las redes sociales","potentialAction":[{"@type":"SearchAction","target":{"@type":"EntryPoint","urlTemplate":"https:\/\/laredsocial-noticias.com\/wp\/?s={search_term_string}"},"query-input":{"@type":"PropertyValueSpecification","valueRequired":true,"valueName":"search_term_string"}}],"inLanguage":"es"},{"@type":"Person","@id":"https:\/\/laredsocial-noticias.com\/wp\/#\/schema\/person\/0ce78643f2de7aae6f6ef10e8453a6e0","name":"Editor en Jefe","url":"https:\/\/laredsocial-noticias.com\/wp\/author\/jorgeochoa\/"}]}},"_links":{"self":[{"href":"https:\/\/laredsocial-noticias.com\/wp\/wp-json\/wp\/v2\/posts\/220067","targetHints":{"allow":["GET"]}}],"collection":[{"href":"https:\/\/laredsocial-noticias.com\/wp\/wp-json\/wp\/v2\/posts"}],"about":[{"href":"https:\/\/laredsocial-noticias.com\/wp\/wp-json\/wp\/v2\/types\/post"}],"author":[{"embeddable":true,"href":"https:\/\/laredsocial-noticias.com\/wp\/wp-json\/wp\/v2\/users\/1"}],"replies":[{"embeddable":true,"href":"https:\/\/laredsocial-noticias.com\/wp\/wp-json\/wp\/v2\/comments?post=220067"}],"version-history":[{"count":1,"href":"https:\/\/laredsocial-noticias.com\/wp\/wp-json\/wp\/v2\/posts\/220067\/revisions"}],"predecessor-version":[{"id":220068,"href":"https:\/\/laredsocial-noticias.com\/wp\/wp-json\/wp\/v2\/posts\/220067\/revisions\/220068"}],"wp:attachment":[{"href":"https:\/\/laredsocial-noticias.com\/wp\/wp-json\/wp\/v2\/media?parent=220067"}],"wp:term":[{"taxonomy":"category","embeddable":true,"href":"https:\/\/laredsocial-noticias.com\/wp\/wp-json\/wp\/v2\/categories?post=220067"},{"taxonomy":"post_tag","embeddable":true,"href":"https:\/\/laredsocial-noticias.com\/wp\/wp-json\/wp\/v2\/tags?post=220067"}],"curies":[{"name":"wp","href":"https:\/\/api.w.org\/{rel}","templated":true}]}}