{"id":220619,"date":"2024-05-04T13:30:01","date_gmt":"2024-05-04T19:30:01","guid":{"rendered":"https:\/\/laredsocial-noticias.com\/wp\/?p=220619"},"modified":"2024-05-05T13:25:24","modified_gmt":"2024-05-05T19:25:24","slug":"maynez-afirma-que-el-proximo-gobierno-debe-contar-con-legitimidad-y-mayoria-social","status":"publish","type":"post","link":"https:\/\/laredsocial-noticias.com\/wp\/maynez-afirma-que-el-proximo-gobierno-debe-contar-con-legitimidad-y-mayoria-social\/","title":{"rendered":"M\u00e1ynez afirma que el pr\u00f3ximo Gobierno debe contar con legitimidad y mayor\u00eda social"},"content":{"rendered":"<p>El candidato presidencial del partido Movimiento Ciudadano (MC), Jorge \u00c1lvarez M\u00e1ynez, dijo este viernes que quien encabece el Gobierno federal a partir del 1 de febrero deber\u00e1 tener legitimidad y mayor\u00eda social para poder gobernar.<\/p>\n<p class=\"text-align-center\"><em>&#8220;Quien quiera ejercer el poder despu\u00e9s de (Andr\u00e9s Manuel) L\u00f3pez Obrador va a necesitar contar con una mayor\u00eda social, con una legitimidad social, no va a ser f\u00e1cil enfrentar el post lopezobradorismo&#8221;, dijo durante la presentaci\u00f3n en Guadalajara de su libro &#8216;M\u00e9xico Nuevo&#8217;.<\/em><\/p>\n<p>El candidato, afirm\u00f3 que los pr\u00f3ximos seis a\u00f1os no ser\u00e1n f\u00e1ciles luego del clima de polarizaci\u00f3n que prevalece desde la elecci\u00f3n de 2018 y que el presidente L\u00f3pez Obrador alent\u00f3.<\/p>\n<div data-mrf-experience=\"IL_3MQJ30ylTF2g1qbrvrh4bg\"><\/div>\n<p class=\"text-align-center\"><em>&#8220;Sobre todo en una \u00e9poca de tanta polarizaci\u00f3n y despu\u00e9s de tener a un presidente con mucha popularidad, pero que ha visto en la polarizaci\u00f3n el terreno f\u00e9rtil para instaurar su proyecto pol\u00edtico, agudizando esa polarizaci\u00f3n y rompiendo c\u00f3digos de decencia elemental que deben de prevalecer en la convivencia y en el debate p\u00fablico&#8221;, declar\u00f3.<\/em><\/p>\n<p>\u00c1lvarez M\u00e1ynez consider\u00f3 que el actual Gobierno debe ser una etapa &#8220;de transici\u00f3n&#8221; hacia una nueva manera de gobernar y compar\u00f3 el proceso electoral de 2024 con la alternancia pol\u00edtica que ocurri\u00f3 en el a\u00f1o 2000, cuando el Partido Acci\u00f3n Nacional termin\u00f3 con 70 a\u00f1os de predominio del Partido de la Revoluci\u00f3n Institucional.<\/p>\n<p class=\"text-align-center\"><em>&#8220;El pa\u00eds tiene que entender que los pr\u00f3ximos a\u00f1os se tienen que tratar de otra cosa, que tenemos que asumir el Gobierno del actual presidente como una \u00e9poca de transici\u00f3n m\u00e1s de la vida pol\u00edtica como lo fue la alternancia del 2000, una transici\u00f3n que debe dejar atr\u00e1s pr\u00e1cticas de opulencia, de derroche, de despilfarro y de abuso de poder&#8221;, asegur\u00f3.<\/em><\/p>\n<p>El abanderado de MC estuvo acompa\u00f1ado de la candidata plurinominal al Senado, Amalia Garc\u00eda y los Senadores Patricia Mercado y Clemente Casta\u00f1eda, este \u00faltimo ex coordinador nacional de su partido y actual coordinador de la bancada de MC en el Senado.<\/p>\n<p>\u00c1lvarez M\u00e1ynez, \u00fanico candidato en postularse por un s\u00f3lo partido, reconoci\u00f3 el peso pol\u00edtico que tiene Jalisco en su candidatura pues en este estado se han forjado las candidaturas de los \u00faltimos cuatro presidentes del pa\u00eds.<\/p>\n<p class=\"text-align-center\"><em>&#8220;Jalisco se ha convertido en el gran elector de la Presidencia mexicana en las \u00faltimas elecciones&#8221;, asegur\u00f3.<\/em><\/p>\n<p>El candidato continuar\u00e1 ma\u00f1ana su campa\u00f1a en Nuevo Le\u00f3n donde sostendr\u00e1 un encuentro con j\u00f3venes y mujeres militantes de Movimiento Ciudadano.<\/p>\n<p>En los comicios del 2 de junio, los m\u00e1s grandes en la historia del pa\u00eds, se renovar\u00e1n 20 mil 375 cargos federales en M\u00e9xico, incluida la presidencia, los 500 esca\u00f1os de la C\u00e1mara de Diputados y los 128 del Senado, as\u00ed como nueve gobiernos estatales incluida la Ciudad de M\u00e9xico.<\/p>\n","protected":false},"excerpt":{"rendered":"<p>El candidato presidencial del partido Movimiento Ciudadano (MC), Jorge \u00c1lvarez M\u00e1ynez, dijo este viernes que quien encabece el Gobierno federal&#8230;<\/p>\n","protected":false},"author":1,"featured_media":0,"comment_status":"open","ping_status":"closed","sticky":false,"template":"","format":"standard","meta":{"footnotes":""},"categories":[78,6026],"tags":[4959,77],"class_list":["post-220619","post","type-post","status-publish","format-standard","hentry","category-nacional","category-portada","tag-featured","tag-principal"],"yoast_head":"<!-- This site is optimized with the Yoast SEO plugin v26.5 - https:\/\/yoast.com\/wordpress\/plugins\/seo\/ -->\n<title>M\u00e1ynez afirma que el pr\u00f3ximo Gobierno debe contar con legitimidad y mayor\u00eda social - NOTICIAS<\/title>\n<meta name=\"robots\" content=\"index, follow, max-snippet:-1, max-image-preview:large, max-video-preview:-1\" \/>\n<link rel=\"canonical\" href=\"https:\/\/laredsocial-noticias.com\/wp\/maynez-afirma-que-el-proximo-gobierno-debe-contar-con-legitimidad-y-mayoria-social\/\" \/>\n<meta property=\"og:locale\" content=\"es_ES\" \/>\n<meta property=\"og:type\" content=\"article\" \/>\n<meta property=\"og:title\" content=\"M\u00e1ynez afirma que el pr\u00f3ximo Gobierno debe contar con legitimidad y mayor\u00eda social - NOTICIAS\" \/>\n<meta property=\"og:description\" content=\"El candidato presidencial del partido Movimiento Ciudadano (MC), Jorge \u00c1lvarez M\u00e1ynez, dijo este viernes que quien encabece el Gobierno federal...\" \/>\n<meta property=\"og:url\" content=\"https:\/\/laredsocial-noticias.com\/wp\/maynez-afirma-que-el-proximo-gobierno-debe-contar-con-legitimidad-y-mayoria-social\/\" \/>\n<meta property=\"og:site_name\" content=\"NOTICIAS\" \/>\n<meta property=\"article:published_time\" content=\"2024-05-04T19:30:01+00:00\" \/>\n<meta property=\"article:modified_time\" content=\"2024-05-05T19:25:24+00:00\" \/>\n<meta name=\"author\" content=\"Editor en Jefe\" \/>\n<meta name=\"twitter:card\" content=\"summary_large_image\" \/>\n<meta name=\"twitter:label1\" content=\"Escrito por\" \/>\n\t<meta name=\"twitter:data1\" content=\"Editor en Jefe\" \/>\n\t<meta name=\"twitter:label2\" content=\"Tiempo de lectura\" \/>\n\t<meta name=\"twitter:data2\" content=\"2 minutos\" \/>\n<!-- \/ Yoast SEO plugin. -->","yoast_head_json":{"title":"M\u00e1ynez afirma que el pr\u00f3ximo Gobierno debe contar con legitimidad y mayor\u00eda social - NOTICIAS","robots":{"index":"index","follow":"follow","max-snippet":"max-snippet:-1","max-image-preview":"max-image-preview:large","max-video-preview":"max-video-preview:-1"},"canonical":"https:\/\/laredsocial-noticias.com\/wp\/maynez-afirma-que-el-proximo-gobierno-debe-contar-con-legitimidad-y-mayoria-social\/","og_locale":"es_ES","og_type":"article","og_title":"M\u00e1ynez afirma que el pr\u00f3ximo Gobierno debe contar con legitimidad y mayor\u00eda social - NOTICIAS","og_description":"El candidato presidencial del partido Movimiento Ciudadano (MC), Jorge \u00c1lvarez M\u00e1ynez, dijo este viernes que quien encabece el Gobierno federal...","og_url":"https:\/\/laredsocial-noticias.com\/wp\/maynez-afirma-que-el-proximo-gobierno-debe-contar-con-legitimidad-y-mayoria-social\/","og_site_name":"NOTICIAS","article_published_time":"2024-05-04T19:30:01+00:00","article_modified_time":"2024-05-05T19:25:24+00:00","author":"Editor en Jefe","twitter_card":"summary_large_image","twitter_misc":{"Escrito por":"Editor en Jefe","Tiempo de lectura":"2 minutos"},"schema":{"@context":"https:\/\/schema.org","@graph":[{"@type":"WebPage","@id":"https:\/\/laredsocial-noticias.com\/wp\/maynez-afirma-que-el-proximo-gobierno-debe-contar-con-legitimidad-y-mayoria-social\/","url":"https:\/\/laredsocial-noticias.com\/wp\/maynez-afirma-que-el-proximo-gobierno-debe-contar-con-legitimidad-y-mayoria-social\/","name":"M\u00e1ynez afirma que el pr\u00f3ximo Gobierno debe contar con legitimidad y mayor\u00eda social - NOTICIAS","isPartOf":{"@id":"https:\/\/laredsocial-noticias.com\/wp\/#website"},"datePublished":"2024-05-04T19:30:01+00:00","dateModified":"2024-05-05T19:25:24+00:00","author":{"@id":"https:\/\/laredsocial-noticias.com\/wp\/#\/schema\/person\/0ce78643f2de7aae6f6ef10e8453a6e0"},"breadcrumb":{"@id":"https:\/\/laredsocial-noticias.com\/wp\/maynez-afirma-que-el-proximo-gobierno-debe-contar-con-legitimidad-y-mayoria-social\/#breadcrumb"},"inLanguage":"es","potentialAction":[{"@type":"ReadAction","target":["https:\/\/laredsocial-noticias.com\/wp\/maynez-afirma-que-el-proximo-gobierno-debe-contar-con-legitimidad-y-mayoria-social\/"]}]},{"@type":"BreadcrumbList","@id":"https:\/\/laredsocial-noticias.com\/wp\/maynez-afirma-que-el-proximo-gobierno-debe-contar-con-legitimidad-y-mayoria-social\/#breadcrumb","itemListElement":[{"@type":"ListItem","position":1,"name":"Portada","item":"https:\/\/laredsocial-noticias.com\/wp\/"},{"@type":"ListItem","position":2,"name":"M\u00e1ynez afirma que el pr\u00f3ximo Gobierno debe contar con legitimidad y mayor\u00eda social"}]},{"@type":"WebSite","@id":"https:\/\/laredsocial-noticias.com\/wp\/#website","url":"https:\/\/laredsocial-noticias.com\/wp\/","name":"NOTICIAS","description":"Lo que se ve y se dice en las redes sociales","potentialAction":[{"@type":"SearchAction","target":{"@type":"EntryPoint","urlTemplate":"https:\/\/laredsocial-noticias.com\/wp\/?s={search_term_string}"},"query-input":{"@type":"PropertyValueSpecification","valueRequired":true,"valueName":"search_term_string"}}],"inLanguage":"es"},{"@type":"Person","@id":"https:\/\/laredsocial-noticias.com\/wp\/#\/schema\/person\/0ce78643f2de7aae6f6ef10e8453a6e0","name":"Editor en Jefe","url":"https:\/\/laredsocial-noticias.com\/wp\/author\/jorgeochoa\/"}]}},"_links":{"self":[{"href":"https:\/\/laredsocial-noticias.com\/wp\/wp-json\/wp\/v2\/posts\/220619","targetHints":{"allow":["GET"]}}],"collection":[{"href":"https:\/\/laredsocial-noticias.com\/wp\/wp-json\/wp\/v2\/posts"}],"about":[{"href":"https:\/\/laredsocial-noticias.com\/wp\/wp-json\/wp\/v2\/types\/post"}],"author":[{"embeddable":true,"href":"https:\/\/laredsocial-noticias.com\/wp\/wp-json\/wp\/v2\/users\/1"}],"replies":[{"embeddable":true,"href":"https:\/\/laredsocial-noticias.com\/wp\/wp-json\/wp\/v2\/comments?post=220619"}],"version-history":[{"count":1,"href":"https:\/\/laredsocial-noticias.com\/wp\/wp-json\/wp\/v2\/posts\/220619\/revisions"}],"predecessor-version":[{"id":220620,"href":"https:\/\/laredsocial-noticias.com\/wp\/wp-json\/wp\/v2\/posts\/220619\/revisions\/220620"}],"wp:attachment":[{"href":"https:\/\/laredsocial-noticias.com\/wp\/wp-json\/wp\/v2\/media?parent=220619"}],"wp:term":[{"taxonomy":"category","embeddable":true,"href":"https:\/\/laredsocial-noticias.com\/wp\/wp-json\/wp\/v2\/categories?post=220619"},{"taxonomy":"post_tag","embeddable":true,"href":"https:\/\/laredsocial-noticias.com\/wp\/wp-json\/wp\/v2\/tags?post=220619"}],"curies":[{"name":"wp","href":"https:\/\/api.w.org\/{rel}","templated":true}]}}