{"id":220933,"date":"2024-05-08T18:00:00","date_gmt":"2024-05-09T00:00:00","guid":{"rendered":"https:\/\/laredsocial-noticias.com\/wp\/?p=220933"},"modified":"2024-05-09T07:31:01","modified_gmt":"2024-05-09T13:31:01","slug":"amlo-se-reunira-con-el-presidente-de-guatemala-en-tapachula","status":"publish","type":"post","link":"https:\/\/laredsocial-noticias.com\/wp\/amlo-se-reunira-con-el-presidente-de-guatemala-en-tapachula\/","title":{"rendered":"AMLO se reunir\u00e1 con el presidente de Guatemala en Tapachula"},"content":{"rendered":"<p>El presidente de M\u00e9xico, Andr\u00e9s Manuel L\u00f3pez Obrador, adelant\u00f3 que\u00a0se reunir\u00e1\u00a0con su\u00a0hom\u00f3logo en Guatemala,\u00a0Bernardo Ar\u00e9valo, el pr\u00f3ximo\u00a017 de mayo\u00a0en\u00a0Tapachula,\u00a0Chiapas.<\/p>\n<p>L\u00f3pez Obrador hizo el anuncio durante su conferencia matutina de este mi\u00e9rcoles, donde especific\u00f3 que la reuni\u00f3n ocurrir\u00e1\u00a0justo despu\u00e9s de su \u201cma\u00f1anera\u201d\u00a0y la sesi\u00f3n del gabinete de seguridad, ambos eventos programados tambi\u00e9n en\u00a0Tapachula\u00a0ese d\u00eda.<\/p>\n<blockquote class=\"wp-block-quote is-layout-flow wp-block-quote-is-layout-flow\"><p>\u201cEl viernes (de la pr\u00f3xima semana) vamos a hacer la conferencia ma\u00f1anera y tambi\u00e9n (la reuni\u00f3n con) el gabinete de seguridad en Tapachula, ese mismo d\u00eda nos vamos a reunir con el presidente Ar\u00e9valo, en Tapachula\u201d, revel\u00f3 el mandatario.<\/p><\/blockquote>\n<p>El encuentro se dar\u00e1 tras la reciente visita el martes de la canciller mexicana,\u00a0Alicia B\u00e1rcena, a Guatemala, donde se dio seguimiento a la\u00a0Declaraci\u00f3n de Los \u00c1ngeles sobre Migraci\u00f3n y Protecci\u00f3n.<\/p>\n<div><\/div>\n<p>Esta declaraci\u00f3n, firmada en\u00a0junio de 2022\u00a0por\u00a021 pa\u00edses, busca mejorar las condiciones de seguridad fronteriza y abordar las causas fundamentales de la migraci\u00f3n irregular, adem\u00e1s de\u00a0reconocer los derechos de los migrantes.<\/p>\n<p>Esta\u00a0reuni\u00f3n bilateral entre AMLO y Ar\u00e9valo\u00a0se realiza adem\u00e1s\u00a0en un momento cr\u00edtico, ya que el flujo migratorio en la frontera sur de M\u00e9xico alcanz\u00f3\u00a0cifras r\u00e9cord en 2023, con\u00a0782 mil 176 migrantes irregulares detectados, representando un aumento anual del\u00a077 por ciento.<\/p>\n<p>Solo en el\u00a0primer trimestre de 2024, esta cifra ha crecido casi un\u00a0200 por ciento, sumando casi\u00a0360 mil migrantes.<\/p>\n","protected":false},"excerpt":{"rendered":"<p>El presidente de M\u00e9xico, Andr\u00e9s Manuel L\u00f3pez Obrador, adelant\u00f3 que\u00a0se reunir\u00e1\u00a0con su\u00a0hom\u00f3logo en Guatemala,\u00a0Bernardo Ar\u00e9valo, el pr\u00f3ximo\u00a017 de mayo\u00a0en\u00a0Tapachula,\u00a0Chiapas. L\u00f3pez&#8230;<\/p>\n","protected":false},"author":1,"featured_media":0,"comment_status":"open","ping_status":"closed","sticky":false,"template":"","format":"standard","meta":{"footnotes":""},"categories":[78,6026],"tags":[4959,77],"class_list":["post-220933","post","type-post","status-publish","format-standard","hentry","category-nacional","category-portada","tag-featured","tag-principal"],"yoast_head":"<!-- This site is optimized with the Yoast SEO plugin v26.5 - https:\/\/yoast.com\/wordpress\/plugins\/seo\/ -->\n<title>AMLO se reunir\u00e1 con el presidente de Guatemala en Tapachula - NOTICIAS<\/title>\n<meta name=\"robots\" content=\"index, follow, max-snippet:-1, max-image-preview:large, max-video-preview:-1\" \/>\n<link rel=\"canonical\" href=\"https:\/\/laredsocial-noticias.com\/wp\/amlo-se-reunira-con-el-presidente-de-guatemala-en-tapachula\/\" \/>\n<meta property=\"og:locale\" content=\"es_ES\" \/>\n<meta property=\"og:type\" content=\"article\" \/>\n<meta property=\"og:title\" content=\"AMLO se reunir\u00e1 con el presidente de Guatemala en Tapachula - NOTICIAS\" \/>\n<meta property=\"og:description\" content=\"El presidente de M\u00e9xico, Andr\u00e9s Manuel L\u00f3pez Obrador, adelant\u00f3 que\u00a0se reunir\u00e1\u00a0con su\u00a0hom\u00f3logo en Guatemala,\u00a0Bernardo Ar\u00e9valo, el pr\u00f3ximo\u00a017 de mayo\u00a0en\u00a0Tapachula,\u00a0Chiapas. L\u00f3pez...\" \/>\n<meta property=\"og:url\" content=\"https:\/\/laredsocial-noticias.com\/wp\/amlo-se-reunira-con-el-presidente-de-guatemala-en-tapachula\/\" \/>\n<meta property=\"og:site_name\" content=\"NOTICIAS\" \/>\n<meta property=\"article:published_time\" content=\"2024-05-09T00:00:00+00:00\" \/>\n<meta property=\"article:modified_time\" content=\"2024-05-09T13:31:01+00:00\" \/>\n<meta name=\"author\" content=\"Editor en Jefe\" \/>\n<meta name=\"twitter:card\" content=\"summary_large_image\" \/>\n<meta name=\"twitter:label1\" content=\"Escrito por\" \/>\n\t<meta name=\"twitter:data1\" content=\"Editor en Jefe\" \/>\n\t<meta name=\"twitter:label2\" content=\"Tiempo de lectura\" \/>\n\t<meta name=\"twitter:data2\" content=\"1 minuto\" \/>\n<!-- \/ Yoast SEO plugin. -->","yoast_head_json":{"title":"AMLO se reunir\u00e1 con el presidente de Guatemala en Tapachula - NOTICIAS","robots":{"index":"index","follow":"follow","max-snippet":"max-snippet:-1","max-image-preview":"max-image-preview:large","max-video-preview":"max-video-preview:-1"},"canonical":"https:\/\/laredsocial-noticias.com\/wp\/amlo-se-reunira-con-el-presidente-de-guatemala-en-tapachula\/","og_locale":"es_ES","og_type":"article","og_title":"AMLO se reunir\u00e1 con el presidente de Guatemala en Tapachula - NOTICIAS","og_description":"El presidente de M\u00e9xico, Andr\u00e9s Manuel L\u00f3pez Obrador, adelant\u00f3 que\u00a0se reunir\u00e1\u00a0con su\u00a0hom\u00f3logo en Guatemala,\u00a0Bernardo Ar\u00e9valo, el pr\u00f3ximo\u00a017 de mayo\u00a0en\u00a0Tapachula,\u00a0Chiapas. L\u00f3pez...","og_url":"https:\/\/laredsocial-noticias.com\/wp\/amlo-se-reunira-con-el-presidente-de-guatemala-en-tapachula\/","og_site_name":"NOTICIAS","article_published_time":"2024-05-09T00:00:00+00:00","article_modified_time":"2024-05-09T13:31:01+00:00","author":"Editor en Jefe","twitter_card":"summary_large_image","twitter_misc":{"Escrito por":"Editor en Jefe","Tiempo de lectura":"1 minuto"},"schema":{"@context":"https:\/\/schema.org","@graph":[{"@type":"WebPage","@id":"https:\/\/laredsocial-noticias.com\/wp\/amlo-se-reunira-con-el-presidente-de-guatemala-en-tapachula\/","url":"https:\/\/laredsocial-noticias.com\/wp\/amlo-se-reunira-con-el-presidente-de-guatemala-en-tapachula\/","name":"AMLO se reunir\u00e1 con el presidente de Guatemala en Tapachula - NOTICIAS","isPartOf":{"@id":"https:\/\/laredsocial-noticias.com\/wp\/#website"},"datePublished":"2024-05-09T00:00:00+00:00","dateModified":"2024-05-09T13:31:01+00:00","author":{"@id":"https:\/\/laredsocial-noticias.com\/wp\/#\/schema\/person\/0ce78643f2de7aae6f6ef10e8453a6e0"},"breadcrumb":{"@id":"https:\/\/laredsocial-noticias.com\/wp\/amlo-se-reunira-con-el-presidente-de-guatemala-en-tapachula\/#breadcrumb"},"inLanguage":"es","potentialAction":[{"@type":"ReadAction","target":["https:\/\/laredsocial-noticias.com\/wp\/amlo-se-reunira-con-el-presidente-de-guatemala-en-tapachula\/"]}]},{"@type":"BreadcrumbList","@id":"https:\/\/laredsocial-noticias.com\/wp\/amlo-se-reunira-con-el-presidente-de-guatemala-en-tapachula\/#breadcrumb","itemListElement":[{"@type":"ListItem","position":1,"name":"Portada","item":"https:\/\/laredsocial-noticias.com\/wp\/"},{"@type":"ListItem","position":2,"name":"AMLO se reunir\u00e1 con el presidente de Guatemala en Tapachula"}]},{"@type":"WebSite","@id":"https:\/\/laredsocial-noticias.com\/wp\/#website","url":"https:\/\/laredsocial-noticias.com\/wp\/","name":"NOTICIAS","description":"Lo que se ve y se dice en las redes sociales","potentialAction":[{"@type":"SearchAction","target":{"@type":"EntryPoint","urlTemplate":"https:\/\/laredsocial-noticias.com\/wp\/?s={search_term_string}"},"query-input":{"@type":"PropertyValueSpecification","valueRequired":true,"valueName":"search_term_string"}}],"inLanguage":"es"},{"@type":"Person","@id":"https:\/\/laredsocial-noticias.com\/wp\/#\/schema\/person\/0ce78643f2de7aae6f6ef10e8453a6e0","name":"Editor en Jefe","url":"https:\/\/laredsocial-noticias.com\/wp\/author\/jorgeochoa\/"}]}},"_links":{"self":[{"href":"https:\/\/laredsocial-noticias.com\/wp\/wp-json\/wp\/v2\/posts\/220933","targetHints":{"allow":["GET"]}}],"collection":[{"href":"https:\/\/laredsocial-noticias.com\/wp\/wp-json\/wp\/v2\/posts"}],"about":[{"href":"https:\/\/laredsocial-noticias.com\/wp\/wp-json\/wp\/v2\/types\/post"}],"author":[{"embeddable":true,"href":"https:\/\/laredsocial-noticias.com\/wp\/wp-json\/wp\/v2\/users\/1"}],"replies":[{"embeddable":true,"href":"https:\/\/laredsocial-noticias.com\/wp\/wp-json\/wp\/v2\/comments?post=220933"}],"version-history":[{"count":1,"href":"https:\/\/laredsocial-noticias.com\/wp\/wp-json\/wp\/v2\/posts\/220933\/revisions"}],"predecessor-version":[{"id":220934,"href":"https:\/\/laredsocial-noticias.com\/wp\/wp-json\/wp\/v2\/posts\/220933\/revisions\/220934"}],"wp:attachment":[{"href":"https:\/\/laredsocial-noticias.com\/wp\/wp-json\/wp\/v2\/media?parent=220933"}],"wp:term":[{"taxonomy":"category","embeddable":true,"href":"https:\/\/laredsocial-noticias.com\/wp\/wp-json\/wp\/v2\/categories?post=220933"},{"taxonomy":"post_tag","embeddable":true,"href":"https:\/\/laredsocial-noticias.com\/wp\/wp-json\/wp\/v2\/tags?post=220933"}],"curies":[{"name":"wp","href":"https:\/\/api.w.org\/{rel}","templated":true}]}}