{"id":221295,"date":"2024-05-12T16:30:57","date_gmt":"2024-05-12T22:30:57","guid":{"rendered":"https:\/\/laredsocial-noticias.com\/wp\/?p=221295"},"modified":"2024-05-13T17:24:45","modified_gmt":"2024-05-13T23:24:45","slug":"marti-batres-inaugura-con-carnaval-el-paso-peatonal-en-el-zocalo","status":"publish","type":"post","link":"https:\/\/laredsocial-noticias.com\/wp\/marti-batres-inaugura-con-carnaval-el-paso-peatonal-en-el-zocalo\/","title":{"rendered":"Mart\u00ed Batres inaugura con carnaval el paso peatonal en el Z\u00f3calo"},"content":{"rendered":"<p>Mart\u00ed Batres Guadarrama, jefe de Gobierno sustituto, inaugur\u00f3 a ritmo de carnaval, el Z\u00f3calo peatonal, por lo que encabez\u00f3 la primera caminata por este espacio p\u00fablico.<\/p>\n<p>En compa\u00f1\u00eda de distintos funcionarios locales, como Andr\u00e9s Lajous Loeza, titular de la Secretar\u00eda de Movilidad (Semovi), el mandatario cort\u00f3 el list\u00f3n alrededor de las 10:45 horas de este domingo.<\/p>\n<p>Tras ello, el morenista destac\u00f3 que es un \u201cmomento hist\u00f3rico de apropiaci\u00f3n social y cultural de la principal plaza c\u00edvica del pa\u00eds y de las principales del mundo\u201d.<\/p>\n<div data-mrf-experience=\"IL_3MQJ30ylTF2g1qbrvrh4bg\"><\/div>\n<p>Mencion\u00f3 que durante m\u00e1s de cuatro meses \u201cse ha operado una transformaci\u00f3n f\u00edsica del Z\u00f3calo\u201d, pero remarc\u00f3 que \u201clo m\u00e1s importante es la transformaci\u00f3n social\u201d.<\/p>\n<p class=\"text-align-center\"><em>\u201cSe intervinieron m\u00e1s de 19 mil metros cuadrados de superficie para que las personas y familias puedan reapropiarse del espacio p\u00fablico, caminar de manera segura por esta emblem\u00e1tica plaza y disfrutar del arte, la cultura, el espect\u00e1culo, la historia, el civismo y la lucha pol\u00edtica\u201d, apunt\u00f3 Batres Guadarrama v\u00eda redes sociales.\u00a0<\/em><\/p>\n<p>A este acto, seg\u00fan las autoridades locales, asistieron 19 mil 400 personas y durante la caminata, que inici\u00f3 en Avenida 20 de Noviembre y rode\u00f3 la Plaza de la Constituci\u00f3n, los que ah\u00ed se dieron cita disfrutaron disfrutaron de m\u00fasica y baile a cargo de m\u00e1s de 200 artistas, entre ellos mariachis, dos grupos de jaraneros y tres batucadas.<\/p>\n","protected":false},"excerpt":{"rendered":"<p>Mart\u00ed Batres Guadarrama, jefe de Gobierno sustituto, inaugur\u00f3 a ritmo de carnaval, el Z\u00f3calo peatonal, por lo que encabez\u00f3 la&#8230;<\/p>\n","protected":false},"author":1,"featured_media":0,"comment_status":"open","ping_status":"closed","sticky":false,"template":"","format":"standard","meta":{"footnotes":""},"categories":[91,6026],"tags":[261,1469,4959,77],"class_list":["post-221295","post","type-post","status-publish","format-standard","hentry","category-cdmx","category-portada","tag-cdmx","tag-ciudad-de-mexico","tag-featured","tag-principal"],"yoast_head":"<!-- This site is optimized with the Yoast SEO plugin v26.5 - https:\/\/yoast.com\/wordpress\/plugins\/seo\/ -->\n<title>Mart\u00ed Batres inaugura con carnaval el paso peatonal en el Z\u00f3calo - NOTICIAS<\/title>\n<meta name=\"robots\" content=\"index, follow, max-snippet:-1, max-image-preview:large, max-video-preview:-1\" \/>\n<link rel=\"canonical\" href=\"https:\/\/laredsocial-noticias.com\/wp\/marti-batres-inaugura-con-carnaval-el-paso-peatonal-en-el-zocalo\/\" \/>\n<meta property=\"og:locale\" content=\"es_ES\" \/>\n<meta property=\"og:type\" content=\"article\" \/>\n<meta property=\"og:title\" content=\"Mart\u00ed Batres inaugura con carnaval el paso peatonal en el Z\u00f3calo - NOTICIAS\" \/>\n<meta property=\"og:description\" content=\"Mart\u00ed Batres Guadarrama, jefe de Gobierno sustituto, inaugur\u00f3 a ritmo de carnaval, el Z\u00f3calo peatonal, por lo que encabez\u00f3 la...\" \/>\n<meta property=\"og:url\" content=\"https:\/\/laredsocial-noticias.com\/wp\/marti-batres-inaugura-con-carnaval-el-paso-peatonal-en-el-zocalo\/\" \/>\n<meta property=\"og:site_name\" content=\"NOTICIAS\" \/>\n<meta property=\"article:published_time\" content=\"2024-05-12T22:30:57+00:00\" \/>\n<meta property=\"article:modified_time\" content=\"2024-05-13T23:24:45+00:00\" \/>\n<meta name=\"author\" content=\"Editor en Jefe\" \/>\n<meta name=\"twitter:card\" content=\"summary_large_image\" \/>\n<meta name=\"twitter:label1\" content=\"Escrito por\" \/>\n\t<meta name=\"twitter:data1\" content=\"Editor en Jefe\" \/>\n\t<meta name=\"twitter:label2\" content=\"Tiempo de lectura\" \/>\n\t<meta name=\"twitter:data2\" content=\"1 minuto\" \/>\n<!-- \/ Yoast SEO plugin. -->","yoast_head_json":{"title":"Mart\u00ed Batres inaugura con carnaval el paso peatonal en el Z\u00f3calo - NOTICIAS","robots":{"index":"index","follow":"follow","max-snippet":"max-snippet:-1","max-image-preview":"max-image-preview:large","max-video-preview":"max-video-preview:-1"},"canonical":"https:\/\/laredsocial-noticias.com\/wp\/marti-batres-inaugura-con-carnaval-el-paso-peatonal-en-el-zocalo\/","og_locale":"es_ES","og_type":"article","og_title":"Mart\u00ed Batres inaugura con carnaval el paso peatonal en el Z\u00f3calo - NOTICIAS","og_description":"Mart\u00ed Batres Guadarrama, jefe de Gobierno sustituto, inaugur\u00f3 a ritmo de carnaval, el Z\u00f3calo peatonal, por lo que encabez\u00f3 la...","og_url":"https:\/\/laredsocial-noticias.com\/wp\/marti-batres-inaugura-con-carnaval-el-paso-peatonal-en-el-zocalo\/","og_site_name":"NOTICIAS","article_published_time":"2024-05-12T22:30:57+00:00","article_modified_time":"2024-05-13T23:24:45+00:00","author":"Editor en Jefe","twitter_card":"summary_large_image","twitter_misc":{"Escrito por":"Editor en Jefe","Tiempo de lectura":"1 minuto"},"schema":{"@context":"https:\/\/schema.org","@graph":[{"@type":"WebPage","@id":"https:\/\/laredsocial-noticias.com\/wp\/marti-batres-inaugura-con-carnaval-el-paso-peatonal-en-el-zocalo\/","url":"https:\/\/laredsocial-noticias.com\/wp\/marti-batres-inaugura-con-carnaval-el-paso-peatonal-en-el-zocalo\/","name":"Mart\u00ed Batres inaugura con carnaval el paso peatonal en el Z\u00f3calo - NOTICIAS","isPartOf":{"@id":"https:\/\/laredsocial-noticias.com\/wp\/#website"},"datePublished":"2024-05-12T22:30:57+00:00","dateModified":"2024-05-13T23:24:45+00:00","author":{"@id":"https:\/\/laredsocial-noticias.com\/wp\/#\/schema\/person\/0ce78643f2de7aae6f6ef10e8453a6e0"},"breadcrumb":{"@id":"https:\/\/laredsocial-noticias.com\/wp\/marti-batres-inaugura-con-carnaval-el-paso-peatonal-en-el-zocalo\/#breadcrumb"},"inLanguage":"es","potentialAction":[{"@type":"ReadAction","target":["https:\/\/laredsocial-noticias.com\/wp\/marti-batres-inaugura-con-carnaval-el-paso-peatonal-en-el-zocalo\/"]}]},{"@type":"BreadcrumbList","@id":"https:\/\/laredsocial-noticias.com\/wp\/marti-batres-inaugura-con-carnaval-el-paso-peatonal-en-el-zocalo\/#breadcrumb","itemListElement":[{"@type":"ListItem","position":1,"name":"Portada","item":"https:\/\/laredsocial-noticias.com\/wp\/"},{"@type":"ListItem","position":2,"name":"Mart\u00ed Batres inaugura con carnaval el paso peatonal en el Z\u00f3calo"}]},{"@type":"WebSite","@id":"https:\/\/laredsocial-noticias.com\/wp\/#website","url":"https:\/\/laredsocial-noticias.com\/wp\/","name":"NOTICIAS","description":"Lo que se ve y se dice en las redes sociales","potentialAction":[{"@type":"SearchAction","target":{"@type":"EntryPoint","urlTemplate":"https:\/\/laredsocial-noticias.com\/wp\/?s={search_term_string}"},"query-input":{"@type":"PropertyValueSpecification","valueRequired":true,"valueName":"search_term_string"}}],"inLanguage":"es"},{"@type":"Person","@id":"https:\/\/laredsocial-noticias.com\/wp\/#\/schema\/person\/0ce78643f2de7aae6f6ef10e8453a6e0","name":"Editor en Jefe","url":"https:\/\/laredsocial-noticias.com\/wp\/author\/jorgeochoa\/"}]}},"_links":{"self":[{"href":"https:\/\/laredsocial-noticias.com\/wp\/wp-json\/wp\/v2\/posts\/221295","targetHints":{"allow":["GET"]}}],"collection":[{"href":"https:\/\/laredsocial-noticias.com\/wp\/wp-json\/wp\/v2\/posts"}],"about":[{"href":"https:\/\/laredsocial-noticias.com\/wp\/wp-json\/wp\/v2\/types\/post"}],"author":[{"embeddable":true,"href":"https:\/\/laredsocial-noticias.com\/wp\/wp-json\/wp\/v2\/users\/1"}],"replies":[{"embeddable":true,"href":"https:\/\/laredsocial-noticias.com\/wp\/wp-json\/wp\/v2\/comments?post=221295"}],"version-history":[{"count":1,"href":"https:\/\/laredsocial-noticias.com\/wp\/wp-json\/wp\/v2\/posts\/221295\/revisions"}],"predecessor-version":[{"id":221296,"href":"https:\/\/laredsocial-noticias.com\/wp\/wp-json\/wp\/v2\/posts\/221295\/revisions\/221296"}],"wp:attachment":[{"href":"https:\/\/laredsocial-noticias.com\/wp\/wp-json\/wp\/v2\/media?parent=221295"}],"wp:term":[{"taxonomy":"category","embeddable":true,"href":"https:\/\/laredsocial-noticias.com\/wp\/wp-json\/wp\/v2\/categories?post=221295"},{"taxonomy":"post_tag","embeddable":true,"href":"https:\/\/laredsocial-noticias.com\/wp\/wp-json\/wp\/v2\/tags?post=221295"}],"curies":[{"name":"wp","href":"https:\/\/api.w.org\/{rel}","templated":true}]}}