{"id":223065,"date":"2024-05-31T15:00:41","date_gmt":"2024-05-31T21:00:41","guid":{"rendered":"https:\/\/laredsocial-noticias.com\/wp\/?p=223065"},"modified":"2024-05-31T17:55:26","modified_gmt":"2024-05-31T23:55:26","slug":"parte-caravana-migrante-desde-tapachula-como-presion-antes-de-elecciones","status":"publish","type":"post","link":"https:\/\/laredsocial-noticias.com\/wp\/parte-caravana-migrante-desde-tapachula-como-presion-antes-de-elecciones\/","title":{"rendered":"Parte caravana migrante desde Tapachula como presi\u00f3n antes de elecciones"},"content":{"rendered":"<p>Una caravana con cientos de migrantes cubanos, centroamericanos y venezolanos parti\u00f3 este viernes de la frontera sur de M\u00e9xico para presionar en v\u00edsperas de las elecciones del domingo.<\/p>\n<p>Los migrantes, incluyendo mujeres con ni\u00f1os y hombres con maletas y agua, salieron de Tapachula, la mayor ciudad en el l\u00edmite con Centroam\u00e9rica, para avanzar de forma apresurada por la carretera federal 200 antes de los comicios.<\/p>\n<p>El hondure\u00f1o Cristian Sierra cont\u00f3 a EFE que van sin activistas o gu\u00edas acompa\u00f1antes, a diferencia de otras caravanas que parten de forma organizada.<\/p>\n<div data-mrf-experience=\"IL_3MQJ30ylTF2g1qbrvrh4bg\"><\/div>\n<blockquote>\n<p class=\"text-align-center\"><em>\u201cSe tom\u00f3 la decisi\u00f3n de salir por muchos motivos, porque los permisos se est\u00e1n retrasando y, la verdad, ya hay muchas personas en el mismo sitio y no es conveniente, tomamos la decisi\u00f3n de salir porque es la \u00fanica esperanza que tenemos&#8221;, manifest\u00f3.<\/em><\/p>\n<\/blockquote>\n<p>Los extranjeros expresaron su preocupaci\u00f3n por las posibles detenciones de los agentes del Instituto Nacional de Migraci\u00f3n (INM) y de polic\u00edas estatales, aunque afirmaron que van de manera pac\u00edfica y ordenada.<\/p>\n<p>Orlando, de Cuba, asever\u00f3 que estuvo un a\u00f1o en Tapachula para gestionar un tr\u00e1mite en la Comisi\u00f3n Mexicana de Ayuda a Refugiados (Comar), pero prefiri\u00f3 salir con sus compatriotas con un carrito con sus pertenencias.<\/p>\n<p>Denunci\u00f3 que las autoridades perdieron sus documentos y solo le notificaron de la ausencia de sus papeles con un correo electr\u00f3nico.<\/p>\n<blockquote>\n<p class=\"text-align-center\"><em>\u201cImag\u00ednate que llevo un a\u00f1o, nada, ni negado, se desaparecieron mis papeles y me avisaron por un correo, cuando fui y me preocup\u00e9 me dijeron: &#8216;tus papeles est\u00e1n vencidos&#8217;. Y ah\u00ed qued\u00f3, yo nunca me he movido de Tapachula&#8221;, expuso a EFE.<\/em><\/p>\n<\/blockquote>\n<blockquote>\n<p class=\"text-align-center\"><em>&#8220;Ahora caminar es la \u00fanica v\u00eda, mano, no te dejan coger un auto, nada&#8221;, agreg\u00f3.<\/em><\/p>\n<\/blockquote>\n<p>Las autoridades mexicanas intensifican sus operativos de seguridad en las carreteras y en la frontera sur antes de las elecciones del domingo, que ser\u00e1n las m\u00e1s grandes en la historia del pa\u00eds porque m\u00e1s de 98 millones de votantes est\u00e1n llamados a renovar m\u00e1s de 20 mil cargos, incluyendo la presidencia y el Congreso.<\/p>\n<p>El Gobierno mexicano elev\u00f3 en casi un 200% anual su detecci\u00f3n de migrantes irregulares en el primer trimestre de 2024, cuando intercept\u00f3 a m\u00e1s de 360 mil.<\/p>\n","protected":false},"excerpt":{"rendered":"<p>Una caravana con cientos de migrantes cubanos, centroamericanos y venezolanos parti\u00f3 este viernes de la frontera sur de M\u00e9xico para&#8230;<\/p>\n","protected":false},"author":1,"featured_media":0,"comment_status":"open","ping_status":"closed","sticky":false,"template":"","format":"standard","meta":{"footnotes":""},"categories":[78,6026],"tags":[4959,77],"class_list":["post-223065","post","type-post","status-publish","format-standard","hentry","category-nacional","category-portada","tag-featured","tag-principal"],"yoast_head":"<!-- This site is optimized with the Yoast SEO plugin v26.5 - https:\/\/yoast.com\/wordpress\/plugins\/seo\/ -->\n<title>Parte caravana migrante desde Tapachula como presi\u00f3n antes de elecciones - NOTICIAS<\/title>\n<meta name=\"robots\" content=\"index, follow, max-snippet:-1, max-image-preview:large, max-video-preview:-1\" \/>\n<link rel=\"canonical\" href=\"https:\/\/laredsocial-noticias.com\/wp\/parte-caravana-migrante-desde-tapachula-como-presion-antes-de-elecciones\/\" \/>\n<meta property=\"og:locale\" content=\"es_ES\" \/>\n<meta property=\"og:type\" content=\"article\" \/>\n<meta property=\"og:title\" content=\"Parte caravana migrante desde Tapachula como presi\u00f3n antes de elecciones - NOTICIAS\" \/>\n<meta property=\"og:description\" content=\"Una caravana con cientos de migrantes cubanos, centroamericanos y venezolanos parti\u00f3 este viernes de la frontera sur de M\u00e9xico para...\" \/>\n<meta property=\"og:url\" content=\"https:\/\/laredsocial-noticias.com\/wp\/parte-caravana-migrante-desde-tapachula-como-presion-antes-de-elecciones\/\" \/>\n<meta property=\"og:site_name\" content=\"NOTICIAS\" \/>\n<meta property=\"article:published_time\" content=\"2024-05-31T21:00:41+00:00\" \/>\n<meta property=\"article:modified_time\" content=\"2024-05-31T23:55:26+00:00\" \/>\n<meta name=\"author\" content=\"Editor en Jefe\" \/>\n<meta name=\"twitter:card\" content=\"summary_large_image\" \/>\n<meta name=\"twitter:label1\" content=\"Escrito por\" \/>\n\t<meta name=\"twitter:data1\" content=\"Editor en Jefe\" \/>\n\t<meta name=\"twitter:label2\" content=\"Tiempo de lectura\" \/>\n\t<meta name=\"twitter:data2\" content=\"2 minutos\" \/>\n<!-- \/ Yoast SEO plugin. -->","yoast_head_json":{"title":"Parte caravana migrante desde Tapachula como presi\u00f3n antes de elecciones - NOTICIAS","robots":{"index":"index","follow":"follow","max-snippet":"max-snippet:-1","max-image-preview":"max-image-preview:large","max-video-preview":"max-video-preview:-1"},"canonical":"https:\/\/laredsocial-noticias.com\/wp\/parte-caravana-migrante-desde-tapachula-como-presion-antes-de-elecciones\/","og_locale":"es_ES","og_type":"article","og_title":"Parte caravana migrante desde Tapachula como presi\u00f3n antes de elecciones - NOTICIAS","og_description":"Una caravana con cientos de migrantes cubanos, centroamericanos y venezolanos parti\u00f3 este viernes de la frontera sur de M\u00e9xico para...","og_url":"https:\/\/laredsocial-noticias.com\/wp\/parte-caravana-migrante-desde-tapachula-como-presion-antes-de-elecciones\/","og_site_name":"NOTICIAS","article_published_time":"2024-05-31T21:00:41+00:00","article_modified_time":"2024-05-31T23:55:26+00:00","author":"Editor en Jefe","twitter_card":"summary_large_image","twitter_misc":{"Escrito por":"Editor en Jefe","Tiempo de lectura":"2 minutos"},"schema":{"@context":"https:\/\/schema.org","@graph":[{"@type":"WebPage","@id":"https:\/\/laredsocial-noticias.com\/wp\/parte-caravana-migrante-desde-tapachula-como-presion-antes-de-elecciones\/","url":"https:\/\/laredsocial-noticias.com\/wp\/parte-caravana-migrante-desde-tapachula-como-presion-antes-de-elecciones\/","name":"Parte caravana migrante desde Tapachula como presi\u00f3n antes de elecciones - NOTICIAS","isPartOf":{"@id":"https:\/\/laredsocial-noticias.com\/wp\/#website"},"datePublished":"2024-05-31T21:00:41+00:00","dateModified":"2024-05-31T23:55:26+00:00","author":{"@id":"https:\/\/laredsocial-noticias.com\/wp\/#\/schema\/person\/0ce78643f2de7aae6f6ef10e8453a6e0"},"breadcrumb":{"@id":"https:\/\/laredsocial-noticias.com\/wp\/parte-caravana-migrante-desde-tapachula-como-presion-antes-de-elecciones\/#breadcrumb"},"inLanguage":"es","potentialAction":[{"@type":"ReadAction","target":["https:\/\/laredsocial-noticias.com\/wp\/parte-caravana-migrante-desde-tapachula-como-presion-antes-de-elecciones\/"]}]},{"@type":"BreadcrumbList","@id":"https:\/\/laredsocial-noticias.com\/wp\/parte-caravana-migrante-desde-tapachula-como-presion-antes-de-elecciones\/#breadcrumb","itemListElement":[{"@type":"ListItem","position":1,"name":"Portada","item":"https:\/\/laredsocial-noticias.com\/wp\/"},{"@type":"ListItem","position":2,"name":"Parte caravana migrante desde Tapachula como presi\u00f3n antes de elecciones"}]},{"@type":"WebSite","@id":"https:\/\/laredsocial-noticias.com\/wp\/#website","url":"https:\/\/laredsocial-noticias.com\/wp\/","name":"NOTICIAS","description":"Lo que se ve y se dice en las redes sociales","potentialAction":[{"@type":"SearchAction","target":{"@type":"EntryPoint","urlTemplate":"https:\/\/laredsocial-noticias.com\/wp\/?s={search_term_string}"},"query-input":{"@type":"PropertyValueSpecification","valueRequired":true,"valueName":"search_term_string"}}],"inLanguage":"es"},{"@type":"Person","@id":"https:\/\/laredsocial-noticias.com\/wp\/#\/schema\/person\/0ce78643f2de7aae6f6ef10e8453a6e0","name":"Editor en Jefe","url":"https:\/\/laredsocial-noticias.com\/wp\/author\/jorgeochoa\/"}]}},"_links":{"self":[{"href":"https:\/\/laredsocial-noticias.com\/wp\/wp-json\/wp\/v2\/posts\/223065","targetHints":{"allow":["GET"]}}],"collection":[{"href":"https:\/\/laredsocial-noticias.com\/wp\/wp-json\/wp\/v2\/posts"}],"about":[{"href":"https:\/\/laredsocial-noticias.com\/wp\/wp-json\/wp\/v2\/types\/post"}],"author":[{"embeddable":true,"href":"https:\/\/laredsocial-noticias.com\/wp\/wp-json\/wp\/v2\/users\/1"}],"replies":[{"embeddable":true,"href":"https:\/\/laredsocial-noticias.com\/wp\/wp-json\/wp\/v2\/comments?post=223065"}],"version-history":[{"count":1,"href":"https:\/\/laredsocial-noticias.com\/wp\/wp-json\/wp\/v2\/posts\/223065\/revisions"}],"predecessor-version":[{"id":223066,"href":"https:\/\/laredsocial-noticias.com\/wp\/wp-json\/wp\/v2\/posts\/223065\/revisions\/223066"}],"wp:attachment":[{"href":"https:\/\/laredsocial-noticias.com\/wp\/wp-json\/wp\/v2\/media?parent=223065"}],"wp:term":[{"taxonomy":"category","embeddable":true,"href":"https:\/\/laredsocial-noticias.com\/wp\/wp-json\/wp\/v2\/categories?post=223065"},{"taxonomy":"post_tag","embeddable":true,"href":"https:\/\/laredsocial-noticias.com\/wp\/wp-json\/wp\/v2\/tags?post=223065"}],"curies":[{"name":"wp","href":"https:\/\/api.w.org\/{rel}","templated":true}]}}