{"id":223080,"date":"2024-05-31T15:50:58","date_gmt":"2024-05-31T21:50:58","guid":{"rendered":"https:\/\/laredsocial-noticias.com\/wp\/?p=223080"},"modified":"2024-05-31T18:13:23","modified_gmt":"2024-06-01T00:13:23","slug":"trump-apelara-juicio-en-su-contra-porque-fue-muy-injusto","status":"publish","type":"post","link":"https:\/\/laredsocial-noticias.com\/wp\/trump-apelara-juicio-en-su-contra-porque-fue-muy-injusto\/","title":{"rendered":"Trump apelar\u00e1 juicio en su contra porque \u201cfue muy injusto\u201d"},"content":{"rendered":"<p>El expresidente estadounidense Donald Trump prometi\u00f3 este viernes que apelar\u00e1 el veredicto en su contra que recibi\u00f3 de parte de un jurado en un proceso penal en Nueva York y asegur\u00f3 que su equipo de abogados tiene numerosos elementos para cuestionarlo.<\/p>\n<blockquote class=\"wp-block-quote is-layout-flow wp-block-quote-is-layout-flow\"><p>\u201cFue muy injusto\u2026 vieron lo que le ocurri\u00f3 a algunos de los testigos de nuestro lado. Literalmente los crucificaron\u201d, afirm\u00f3 Trump en un discurso en la Trump Tower de Manhattan.<\/p><\/blockquote>\n<p>El republicano de 77 a\u00f1os fue declarado culpable de 34 cargos por falsificaci\u00f3n de documentos contables para esconder un pago destinado a silenciar a la exactriz de cine adulto Stormy Daniels para evitar un esc\u00e1ndalo sexual en su campa\u00f1a de 2016.<\/p>\n<blockquote class=\"wp-block-quote is-layout-flow wp-block-quote-is-layout-flow\"><p>\u201cVamos a apelar esta estafa\u2026 bas\u00e1ndonos en diferentes elementos\u201d, afirm\u00f3 el magnate, que aspira a volver a la Casa Blanca en las elecciones de noviembre como candidato republicano.<\/p><\/blockquote>\n<p>En el podio, donde ofreci\u00f3 una rueda de prensa, lanz\u00f3 durante 35 minutos una retah\u00edla de insultos, alegaciones no confirmadas y sinsentidos, reflejo de su evidente ira.<\/p>\n<p>Tras referirse a sus adversarios como \u201cenfermos\u201d y \u201cfascistas\u201d, se fue sin dejar lugar a preguntas.<\/p>\n<p>Adem\u00e1s del juicio en Nueva York, Trump enfrenta otros tres procesos penales con acusaciones m\u00e1s graves relacionadas a sus intentos de revertir los resultados de la elecci\u00f3n que perdi\u00f3 ante Joe Biden\u00a0en 2020 y por el manejo de documentos clasificados que se llev\u00f3 a su casa tras dejar el gobierno.<\/p>\n<p>Pero no se espera que estos casos avancen a la fase de juicio antes de la elecci\u00f3n en noviembre.<\/p>\n<p>Lo que para cualquier pol\u00edtico significar\u00eda la tumba, Trump lo ha transformado en una medalla de honor, compar\u00e1ndose con prisioneros pol\u00edticos hist\u00f3ricos como Nelson Mandela y usando estos esc\u00e1ndalos para reforzar ante sus seguidores la teor\u00eda de la conspiraci\u00f3n seg\u00fan la cual existe un \u201cEstado profundo\u201d que busca coartarle la libertad.<\/p>\n<p>Biden, por el contrario, ha intentado que los problemas judiciales de Trump no se conviertan en un tema de campa\u00f1a. Y como presidente evita dar munici\u00f3n a los republicanos que lo acusan de intervenir en el sistema judicial.<\/p>\n<p>Ahora tendr\u00e1 que decidir si la condena de Trump cambia el juego.<\/p>\n<p>\u201cDonald Trump est\u00e1 amenazando nuestra democracia. Primero, cuestion\u00f3 nuestro sistema electoral. Luego, cuestion\u00f3 nuestro sistema judicial. Y ahora, ustedes pueden detenerlo\u201d, dijo Biden en la red social X, al tiempo que llam\u00f3 a sus seguidores a contribuir financieramente con su campa\u00f1a.<\/p>\n<p>La campa\u00f1a de Biden afirm\u00f3 en un comunicado que el fallo contra Trump demuestra que \u201cnadie est\u00e1 por encima de la ley\u201d y que la amenaza que representa para la democracia \u201cnunca ha sido tan grande\u201d.<\/p>\n<div class=\"wp-block-dnp-circular  dnp-circular-news\">\n<div class=\"dnp-circular-container\">\n<div id=\"media\"><\/div>\n<\/div>\n<\/div>\n<h2 id=\"h-trump-marca-la-historia\" class=\"wp-block-heading\">Trump marca la historia<\/h2>\n<p>Trump se transform\u00f3 en el primer expresidente de Estados Unidos condenado por un delito. Y establecer\u00eda otro r\u00e9cord si gana las elecciones del 5 de noviembre y reemplaza a Biden en la Casa Blanca.<\/p>\n<p>El jurado lo hall\u00f3 culpable de falsificar registros contables para encubrir un pago de 130.000 d\u00f3lares y evitar que la exactriz Daniels hiciera p\u00fablico un supuesto encuentro sexual en 2006 -que \u00e9l niega- que podr\u00eda haber perjudicado su campa\u00f1a presidencial en 2016.<\/p>\n<p>Los fiscales expusieron con \u00e9xito que el encubrimiento ilegal del pago formaba parte de un delito m\u00e1s amplio para evitar que los votantes conocieran el comportamiento de Trump, justo antes de que venciera la elecci\u00f3n ante Hillary Clinton.<\/p>\n<p>El republicano, que fue liberado sin fianza tras la audiencia, podr\u00eda ser condenado a cuatro a\u00f1os entre rejas por cada cargo, pero es m\u00e1s probable que reciba la libertad condicional por no tener antecedentes.<\/p>\n<p>Aun as\u00ed, no est\u00e1 impedido de continuar su campa\u00f1a electoral, incluso en el improbable caso de que vaya a la c\u00e1rcel.<\/p>\n<p>El juez instructor Juan Merchan dictar\u00e1 la sentencia el 11 de julio, d\u00edas antes de la Convenci\u00f3n Nacional Republicana en la que Trump recibir\u00e1 la nominaci\u00f3n formal del partido.<\/p>\n<p>Robert F. Kennedy, candidato que se postula de forma independiente, afirm\u00f3 que la condena de Trump ser\u00e1 un \u201ctiro por la culata\u201d para los dem\u00f3cratas porque reforzar\u00e1 la popularidad del republicano.<\/p>\n<p>Pero el analista pol\u00edtico Keith Gaddie, profesor en la Texas Christian University, sostiene que el impacto pol\u00edtico de este proceso hist\u00f3rico todav\u00eda est\u00e1 por verse.<\/p>\n<p>\u201cProbablemente no cambie muchos votos, pero en algunos estados espec\u00edficos donde el voto es bisagra\u201d, es decir que se inclina por uno o por otro candidato seg\u00fan la elecci\u00f3n, \u201cpuede importar en los m\u00e1rgenes\u201d, afirm\u00f3.<\/p>\n<p>\u201cEn contiendas particularmente ajustadas, puede inclinar las cosas en una o en otra direcci\u00f3n\u201d, a\u00f1adi\u00f3 Gaddie.<\/p>\n","protected":false},"excerpt":{"rendered":"<p>El expresidente estadounidense Donald Trump prometi\u00f3 este viernes que apelar\u00e1 el veredicto en su contra que recibi\u00f3 de parte de&#8230;<\/p>\n","protected":false},"author":1,"featured_media":0,"comment_status":"open","ping_status":"closed","sticky":false,"template":"","format":"standard","meta":{"footnotes":""},"categories":[101,6026],"tags":[4959,77],"class_list":["post-223080","post","type-post","status-publish","format-standard","hentry","category-internacional","category-portada","tag-featured","tag-principal"],"yoast_head":"<!-- This site is optimized with the Yoast SEO plugin v26.5 - https:\/\/yoast.com\/wordpress\/plugins\/seo\/ -->\n<title>Trump apelar\u00e1 juicio en su contra porque \u201cfue muy injusto\u201d - NOTICIAS<\/title>\n<meta name=\"robots\" content=\"index, follow, max-snippet:-1, max-image-preview:large, max-video-preview:-1\" \/>\n<link rel=\"canonical\" href=\"https:\/\/laredsocial-noticias.com\/wp\/trump-apelara-juicio-en-su-contra-porque-fue-muy-injusto\/\" \/>\n<meta property=\"og:locale\" content=\"es_ES\" \/>\n<meta property=\"og:type\" content=\"article\" \/>\n<meta property=\"og:title\" content=\"Trump apelar\u00e1 juicio en su contra porque \u201cfue muy injusto\u201d - NOTICIAS\" \/>\n<meta property=\"og:description\" content=\"El expresidente estadounidense Donald Trump prometi\u00f3 este viernes que apelar\u00e1 el veredicto en su contra que recibi\u00f3 de parte de...\" \/>\n<meta property=\"og:url\" content=\"https:\/\/laredsocial-noticias.com\/wp\/trump-apelara-juicio-en-su-contra-porque-fue-muy-injusto\/\" \/>\n<meta property=\"og:site_name\" content=\"NOTICIAS\" \/>\n<meta property=\"article:published_time\" content=\"2024-05-31T21:50:58+00:00\" \/>\n<meta property=\"article:modified_time\" content=\"2024-06-01T00:13:23+00:00\" \/>\n<meta name=\"author\" content=\"Editor en Jefe\" \/>\n<meta name=\"twitter:card\" content=\"summary_large_image\" \/>\n<meta name=\"twitter:label1\" content=\"Escrito por\" \/>\n\t<meta name=\"twitter:data1\" content=\"Editor en Jefe\" \/>\n\t<meta name=\"twitter:label2\" content=\"Tiempo de lectura\" \/>\n\t<meta name=\"twitter:data2\" content=\"4 minutos\" \/>\n<!-- \/ Yoast SEO plugin. -->","yoast_head_json":{"title":"Trump apelar\u00e1 juicio en su contra porque \u201cfue muy injusto\u201d - NOTICIAS","robots":{"index":"index","follow":"follow","max-snippet":"max-snippet:-1","max-image-preview":"max-image-preview:large","max-video-preview":"max-video-preview:-1"},"canonical":"https:\/\/laredsocial-noticias.com\/wp\/trump-apelara-juicio-en-su-contra-porque-fue-muy-injusto\/","og_locale":"es_ES","og_type":"article","og_title":"Trump apelar\u00e1 juicio en su contra porque \u201cfue muy injusto\u201d - NOTICIAS","og_description":"El expresidente estadounidense Donald Trump prometi\u00f3 este viernes que apelar\u00e1 el veredicto en su contra que recibi\u00f3 de parte de...","og_url":"https:\/\/laredsocial-noticias.com\/wp\/trump-apelara-juicio-en-su-contra-porque-fue-muy-injusto\/","og_site_name":"NOTICIAS","article_published_time":"2024-05-31T21:50:58+00:00","article_modified_time":"2024-06-01T00:13:23+00:00","author":"Editor en Jefe","twitter_card":"summary_large_image","twitter_misc":{"Escrito por":"Editor en Jefe","Tiempo de lectura":"4 minutos"},"schema":{"@context":"https:\/\/schema.org","@graph":[{"@type":"WebPage","@id":"https:\/\/laredsocial-noticias.com\/wp\/trump-apelara-juicio-en-su-contra-porque-fue-muy-injusto\/","url":"https:\/\/laredsocial-noticias.com\/wp\/trump-apelara-juicio-en-su-contra-porque-fue-muy-injusto\/","name":"Trump apelar\u00e1 juicio en su contra porque \u201cfue muy injusto\u201d - NOTICIAS","isPartOf":{"@id":"https:\/\/laredsocial-noticias.com\/wp\/#website"},"datePublished":"2024-05-31T21:50:58+00:00","dateModified":"2024-06-01T00:13:23+00:00","author":{"@id":"https:\/\/laredsocial-noticias.com\/wp\/#\/schema\/person\/0ce78643f2de7aae6f6ef10e8453a6e0"},"breadcrumb":{"@id":"https:\/\/laredsocial-noticias.com\/wp\/trump-apelara-juicio-en-su-contra-porque-fue-muy-injusto\/#breadcrumb"},"inLanguage":"es","potentialAction":[{"@type":"ReadAction","target":["https:\/\/laredsocial-noticias.com\/wp\/trump-apelara-juicio-en-su-contra-porque-fue-muy-injusto\/"]}]},{"@type":"BreadcrumbList","@id":"https:\/\/laredsocial-noticias.com\/wp\/trump-apelara-juicio-en-su-contra-porque-fue-muy-injusto\/#breadcrumb","itemListElement":[{"@type":"ListItem","position":1,"name":"Portada","item":"https:\/\/laredsocial-noticias.com\/wp\/"},{"@type":"ListItem","position":2,"name":"Trump apelar\u00e1 juicio en su contra porque \u201cfue muy injusto\u201d"}]},{"@type":"WebSite","@id":"https:\/\/laredsocial-noticias.com\/wp\/#website","url":"https:\/\/laredsocial-noticias.com\/wp\/","name":"NOTICIAS","description":"Lo que se ve y se dice en las redes sociales","potentialAction":[{"@type":"SearchAction","target":{"@type":"EntryPoint","urlTemplate":"https:\/\/laredsocial-noticias.com\/wp\/?s={search_term_string}"},"query-input":{"@type":"PropertyValueSpecification","valueRequired":true,"valueName":"search_term_string"}}],"inLanguage":"es"},{"@type":"Person","@id":"https:\/\/laredsocial-noticias.com\/wp\/#\/schema\/person\/0ce78643f2de7aae6f6ef10e8453a6e0","name":"Editor en Jefe","url":"https:\/\/laredsocial-noticias.com\/wp\/author\/jorgeochoa\/"}]}},"_links":{"self":[{"href":"https:\/\/laredsocial-noticias.com\/wp\/wp-json\/wp\/v2\/posts\/223080","targetHints":{"allow":["GET"]}}],"collection":[{"href":"https:\/\/laredsocial-noticias.com\/wp\/wp-json\/wp\/v2\/posts"}],"about":[{"href":"https:\/\/laredsocial-noticias.com\/wp\/wp-json\/wp\/v2\/types\/post"}],"author":[{"embeddable":true,"href":"https:\/\/laredsocial-noticias.com\/wp\/wp-json\/wp\/v2\/users\/1"}],"replies":[{"embeddable":true,"href":"https:\/\/laredsocial-noticias.com\/wp\/wp-json\/wp\/v2\/comments?post=223080"}],"version-history":[{"count":1,"href":"https:\/\/laredsocial-noticias.com\/wp\/wp-json\/wp\/v2\/posts\/223080\/revisions"}],"predecessor-version":[{"id":223081,"href":"https:\/\/laredsocial-noticias.com\/wp\/wp-json\/wp\/v2\/posts\/223080\/revisions\/223081"}],"wp:attachment":[{"href":"https:\/\/laredsocial-noticias.com\/wp\/wp-json\/wp\/v2\/media?parent=223080"}],"wp:term":[{"taxonomy":"category","embeddable":true,"href":"https:\/\/laredsocial-noticias.com\/wp\/wp-json\/wp\/v2\/categories?post=223080"},{"taxonomy":"post_tag","embeddable":true,"href":"https:\/\/laredsocial-noticias.com\/wp\/wp-json\/wp\/v2\/tags?post=223080"}],"curies":[{"name":"wp","href":"https:\/\/api.w.org\/{rel}","templated":true}]}}