{"id":22579,"date":"2016-08-15T22:41:55","date_gmt":"2016-08-16T03:41:55","guid":{"rendered":"http:\/\/laredsocial-noticias.com\/wp\/?p=22579"},"modified":"2016-08-15T22:41:55","modified_gmt":"2016-08-16T03:41:55","slug":"puebla-y-veracruz-continuan-bajo-emergencia-por-temporal","status":"publish","type":"post","link":"https:\/\/laredsocial-noticias.com\/wp\/puebla-y-veracruz-continuan-bajo-emergencia-por-temporal\/","title":{"rendered":"Puebla y Veracruz contin\u00faan bajo emergencia por temporal"},"content":{"rendered":"<p><img loading=\"lazy\" decoding=\"async\" class=\"aligncenter size-full wp-image-22580\" src=\"http:\/\/laredsocial-noticias.com\/wp\/wp-content\/uploads\/2016\/08\/MEADE.jpg\" alt=\"MEADE\" width=\"932\" height=\"1081\" data-wp-pid=\"22580\" \/><\/p>\n<ul>\n<li>El Gobierno de la Rep\u00fablica despliega en las zonas afectadas recursos conjuntos por 11.6 millones de pesos<\/li>\n<li>El secretario de Desarrollo Social puso en marcha el Convenio de Colaboraci\u00f3n con la UACh para promover procesos productivos en esa casa de estudios<\/li>\n<\/ul>\n<blockquote><p>El secretario de Desarrollo Social, Jos\u00e9 Antonio Meade Kuribre\u00f1a, anunci\u00f3 que el Gobierno de la Rep\u00fablica desplegar\u00e1 en los estados de Veracruz y Puebla apoyos conjuntos por 11.6 millones de pesos, para mantener el nivel de abasto de alimentos y aplicar el Programa de Empleo Temporal Inmediato para la reconstrucci\u00f3n de los da\u00f1os causados por la tormenta tropical Earl.<\/p><\/blockquote>\n<p>Dijo que las familias poblanas reciben recursos por 8 millones de pesos, y en el caso de Veracruz se destinaron 3.6 millones de pesos m\u00e1s. Dichos recursos coadyuvar\u00e1n en el restablecimiento de los ingresos de las comunidades y en los trabajos de limpieza de las viviendas afectadas.<\/p>\n<p>En el marco de la puesta en marcha del Convenio de Colaboraci\u00f3n entre la Secretar\u00eda de Desarrollo Social (Sedesol) y la Universidad Aut\u00f3noma de Chapingo (UACh), el secretario Meade explic\u00f3 que en la zonas afectadas por la tormenta Earl se llev\u00f3 a cabo un censo para registrar a las personas afectadas y conocer el estado de carreteras, puentes y viviendas.<\/p>\n<p>Precis\u00f3 que a finales de esta semana, en ambas entidades se podr\u00e1 contar con una cuantificaci\u00f3n exacta de los da\u00f1os causados por el fen\u00f3meno. Ello permitir\u00e1 desplegar de manera oportuna los apoyos a las comunidades que se vieron afectadas en su patrimonio por las recientes lluvias.<\/p>\n<p>El funcionario federal coment\u00f3 que a las acciones de reconstrucci\u00f3n se sumar\u00e1 un apoyo para enfrentar las afectaciones al campo en el estado de Puebla, donde se abonar\u00e1 un fondo proveniente de un seguro agropecuario por 20 millones de pesos.<\/p>\n<p>Por parte de la Sedesol, dijo, se destinar\u00e1n apoyos a quienes desafortunadamente perdieron a familiares y que se vieron afectados en su capacidad productiva, tanto en Puebla como en Veracruz.<\/p>\n<p>En el acto de la firma de convenio el secretario Meade destac\u00f3 que la idea es abrir m\u00e1s oportunidades a grupos y personas a los esquemas productivos de la regi\u00f3n.<\/p>\n<p>\u201cLo que queremos es que mediante los instrumentos que tenemos vayamos construyendo un marco que permita que la gente viva mejor y que tenga mejores alternativas\u201d, resalt\u00f3 el titular de la Sedesol, quien dijo que para llevar acabo ese despliegue se cuenta con el Instituto Nacional de Apoyo a la Econom\u00eda Social (INAES) y el Programa de Opciones Productivas.<\/p>\n<p>Ante el rector de la UACh, Sergio Barrales Dom\u00ednguez, catedr\u00e1ticos, miembros del Consejo Universitario y alumnos, dijo que esta casa de estudios, especializada en temas del campo, es un aliado estrat\u00e9gico que movilizar\u00e1 el apoyo a 900 organizaciones en 18 estados, donde se aplicar\u00e1 esta firma de este convenio.<\/p>\n<p>\u201cSe movilizar\u00e1n aproximadamente 120 millones de apoyos para detonar una econom\u00eda social que sea sostenible, que implique un verdadero progreso para quienes reciben los apoyos\u201d, destac\u00f3.<\/p>\n<p><iframe loading=\"lazy\" title=\"Puebla y Veracruz siguen en emergencia\" width=\"740\" height=\"416\" src=\"https:\/\/www.youtube.com\/embed\/ZjA73uw1-6g?feature=oembed\" frameborder=\"0\" allow=\"accelerometer; autoplay; clipboard-write; encrypted-media; gyroscope; picture-in-picture; web-share\" referrerpolicy=\"strict-origin-when-cross-origin\" allowfullscreen><\/iframe><\/p>\n","protected":false},"excerpt":{"rendered":"<p>El Gobierno de la Rep\u00fablica despliega en las zonas afectadas recursos conjuntos por 11.6 millones de pesos El secretario de&#8230;<\/p>\n","protected":false},"author":1,"featured_media":0,"comment_status":"open","ping_status":"open","sticky":false,"template":"","format":"standard","meta":{"footnotes":""},"categories":[1],"tags":[],"class_list":["post-22579","post","type-post","status-publish","format-standard","hentry","category-uncategorized"],"yoast_head":"<!-- This site is optimized with the Yoast SEO plugin v26.5 - https:\/\/yoast.com\/wordpress\/plugins\/seo\/ -->\n<title>Puebla y Veracruz contin\u00faan bajo emergencia por temporal - NOTICIAS<\/title>\n<meta name=\"robots\" content=\"index, follow, max-snippet:-1, max-image-preview:large, max-video-preview:-1\" \/>\n<link rel=\"canonical\" href=\"https:\/\/laredsocial-noticias.com\/wp\/puebla-y-veracruz-continuan-bajo-emergencia-por-temporal\/\" \/>\n<meta property=\"og:locale\" content=\"es_ES\" \/>\n<meta property=\"og:type\" content=\"article\" \/>\n<meta property=\"og:title\" content=\"Puebla y Veracruz contin\u00faan bajo emergencia por temporal - NOTICIAS\" \/>\n<meta property=\"og:description\" content=\"El Gobierno de la Rep\u00fablica despliega en las zonas afectadas recursos conjuntos por 11.6 millones de pesos El secretario de...\" \/>\n<meta property=\"og:url\" content=\"https:\/\/laredsocial-noticias.com\/wp\/puebla-y-veracruz-continuan-bajo-emergencia-por-temporal\/\" \/>\n<meta property=\"og:site_name\" content=\"NOTICIAS\" \/>\n<meta property=\"article:published_time\" content=\"2016-08-16T03:41:55+00:00\" \/>\n<meta property=\"og:image\" content=\"https:\/\/laredsocial-noticias.com\/wp\/wp-content\/uploads\/2016\/08\/MEADE.jpg\" \/>\n\t<meta property=\"og:image:width\" content=\"932\" \/>\n\t<meta property=\"og:image:height\" content=\"1081\" \/>\n\t<meta property=\"og:image:type\" content=\"image\/jpeg\" \/>\n<meta name=\"author\" content=\"Editor en Jefe\" \/>\n<meta name=\"twitter:card\" content=\"summary_large_image\" \/>\n<meta name=\"twitter:label1\" content=\"Escrito por\" \/>\n\t<meta name=\"twitter:data1\" content=\"Editor en Jefe\" \/>\n\t<meta name=\"twitter:label2\" content=\"Tiempo de lectura\" \/>\n\t<meta name=\"twitter:data2\" content=\"3 minutos\" \/>\n<!-- \/ Yoast SEO plugin. -->","yoast_head_json":{"title":"Puebla y Veracruz contin\u00faan bajo emergencia por temporal - NOTICIAS","robots":{"index":"index","follow":"follow","max-snippet":"max-snippet:-1","max-image-preview":"max-image-preview:large","max-video-preview":"max-video-preview:-1"},"canonical":"https:\/\/laredsocial-noticias.com\/wp\/puebla-y-veracruz-continuan-bajo-emergencia-por-temporal\/","og_locale":"es_ES","og_type":"article","og_title":"Puebla y Veracruz contin\u00faan bajo emergencia por temporal - NOTICIAS","og_description":"El Gobierno de la Rep\u00fablica despliega en las zonas afectadas recursos conjuntos por 11.6 millones de pesos El secretario de...","og_url":"https:\/\/laredsocial-noticias.com\/wp\/puebla-y-veracruz-continuan-bajo-emergencia-por-temporal\/","og_site_name":"NOTICIAS","article_published_time":"2016-08-16T03:41:55+00:00","og_image":[{"width":932,"height":1081,"url":"https:\/\/laredsocial-noticias.com\/wp\/wp-content\/uploads\/2016\/08\/MEADE.jpg","type":"image\/jpeg"}],"author":"Editor en Jefe","twitter_card":"summary_large_image","twitter_misc":{"Escrito por":"Editor en Jefe","Tiempo de lectura":"3 minutos"},"schema":{"@context":"https:\/\/schema.org","@graph":[{"@type":"WebPage","@id":"https:\/\/laredsocial-noticias.com\/wp\/puebla-y-veracruz-continuan-bajo-emergencia-por-temporal\/","url":"https:\/\/laredsocial-noticias.com\/wp\/puebla-y-veracruz-continuan-bajo-emergencia-por-temporal\/","name":"Puebla y Veracruz contin\u00faan bajo emergencia por temporal - NOTICIAS","isPartOf":{"@id":"https:\/\/laredsocial-noticias.com\/wp\/#website"},"primaryImageOfPage":{"@id":"https:\/\/laredsocial-noticias.com\/wp\/puebla-y-veracruz-continuan-bajo-emergencia-por-temporal\/#primaryimage"},"image":{"@id":"https:\/\/laredsocial-noticias.com\/wp\/puebla-y-veracruz-continuan-bajo-emergencia-por-temporal\/#primaryimage"},"thumbnailUrl":"http:\/\/laredsocial-noticias.com\/wp\/wp-content\/uploads\/2016\/08\/MEADE.jpg","datePublished":"2016-08-16T03:41:55+00:00","author":{"@id":"https:\/\/laredsocial-noticias.com\/wp\/#\/schema\/person\/0ce78643f2de7aae6f6ef10e8453a6e0"},"breadcrumb":{"@id":"https:\/\/laredsocial-noticias.com\/wp\/puebla-y-veracruz-continuan-bajo-emergencia-por-temporal\/#breadcrumb"},"inLanguage":"es","potentialAction":[{"@type":"ReadAction","target":["https:\/\/laredsocial-noticias.com\/wp\/puebla-y-veracruz-continuan-bajo-emergencia-por-temporal\/"]}]},{"@type":"ImageObject","inLanguage":"es","@id":"https:\/\/laredsocial-noticias.com\/wp\/puebla-y-veracruz-continuan-bajo-emergencia-por-temporal\/#primaryimage","url":"","contentUrl":""},{"@type":"BreadcrumbList","@id":"https:\/\/laredsocial-noticias.com\/wp\/puebla-y-veracruz-continuan-bajo-emergencia-por-temporal\/#breadcrumb","itemListElement":[{"@type":"ListItem","position":1,"name":"Portada","item":"https:\/\/laredsocial-noticias.com\/wp\/"},{"@type":"ListItem","position":2,"name":"Puebla y Veracruz contin\u00faan bajo emergencia por temporal"}]},{"@type":"WebSite","@id":"https:\/\/laredsocial-noticias.com\/wp\/#website","url":"https:\/\/laredsocial-noticias.com\/wp\/","name":"NOTICIAS","description":"Lo que se ve y se dice en las redes sociales","potentialAction":[{"@type":"SearchAction","target":{"@type":"EntryPoint","urlTemplate":"https:\/\/laredsocial-noticias.com\/wp\/?s={search_term_string}"},"query-input":{"@type":"PropertyValueSpecification","valueRequired":true,"valueName":"search_term_string"}}],"inLanguage":"es"},{"@type":"Person","@id":"https:\/\/laredsocial-noticias.com\/wp\/#\/schema\/person\/0ce78643f2de7aae6f6ef10e8453a6e0","name":"Editor en Jefe","url":"https:\/\/laredsocial-noticias.com\/wp\/author\/jorgeochoa\/"}]}},"_links":{"self":[{"href":"https:\/\/laredsocial-noticias.com\/wp\/wp-json\/wp\/v2\/posts\/22579","targetHints":{"allow":["GET"]}}],"collection":[{"href":"https:\/\/laredsocial-noticias.com\/wp\/wp-json\/wp\/v2\/posts"}],"about":[{"href":"https:\/\/laredsocial-noticias.com\/wp\/wp-json\/wp\/v2\/types\/post"}],"author":[{"embeddable":true,"href":"https:\/\/laredsocial-noticias.com\/wp\/wp-json\/wp\/v2\/users\/1"}],"replies":[{"embeddable":true,"href":"https:\/\/laredsocial-noticias.com\/wp\/wp-json\/wp\/v2\/comments?post=22579"}],"version-history":[{"count":1,"href":"https:\/\/laredsocial-noticias.com\/wp\/wp-json\/wp\/v2\/posts\/22579\/revisions"}],"predecessor-version":[{"id":22581,"href":"https:\/\/laredsocial-noticias.com\/wp\/wp-json\/wp\/v2\/posts\/22579\/revisions\/22581"}],"wp:attachment":[{"href":"https:\/\/laredsocial-noticias.com\/wp\/wp-json\/wp\/v2\/media?parent=22579"}],"wp:term":[{"taxonomy":"category","embeddable":true,"href":"https:\/\/laredsocial-noticias.com\/wp\/wp-json\/wp\/v2\/categories?post=22579"},{"taxonomy":"post_tag","embeddable":true,"href":"https:\/\/laredsocial-noticias.com\/wp\/wp-json\/wp\/v2\/tags?post=22579"}],"curies":[{"name":"wp","href":"https:\/\/api.w.org\/{rel}","templated":true}]}}