{"id":22680,"date":"2016-08-16T12:15:12","date_gmt":"2016-08-16T17:15:12","guid":{"rendered":"http:\/\/laredsocial-noticias.com\/wp\/?p=22680"},"modified":"2016-08-16T11:36:24","modified_gmt":"2016-08-16T16:36:24","slug":"error-historico-reabrir-negociaciones-con-farc-gobierno-colombiano","status":"publish","type":"post","link":"https:\/\/laredsocial-noticias.com\/wp\/error-historico-reabrir-negociaciones-con-farc-gobierno-colombiano\/","title":{"rendered":"Error hist\u00f3rico reabrir negociaciones con FARC: gobierno colombiano"},"content":{"rendered":"<p><strong>BOGOT\u00c1, 16 de agosto, (MOMENTO INFORMATIVO \/ C\u00cdRCULO DIGITAL).-\u00a0<\/strong>El jefe del equipo negociador del gobierno colombiano Humberto de la Calle dijo hoy que tras casi cuatro a\u00f1os de conversaciones \u201cno hay espacio para reabrir las negociaciones\u201d de paz con las Fuerzas Armadas Revolucionarias de Colombia (FARC).<\/p>\n<p>\u201c(\u2026) Mi testimonio es que no hay espacio para reabrir las negociaciones, es mi opini\u00f3n. Creo que en el plebiscito debemos ya tomar una decisi\u00f3n. Pensar que se pueden renegociar algunos puntos ser\u00eda un tremendo error\u201d, se\u00f1al\u00f3 De la Calle.<\/p>\n<p>Agreg\u00f3 que \u201cese es mi convencimiento. Muy poco ganar\u00eda la sociedad colombiana. Creo que en el plebiscito, repito, debemos tomar una decisi\u00f3n. Resistirse a dar el paso hoy, el d\u00eda del plebiscito, es condenar al pa\u00eds a un periodo de incertidumbre. Poner fin al conflicto es una certeza\u201d.<\/p>\n<p>El jefe negociador del gobierno del presidente Juan Manuel Santos reiter\u00f3 que \u201cpensar que se pueden renegociar algunos puntos ser\u00eda, repito, un error. Estoy seguro de lo que estoy diciendo\u201d.<\/p>\n<p>\u201cLa frustraci\u00f3n frente a lo logrado, si no damos ese paso, y frente a las potencialidades de esta oportunidad de terminar el conflicto, creo que significar\u00eda un enorme retroceso en la construcci\u00f3n de una ciudadan\u00eda deseosa de impulsar el futuro, la transformaci\u00f3n\u201d, enfatiz\u00f3.<\/p>\n<p>A su juicio \u201cser\u00eda un giro al pasado. No quiero imaginarme la enorme decepci\u00f3n nacional. Vendr\u00eda un sentimiento de impotencia, de calamidad, de pesimismo que afectar\u00eda el desarrollo de nuestra naci\u00f3n\u201d.<\/p>\n<p>\u201cPasado el ejercicio electoral, nos sentir\u00edamos presos del pasado\u201d, asever\u00f3 el jefe negociador. Nos sentir\u00edamos en una situaci\u00f3n de impotencia, de no ser capaces de conducir nuestro futuro\u201d, concluy\u00f3 el funcionario y ex vicepresidente de Colombia.<\/p>\n<p>El gobierno de Santos negocia desde noviembre del 2012 un acuerdo de paz para poner fin a 52 a\u00f1os de confrontaci\u00f3n armada, que ha dejado unos 7.5 millones de v\u00edctimas.<\/p>\n<p>El Acuerdo Final de Paz, que firmen las partes debe ir a una refrendaci\u00f3n por parte del pueblo colombiano, a trav\u00e9s de un plebiscito en el que los electores tienen que votar por el SI o por el NO a los acuerdos de paz.<\/p>\n","protected":false},"excerpt":{"rendered":"<p>BOGOT\u00c1, 16 de agosto, (MOMENTO INFORMATIVO \/ C\u00cdRCULO DIGITAL).-\u00a0El jefe del equipo negociador del gobierno colombiano Humberto de la Calle&#8230;<\/p>\n","protected":false},"author":1,"featured_media":0,"comment_status":"closed","ping_status":"closed","sticky":false,"template":"","format":"standard","meta":{"footnotes":""},"categories":[1796,101,73],"tags":[145,77],"class_list":["post-22680","post","type-post","status-publish","format-standard","hentry","category-circulodigital","category-internacional","category-principal","tag-internacional","tag-principal"],"yoast_head":"<!-- This site is optimized with the Yoast SEO plugin v26.5 - https:\/\/yoast.com\/wordpress\/plugins\/seo\/ -->\n<title>Error hist\u00f3rico reabrir negociaciones con FARC: gobierno colombiano - NOTICIAS<\/title>\n<meta name=\"robots\" content=\"index, follow, max-snippet:-1, max-image-preview:large, max-video-preview:-1\" \/>\n<link rel=\"canonical\" href=\"https:\/\/laredsocial-noticias.com\/wp\/error-historico-reabrir-negociaciones-con-farc-gobierno-colombiano\/\" \/>\n<meta property=\"og:locale\" content=\"es_ES\" \/>\n<meta property=\"og:type\" content=\"article\" \/>\n<meta property=\"og:title\" content=\"Error hist\u00f3rico reabrir negociaciones con FARC: gobierno colombiano - NOTICIAS\" \/>\n<meta property=\"og:description\" content=\"BOGOT\u00c1, 16 de agosto, (MOMENTO INFORMATIVO \/ C\u00cdRCULO DIGITAL).-\u00a0El jefe del equipo negociador del gobierno colombiano Humberto de la Calle...\" \/>\n<meta property=\"og:url\" content=\"https:\/\/laredsocial-noticias.com\/wp\/error-historico-reabrir-negociaciones-con-farc-gobierno-colombiano\/\" \/>\n<meta property=\"og:site_name\" content=\"NOTICIAS\" \/>\n<meta property=\"article:published_time\" content=\"2016-08-16T17:15:12+00:00\" \/>\n<meta property=\"og:image\" content=\"https:\/\/laredsocial-noticias.com\/wp\/wp-content\/uploads\/2016\/08\/Humberto-de-la-Calle.jpg\" \/>\n\t<meta property=\"og:image:width\" content=\"650\" \/>\n\t<meta property=\"og:image:height\" content=\"426\" \/>\n\t<meta property=\"og:image:type\" content=\"image\/jpeg\" \/>\n<meta name=\"author\" content=\"Editor en Jefe\" \/>\n<meta name=\"twitter:card\" content=\"summary_large_image\" \/>\n<meta name=\"twitter:label1\" content=\"Escrito por\" \/>\n\t<meta name=\"twitter:data1\" content=\"Editor en Jefe\" \/>\n\t<meta name=\"twitter:label2\" content=\"Tiempo de lectura\" \/>\n\t<meta name=\"twitter:data2\" content=\"2 minutos\" \/>\n<!-- \/ Yoast SEO plugin. -->","yoast_head_json":{"title":"Error hist\u00f3rico reabrir negociaciones con FARC: gobierno colombiano - NOTICIAS","robots":{"index":"index","follow":"follow","max-snippet":"max-snippet:-1","max-image-preview":"max-image-preview:large","max-video-preview":"max-video-preview:-1"},"canonical":"https:\/\/laredsocial-noticias.com\/wp\/error-historico-reabrir-negociaciones-con-farc-gobierno-colombiano\/","og_locale":"es_ES","og_type":"article","og_title":"Error hist\u00f3rico reabrir negociaciones con FARC: gobierno colombiano - NOTICIAS","og_description":"BOGOT\u00c1, 16 de agosto, (MOMENTO INFORMATIVO \/ C\u00cdRCULO DIGITAL).-\u00a0El jefe del equipo negociador del gobierno colombiano Humberto de la Calle...","og_url":"https:\/\/laredsocial-noticias.com\/wp\/error-historico-reabrir-negociaciones-con-farc-gobierno-colombiano\/","og_site_name":"NOTICIAS","article_published_time":"2016-08-16T17:15:12+00:00","og_image":[{"width":650,"height":426,"url":"https:\/\/laredsocial-noticias.com\/wp\/wp-content\/uploads\/2016\/08\/Humberto-de-la-Calle.jpg","type":"image\/jpeg"}],"author":"Editor en Jefe","twitter_card":"summary_large_image","twitter_misc":{"Escrito por":"Editor en Jefe","Tiempo de lectura":"2 minutos"},"schema":{"@context":"https:\/\/schema.org","@graph":[{"@type":"WebPage","@id":"https:\/\/laredsocial-noticias.com\/wp\/error-historico-reabrir-negociaciones-con-farc-gobierno-colombiano\/","url":"https:\/\/laredsocial-noticias.com\/wp\/error-historico-reabrir-negociaciones-con-farc-gobierno-colombiano\/","name":"Error hist\u00f3rico reabrir negociaciones con FARC: gobierno colombiano - NOTICIAS","isPartOf":{"@id":"https:\/\/laredsocial-noticias.com\/wp\/#website"},"datePublished":"2016-08-16T17:15:12+00:00","author":{"@id":"https:\/\/laredsocial-noticias.com\/wp\/#\/schema\/person\/0ce78643f2de7aae6f6ef10e8453a6e0"},"breadcrumb":{"@id":"https:\/\/laredsocial-noticias.com\/wp\/error-historico-reabrir-negociaciones-con-farc-gobierno-colombiano\/#breadcrumb"},"inLanguage":"es","potentialAction":[{"@type":"ReadAction","target":["https:\/\/laredsocial-noticias.com\/wp\/error-historico-reabrir-negociaciones-con-farc-gobierno-colombiano\/"]}]},{"@type":"BreadcrumbList","@id":"https:\/\/laredsocial-noticias.com\/wp\/error-historico-reabrir-negociaciones-con-farc-gobierno-colombiano\/#breadcrumb","itemListElement":[{"@type":"ListItem","position":1,"name":"Portada","item":"https:\/\/laredsocial-noticias.com\/wp\/"},{"@type":"ListItem","position":2,"name":"Error hist\u00f3rico reabrir negociaciones con FARC: gobierno colombiano"}]},{"@type":"WebSite","@id":"https:\/\/laredsocial-noticias.com\/wp\/#website","url":"https:\/\/laredsocial-noticias.com\/wp\/","name":"NOTICIAS","description":"Lo que se ve y se dice en las redes sociales","potentialAction":[{"@type":"SearchAction","target":{"@type":"EntryPoint","urlTemplate":"https:\/\/laredsocial-noticias.com\/wp\/?s={search_term_string}"},"query-input":{"@type":"PropertyValueSpecification","valueRequired":true,"valueName":"search_term_string"}}],"inLanguage":"es"},{"@type":"Person","@id":"https:\/\/laredsocial-noticias.com\/wp\/#\/schema\/person\/0ce78643f2de7aae6f6ef10e8453a6e0","name":"Editor en Jefe","url":"https:\/\/laredsocial-noticias.com\/wp\/author\/jorgeochoa\/"}]}},"_links":{"self":[{"href":"https:\/\/laredsocial-noticias.com\/wp\/wp-json\/wp\/v2\/posts\/22680","targetHints":{"allow":["GET"]}}],"collection":[{"href":"https:\/\/laredsocial-noticias.com\/wp\/wp-json\/wp\/v2\/posts"}],"about":[{"href":"https:\/\/laredsocial-noticias.com\/wp\/wp-json\/wp\/v2\/types\/post"}],"author":[{"embeddable":true,"href":"https:\/\/laredsocial-noticias.com\/wp\/wp-json\/wp\/v2\/users\/1"}],"replies":[{"embeddable":true,"href":"https:\/\/laredsocial-noticias.com\/wp\/wp-json\/wp\/v2\/comments?post=22680"}],"version-history":[{"count":1,"href":"https:\/\/laredsocial-noticias.com\/wp\/wp-json\/wp\/v2\/posts\/22680\/revisions"}],"predecessor-version":[{"id":22681,"href":"https:\/\/laredsocial-noticias.com\/wp\/wp-json\/wp\/v2\/posts\/22680\/revisions\/22681"}],"wp:attachment":[{"href":"https:\/\/laredsocial-noticias.com\/wp\/wp-json\/wp\/v2\/media?parent=22680"}],"wp:term":[{"taxonomy":"category","embeddable":true,"href":"https:\/\/laredsocial-noticias.com\/wp\/wp-json\/wp\/v2\/categories?post=22680"},{"taxonomy":"post_tag","embeddable":true,"href":"https:\/\/laredsocial-noticias.com\/wp\/wp-json\/wp\/v2\/tags?post=22680"}],"curies":[{"name":"wp","href":"https:\/\/api.w.org\/{rel}","templated":true}]}}