{"id":226811,"date":"2024-07-14T14:30:57","date_gmt":"2024-07-14T20:30:57","guid":{"rendered":"https:\/\/laredsocial-noticias.com\/wp\/?p=226811"},"modified":"2024-07-14T16:22:48","modified_gmt":"2024-07-14T22:22:48","slug":"tras-balacera-cerca-de-la-alameda-central-detienen-a-tres-sujetos-con-posible-droga","status":"publish","type":"post","link":"https:\/\/laredsocial-noticias.com\/wp\/tras-balacera-cerca-de-la-alameda-central-detienen-a-tres-sujetos-con-posible-droga\/","title":{"rendered":"Tras balacera cerca de la Alameda Central detienen a tres sujetos con posible droga"},"content":{"rendered":"<p>En seguimiento a la atenci\u00f3n de un reporte en que dos hombres fueron agredidos por disparos de arma de fuego en la calle Dolores y avenida Ju\u00e1rez, en la colonia Centro, alcald\u00eda Cuauht\u00e9moc, donde uno de ellos perdi\u00f3 la vida debido a una herida de bala en la cadera, polic\u00edas de la Secretar\u00eda de Seguridad Ciudadana (SSC) lograron el arresto de tres individuos, a quienes les encontraron posible droga.<\/p>\n<p>Indic\u00f3 que de los tres j\u00f3venes, dos dijeron tener 15 a\u00f1os y otro de 25, por lo que fueron detenidos y, junto con lo asegurado y un veh\u00edculo gris con placas de circulaci\u00f3n del Estado de M\u00e9xico, los llevaron a disposici\u00f3n del agente del Ministerio P\u00fablico, quien realizar\u00e1 las investigaciones del caso y definir\u00e1 su situaci\u00f3n jur\u00eddica.<\/p>\n<p>De acuerdo con un bolet\u00edn de la dependencia, los aprehendidos est\u00e1n identificados como una c\u00e9lula delictiva posiblemente dedicada a los delitos de extorsi\u00f3n, venta de droga y homicidio.<\/p>\n<div data-mrf-experience=\"IL_3MQJ30ylTF2g1qbrvrh4bg\"><\/div>\n<p>La SSC enfatiz\u00f3 que tras darle seguimiento al caso con vigilancias fijas y m\u00f3viles y recorridos de reconocimiento en diferentes lugares de dicha colonia, esto les permiti\u00f3 ubicar en el Eje 1 Mosqueta entre la calle S\u00e9ptima Cerrada de Zarco y la calle Soto, en la colonia Guerrero, de la citada demarcaci\u00f3n, a tres j\u00f3venes que realizaban el intercambio de bolsitas de pl\u00e1stico por dinero en efectivo, por lo que, los oficiales se aproximaron, les marcaron el alto y les realizaron una revisi\u00f3n preventiva.<\/p>\n<p>Resultado de lo anterior, la corporaci\u00f3n afirm\u00f3 que les aseguraron 51 bolsitas de pl\u00e1stico con una sustancia en polvo similar a la coca\u00edna, 31 dosis de aparente marihuana, dos bolsas medianas con el mismo vegetal verde con un peso aproximado de 500 gramos cada una, una bolsa con alrededor de 200 gramos de la droga conocida como crystal y dinero en efectivo.<\/p>\n","protected":false},"excerpt":{"rendered":"<p>En seguimiento a la atenci\u00f3n de un reporte en que dos hombres fueron agredidos por disparos de arma de fuego&#8230;<\/p>\n","protected":false},"author":1,"featured_media":0,"comment_status":"open","ping_status":"closed","sticky":false,"template":"","format":"standard","meta":{"footnotes":""},"categories":[91,6026],"tags":[261,1469,4959,77],"class_list":["post-226811","post","type-post","status-publish","format-standard","hentry","category-cdmx","category-portada","tag-cdmx","tag-ciudad-de-mexico","tag-featured","tag-principal"],"yoast_head":"<!-- This site is optimized with the Yoast SEO plugin v26.5 - https:\/\/yoast.com\/wordpress\/plugins\/seo\/ -->\n<title>Tras balacera cerca de la Alameda Central detienen a tres sujetos con posible droga - NOTICIAS<\/title>\n<meta name=\"robots\" content=\"index, follow, max-snippet:-1, max-image-preview:large, max-video-preview:-1\" \/>\n<link rel=\"canonical\" href=\"https:\/\/laredsocial-noticias.com\/wp\/tras-balacera-cerca-de-la-alameda-central-detienen-a-tres-sujetos-con-posible-droga\/\" \/>\n<meta property=\"og:locale\" content=\"es_ES\" \/>\n<meta property=\"og:type\" content=\"article\" \/>\n<meta property=\"og:title\" content=\"Tras balacera cerca de la Alameda Central detienen a tres sujetos con posible droga - NOTICIAS\" \/>\n<meta property=\"og:description\" content=\"En seguimiento a la atenci\u00f3n de un reporte en que dos hombres fueron agredidos por disparos de arma de fuego...\" \/>\n<meta property=\"og:url\" content=\"https:\/\/laredsocial-noticias.com\/wp\/tras-balacera-cerca-de-la-alameda-central-detienen-a-tres-sujetos-con-posible-droga\/\" \/>\n<meta property=\"og:site_name\" content=\"NOTICIAS\" \/>\n<meta property=\"article:published_time\" content=\"2024-07-14T20:30:57+00:00\" \/>\n<meta property=\"article:modified_time\" content=\"2024-07-14T22:22:48+00:00\" \/>\n<meta name=\"author\" content=\"Editor en Jefe\" \/>\n<meta name=\"twitter:card\" content=\"summary_large_image\" \/>\n<meta name=\"twitter:label1\" content=\"Escrito por\" \/>\n\t<meta name=\"twitter:data1\" content=\"Editor en Jefe\" \/>\n\t<meta name=\"twitter:label2\" content=\"Tiempo de lectura\" \/>\n\t<meta name=\"twitter:data2\" content=\"2 minutos\" \/>\n<!-- \/ Yoast SEO plugin. -->","yoast_head_json":{"title":"Tras balacera cerca de la Alameda Central detienen a tres sujetos con posible droga - NOTICIAS","robots":{"index":"index","follow":"follow","max-snippet":"max-snippet:-1","max-image-preview":"max-image-preview:large","max-video-preview":"max-video-preview:-1"},"canonical":"https:\/\/laredsocial-noticias.com\/wp\/tras-balacera-cerca-de-la-alameda-central-detienen-a-tres-sujetos-con-posible-droga\/","og_locale":"es_ES","og_type":"article","og_title":"Tras balacera cerca de la Alameda Central detienen a tres sujetos con posible droga - NOTICIAS","og_description":"En seguimiento a la atenci\u00f3n de un reporte en que dos hombres fueron agredidos por disparos de arma de fuego...","og_url":"https:\/\/laredsocial-noticias.com\/wp\/tras-balacera-cerca-de-la-alameda-central-detienen-a-tres-sujetos-con-posible-droga\/","og_site_name":"NOTICIAS","article_published_time":"2024-07-14T20:30:57+00:00","article_modified_time":"2024-07-14T22:22:48+00:00","author":"Editor en Jefe","twitter_card":"summary_large_image","twitter_misc":{"Escrito por":"Editor en Jefe","Tiempo de lectura":"2 minutos"},"schema":{"@context":"https:\/\/schema.org","@graph":[{"@type":"WebPage","@id":"https:\/\/laredsocial-noticias.com\/wp\/tras-balacera-cerca-de-la-alameda-central-detienen-a-tres-sujetos-con-posible-droga\/","url":"https:\/\/laredsocial-noticias.com\/wp\/tras-balacera-cerca-de-la-alameda-central-detienen-a-tres-sujetos-con-posible-droga\/","name":"Tras balacera cerca de la Alameda Central detienen a tres sujetos con posible droga - NOTICIAS","isPartOf":{"@id":"https:\/\/laredsocial-noticias.com\/wp\/#website"},"datePublished":"2024-07-14T20:30:57+00:00","dateModified":"2024-07-14T22:22:48+00:00","author":{"@id":"https:\/\/laredsocial-noticias.com\/wp\/#\/schema\/person\/0ce78643f2de7aae6f6ef10e8453a6e0"},"breadcrumb":{"@id":"https:\/\/laredsocial-noticias.com\/wp\/tras-balacera-cerca-de-la-alameda-central-detienen-a-tres-sujetos-con-posible-droga\/#breadcrumb"},"inLanguage":"es","potentialAction":[{"@type":"ReadAction","target":["https:\/\/laredsocial-noticias.com\/wp\/tras-balacera-cerca-de-la-alameda-central-detienen-a-tres-sujetos-con-posible-droga\/"]}]},{"@type":"BreadcrumbList","@id":"https:\/\/laredsocial-noticias.com\/wp\/tras-balacera-cerca-de-la-alameda-central-detienen-a-tres-sujetos-con-posible-droga\/#breadcrumb","itemListElement":[{"@type":"ListItem","position":1,"name":"Portada","item":"https:\/\/laredsocial-noticias.com\/wp\/"},{"@type":"ListItem","position":2,"name":"Tras balacera cerca de la Alameda Central detienen a tres sujetos con posible droga"}]},{"@type":"WebSite","@id":"https:\/\/laredsocial-noticias.com\/wp\/#website","url":"https:\/\/laredsocial-noticias.com\/wp\/","name":"NOTICIAS","description":"Lo que se ve y se dice en las redes sociales","potentialAction":[{"@type":"SearchAction","target":{"@type":"EntryPoint","urlTemplate":"https:\/\/laredsocial-noticias.com\/wp\/?s={search_term_string}"},"query-input":{"@type":"PropertyValueSpecification","valueRequired":true,"valueName":"search_term_string"}}],"inLanguage":"es"},{"@type":"Person","@id":"https:\/\/laredsocial-noticias.com\/wp\/#\/schema\/person\/0ce78643f2de7aae6f6ef10e8453a6e0","name":"Editor en Jefe","url":"https:\/\/laredsocial-noticias.com\/wp\/author\/jorgeochoa\/"}]}},"_links":{"self":[{"href":"https:\/\/laredsocial-noticias.com\/wp\/wp-json\/wp\/v2\/posts\/226811","targetHints":{"allow":["GET"]}}],"collection":[{"href":"https:\/\/laredsocial-noticias.com\/wp\/wp-json\/wp\/v2\/posts"}],"about":[{"href":"https:\/\/laredsocial-noticias.com\/wp\/wp-json\/wp\/v2\/types\/post"}],"author":[{"embeddable":true,"href":"https:\/\/laredsocial-noticias.com\/wp\/wp-json\/wp\/v2\/users\/1"}],"replies":[{"embeddable":true,"href":"https:\/\/laredsocial-noticias.com\/wp\/wp-json\/wp\/v2\/comments?post=226811"}],"version-history":[{"count":1,"href":"https:\/\/laredsocial-noticias.com\/wp\/wp-json\/wp\/v2\/posts\/226811\/revisions"}],"predecessor-version":[{"id":226812,"href":"https:\/\/laredsocial-noticias.com\/wp\/wp-json\/wp\/v2\/posts\/226811\/revisions\/226812"}],"wp:attachment":[{"href":"https:\/\/laredsocial-noticias.com\/wp\/wp-json\/wp\/v2\/media?parent=226811"}],"wp:term":[{"taxonomy":"category","embeddable":true,"href":"https:\/\/laredsocial-noticias.com\/wp\/wp-json\/wp\/v2\/categories?post=226811"},{"taxonomy":"post_tag","embeddable":true,"href":"https:\/\/laredsocial-noticias.com\/wp\/wp-json\/wp\/v2\/tags?post=226811"}],"curies":[{"name":"wp","href":"https:\/\/api.w.org\/{rel}","templated":true}]}}