{"id":227500,"date":"2024-07-23T21:10:13","date_gmt":"2024-07-24T03:10:13","guid":{"rendered":"https:\/\/laredsocial-noticias.com\/wp\/?p=227500"},"modified":"2024-07-24T07:25:50","modified_gmt":"2024-07-24T13:25:50","slug":"amlo-pide-a-comunidades-en-chiapas-no-colaborar-con-carteles","status":"publish","type":"post","link":"https:\/\/laredsocial-noticias.com\/wp\/amlo-pide-a-comunidades-en-chiapas-no-colaborar-con-carteles\/","title":{"rendered":"AMLO pide a comunidades en Chiapas no colaborar con c\u00e1rteles"},"content":{"rendered":"<p>El presidente Andr\u00e9s Manuel L\u00f3pez Obrador solicit\u00f3 a los habitantes de los Altos de Chiapas que no apoyen a las bandas delictivas y c\u00e1rteles que est\u00e1n causando violencia en la regi\u00f3n.<\/p>\n<p>Durante su conferencia matutina en Palacio Nacional, L\u00f3pez Obrador inst\u00f3 a las comunidades locales a no colaborar con las organizaciones criminales.<\/p>\n<p>\u201cAprovecho para enviarle saludos y mensaje a la gente para que no participen apoyando a las bandas, porque lo que est\u00e1 sucediendo en esta regi\u00f3n de Chiapas es que est\u00e1n confrontados y quieren tener bases de apoyo en las comunidades\u201d, explic\u00f3.<\/p>\n<p>Al reconocer un aumento significativo de violencia en el estado, puntualiz\u00f3 que \u00e9sta se concentra en municipios como Chicomuselo, Motozintla y Frontera Comalapa, en la frontera con Guatemala.<\/p>\n<p>Ante ello, L\u00f3pez Obrador pidi\u00f3 a las comunidades que no se dejen enga\u00f1ar por las promesas de despensas o apoyo material de los c\u00e1rteles.<\/p>\n<p>\u201cQue no se dejen enganchar, que no se enrolen, porque puede ser que les lleven despensas o cualquier apoyo, pero ese no es el camino, ese no es el camino del bien, entonces que no participen\u201d, advirti\u00f3.<\/p>\n<p>El presidente tambi\u00e9n se\u00f1al\u00f3 que la Guardia Nacional, el Ej\u00e9rcito y la Marina tienen instrucciones de proteger a la poblaci\u00f3n.<\/p>\n<p>\u201cVan a protegerlos y que no se dejen manipular por los jefes de las bandas que act\u00faan en esa regi\u00f3n, es un llamado\u201d, reiter\u00f3.<\/p>\n<p>Adem\u00e1s, L\u00f3pez Obrador se\u00f1al\u00f3 que muy posiblemente los c\u00e1rteles est\u00e9n buscando el control del corredor que existe de Guatemala a Chiapas pero sentenci\u00f3 que \u201cno van a tener \u00e9xito con esa estrategia\u201c.<\/p>\n<p>En ese sentido destac\u00f3 que su Gobierno est\u00e1 trabajando intensamente en la regi\u00f3n y anunci\u00f3 la construcci\u00f3n de nuevos puentes para mejorar la infraestructura y dificultar el control del crimen.<\/p>\n<p>\u201cEstamos haciendo grandes puentes y vamos a inaugurarlos antes de que yo termine y ya con esos dos puentes vamos a tener el camino m\u00e1s r\u00e1pido de la frontera a Tuxtla. Ya va a ser m\u00e1s dif\u00edcil el dominio (del crimen)\u201d, concluy\u00f3 el presidente de M\u00e9xico.<\/p>\n","protected":false},"excerpt":{"rendered":"<p>El presidente Andr\u00e9s Manuel L\u00f3pez Obrador solicit\u00f3 a los habitantes de los Altos de Chiapas que no apoyen a las&#8230;<\/p>\n","protected":false},"author":1,"featured_media":0,"comment_status":"open","ping_status":"closed","sticky":false,"template":"","format":"standard","meta":{"footnotes":""},"categories":[78,6026],"tags":[4959,77],"class_list":["post-227500","post","type-post","status-publish","format-standard","hentry","category-nacional","category-portada","tag-featured","tag-principal"],"yoast_head":"<!-- This site is optimized with the Yoast SEO plugin v26.5 - https:\/\/yoast.com\/wordpress\/plugins\/seo\/ -->\n<title>AMLO pide a comunidades en Chiapas no colaborar con c\u00e1rteles - NOTICIAS<\/title>\n<meta name=\"robots\" content=\"index, follow, max-snippet:-1, max-image-preview:large, max-video-preview:-1\" \/>\n<link rel=\"canonical\" href=\"https:\/\/laredsocial-noticias.com\/wp\/amlo-pide-a-comunidades-en-chiapas-no-colaborar-con-carteles\/\" \/>\n<meta property=\"og:locale\" content=\"es_ES\" \/>\n<meta property=\"og:type\" content=\"article\" \/>\n<meta property=\"og:title\" content=\"AMLO pide a comunidades en Chiapas no colaborar con c\u00e1rteles - NOTICIAS\" \/>\n<meta property=\"og:description\" content=\"El presidente Andr\u00e9s Manuel L\u00f3pez Obrador solicit\u00f3 a los habitantes de los Altos de Chiapas que no apoyen a las...\" \/>\n<meta property=\"og:url\" content=\"https:\/\/laredsocial-noticias.com\/wp\/amlo-pide-a-comunidades-en-chiapas-no-colaborar-con-carteles\/\" \/>\n<meta property=\"og:site_name\" content=\"NOTICIAS\" \/>\n<meta property=\"article:published_time\" content=\"2024-07-24T03:10:13+00:00\" \/>\n<meta property=\"article:modified_time\" content=\"2024-07-24T13:25:50+00:00\" \/>\n<meta name=\"author\" content=\"Editor en Jefe\" \/>\n<meta name=\"twitter:card\" content=\"summary_large_image\" \/>\n<meta name=\"twitter:label1\" content=\"Escrito por\" \/>\n\t<meta name=\"twitter:data1\" content=\"Editor en Jefe\" \/>\n\t<meta name=\"twitter:label2\" content=\"Tiempo de lectura\" \/>\n\t<meta name=\"twitter:data2\" content=\"2 minutos\" \/>\n<!-- \/ Yoast SEO plugin. -->","yoast_head_json":{"title":"AMLO pide a comunidades en Chiapas no colaborar con c\u00e1rteles - NOTICIAS","robots":{"index":"index","follow":"follow","max-snippet":"max-snippet:-1","max-image-preview":"max-image-preview:large","max-video-preview":"max-video-preview:-1"},"canonical":"https:\/\/laredsocial-noticias.com\/wp\/amlo-pide-a-comunidades-en-chiapas-no-colaborar-con-carteles\/","og_locale":"es_ES","og_type":"article","og_title":"AMLO pide a comunidades en Chiapas no colaborar con c\u00e1rteles - NOTICIAS","og_description":"El presidente Andr\u00e9s Manuel L\u00f3pez Obrador solicit\u00f3 a los habitantes de los Altos de Chiapas que no apoyen a las...","og_url":"https:\/\/laredsocial-noticias.com\/wp\/amlo-pide-a-comunidades-en-chiapas-no-colaborar-con-carteles\/","og_site_name":"NOTICIAS","article_published_time":"2024-07-24T03:10:13+00:00","article_modified_time":"2024-07-24T13:25:50+00:00","author":"Editor en Jefe","twitter_card":"summary_large_image","twitter_misc":{"Escrito por":"Editor en Jefe","Tiempo de lectura":"2 minutos"},"schema":{"@context":"https:\/\/schema.org","@graph":[{"@type":"WebPage","@id":"https:\/\/laredsocial-noticias.com\/wp\/amlo-pide-a-comunidades-en-chiapas-no-colaborar-con-carteles\/","url":"https:\/\/laredsocial-noticias.com\/wp\/amlo-pide-a-comunidades-en-chiapas-no-colaborar-con-carteles\/","name":"AMLO pide a comunidades en Chiapas no colaborar con c\u00e1rteles - NOTICIAS","isPartOf":{"@id":"https:\/\/laredsocial-noticias.com\/wp\/#website"},"datePublished":"2024-07-24T03:10:13+00:00","dateModified":"2024-07-24T13:25:50+00:00","author":{"@id":"https:\/\/laredsocial-noticias.com\/wp\/#\/schema\/person\/0ce78643f2de7aae6f6ef10e8453a6e0"},"breadcrumb":{"@id":"https:\/\/laredsocial-noticias.com\/wp\/amlo-pide-a-comunidades-en-chiapas-no-colaborar-con-carteles\/#breadcrumb"},"inLanguage":"es","potentialAction":[{"@type":"ReadAction","target":["https:\/\/laredsocial-noticias.com\/wp\/amlo-pide-a-comunidades-en-chiapas-no-colaborar-con-carteles\/"]}]},{"@type":"BreadcrumbList","@id":"https:\/\/laredsocial-noticias.com\/wp\/amlo-pide-a-comunidades-en-chiapas-no-colaborar-con-carteles\/#breadcrumb","itemListElement":[{"@type":"ListItem","position":1,"name":"Portada","item":"https:\/\/laredsocial-noticias.com\/wp\/"},{"@type":"ListItem","position":2,"name":"AMLO pide a comunidades en Chiapas no colaborar con c\u00e1rteles"}]},{"@type":"WebSite","@id":"https:\/\/laredsocial-noticias.com\/wp\/#website","url":"https:\/\/laredsocial-noticias.com\/wp\/","name":"NOTICIAS","description":"Lo que se ve y se dice en las redes sociales","potentialAction":[{"@type":"SearchAction","target":{"@type":"EntryPoint","urlTemplate":"https:\/\/laredsocial-noticias.com\/wp\/?s={search_term_string}"},"query-input":{"@type":"PropertyValueSpecification","valueRequired":true,"valueName":"search_term_string"}}],"inLanguage":"es"},{"@type":"Person","@id":"https:\/\/laredsocial-noticias.com\/wp\/#\/schema\/person\/0ce78643f2de7aae6f6ef10e8453a6e0","name":"Editor en Jefe","url":"https:\/\/laredsocial-noticias.com\/wp\/author\/jorgeochoa\/"}]}},"_links":{"self":[{"href":"https:\/\/laredsocial-noticias.com\/wp\/wp-json\/wp\/v2\/posts\/227500","targetHints":{"allow":["GET"]}}],"collection":[{"href":"https:\/\/laredsocial-noticias.com\/wp\/wp-json\/wp\/v2\/posts"}],"about":[{"href":"https:\/\/laredsocial-noticias.com\/wp\/wp-json\/wp\/v2\/types\/post"}],"author":[{"embeddable":true,"href":"https:\/\/laredsocial-noticias.com\/wp\/wp-json\/wp\/v2\/users\/1"}],"replies":[{"embeddable":true,"href":"https:\/\/laredsocial-noticias.com\/wp\/wp-json\/wp\/v2\/comments?post=227500"}],"version-history":[{"count":1,"href":"https:\/\/laredsocial-noticias.com\/wp\/wp-json\/wp\/v2\/posts\/227500\/revisions"}],"predecessor-version":[{"id":227501,"href":"https:\/\/laredsocial-noticias.com\/wp\/wp-json\/wp\/v2\/posts\/227500\/revisions\/227501"}],"wp:attachment":[{"href":"https:\/\/laredsocial-noticias.com\/wp\/wp-json\/wp\/v2\/media?parent=227500"}],"wp:term":[{"taxonomy":"category","embeddable":true,"href":"https:\/\/laredsocial-noticias.com\/wp\/wp-json\/wp\/v2\/categories?post=227500"},{"taxonomy":"post_tag","embeddable":true,"href":"https:\/\/laredsocial-noticias.com\/wp\/wp-json\/wp\/v2\/tags?post=227500"}],"curies":[{"name":"wp","href":"https:\/\/api.w.org\/{rel}","templated":true}]}}