{"id":227511,"date":"2024-07-23T21:50:04","date_gmt":"2024-07-24T03:50:04","guid":{"rendered":"https:\/\/laredsocial-noticias.com\/wp\/?p=227511"},"modified":"2024-07-24T07:45:00","modified_gmt":"2024-07-24T13:45:00","slug":"pemex-aporta-mas-a-las-arcas-publicas-que-principales-empresas-privadas","status":"publish","type":"post","link":"https:\/\/laredsocial-noticias.com\/wp\/pemex-aporta-mas-a-las-arcas-publicas-que-principales-empresas-privadas\/","title":{"rendered":"PEMEX aporta m\u00e1s a las arcas p\u00fablicas que principales empresas privadas"},"content":{"rendered":"<p>Las contribuciones de Petr\u00f3leos Mexicanos (PEMEX) a las arcas p\u00fablicas han sido superiores a las de las tres principales empresas privadas del pa\u00eds: Am\u00e9rica M\u00f3vil, Femsa y Walmart, combinadas.<\/p>\n<p>Entre 2019 y junio de 2024, la paraestatal ha transferido al gobierno un total de 4 billones 142 mil millones de pesos al Gobierno Federal y durante el mismo per\u00edodo, ha recibido 1 bill\u00f3n 14 mil millones de pesos en transferencias destinadas al pago de deuda y a la expansi\u00f3n de su infraestructura.<\/p>\n<p>Despu\u00e9s de restar las transferencias recibidas, la aportaci\u00f3n neta de PEMEX al Gobierno Federal asciende a 3 billones 128 mil millones de pesos.<\/p>\n<p>\u201cMuchos hablan de que PEMEX es un barril sin fondo, pero gracias a los trabajadores, obreros, t\u00e9cnicos e ingenieros que se pusieron la camiseta para rescatar a la empresa y al apoyo decidido del Presidente, L\u00f3pez Obrador ha habido cambios importantes\u201d, destac\u00f3 el director general de la empresa, Octavio Romero Oropeza.<\/p>\n<p>El director general de PEMEX, Octavio Romero Oropeza, destac\u00f3 el esfuerzo colectivo de trabajadores, t\u00e9cnicos e ingenieros, as\u00ed como el apoyo del Presidente Andr\u00e9s Manuel L\u00f3pez Obrador, como factores clave en los avances de la empresa. A pesar de las cr\u00edticas sobre la compa\u00f1\u00eda, estos datos reflejan un impacto considerable.<\/p>\n<p>\u201cPEMEX ha recibido apoyos como nunca por parte del presidente de la Rep\u00fablica, (\u2026) lo primero que se hizo fue bajar los impuestos de manera gradual, lo que ya le permite no tener que endeudarse para pagar impuestos, y adicionalmente se han recibido apoyos para fortalecer su infraestructura\u201d, enfatiz\u00f3 el directivo.<\/p>\n<p>La informaci\u00f3n presentada por el Romero Oropeza, refiere que las transferencias otorgadas a lo largo del sexenio se utilizaron de la siguiente manera: 320 mil millones para la construcci\u00f3n de la Refiner\u00eda Olmeca, 23 mil millones para la adquisici\u00f3n de la Refiner\u00eda Deer Park, 17 mil millones para la rehabilitaci\u00f3n del Sistema Nacional de Refinaci\u00f3n.<\/p>\n<p>Otros 4 mil millones de pesos se destinaron a la recuperaci\u00f3n de las plantas de fertilizantes, mil millones para la adquisici\u00f3n de la planta de hidr\u00f3geno en la Refiner\u00eda Madero y 25 mil millones en otros proyectos.<\/p>\n<p>\u201cEsos recursos que se autorizaron est\u00e1n bien invertidos en el pago de la deuda, y por eso hoy tenemos una disminuci\u00f3n en la deuda por 30 mil millones de d\u00f3lares y el resto fueron utilizados en diversas obras que fortalecieron la empresa, hoy podemos decir que PEMEX debe menos y vale m\u00e1s porque tiene m\u00e1s activos\u201d, indic\u00f3.<\/p>\n<p>Los datos de la empresa muestran que la deuda total de la petrolera pas\u00f3 de 132 mil 300 millones de d\u00f3lares, en 2018, a 99 mil 400 millones de d\u00f3lares, en 2024, lo que significa una disminuci\u00f3n del 25 por ciento.<\/p>\n","protected":false},"excerpt":{"rendered":"<p>Las contribuciones de Petr\u00f3leos Mexicanos (PEMEX) a las arcas p\u00fablicas han sido superiores a las de las tres principales empresas&#8230;<\/p>\n","protected":false},"author":1,"featured_media":0,"comment_status":"open","ping_status":"closed","sticky":false,"template":"","format":"standard","meta":{"footnotes":""},"categories":[2811,6026],"tags":[4959,77],"class_list":["post-227511","post","type-post","status-publish","format-standard","hentry","category-economia","category-portada","tag-featured","tag-principal"],"yoast_head":"<!-- This site is optimized with the Yoast SEO plugin v26.5 - https:\/\/yoast.com\/wordpress\/plugins\/seo\/ -->\n<title>PEMEX aporta m\u00e1s a las arcas p\u00fablicas que principales empresas privadas - NOTICIAS<\/title>\n<meta name=\"robots\" content=\"index, follow, max-snippet:-1, max-image-preview:large, max-video-preview:-1\" \/>\n<link rel=\"canonical\" href=\"https:\/\/laredsocial-noticias.com\/wp\/pemex-aporta-mas-a-las-arcas-publicas-que-principales-empresas-privadas\/\" \/>\n<meta property=\"og:locale\" content=\"es_ES\" \/>\n<meta property=\"og:type\" content=\"article\" \/>\n<meta property=\"og:title\" content=\"PEMEX aporta m\u00e1s a las arcas p\u00fablicas que principales empresas privadas - NOTICIAS\" \/>\n<meta property=\"og:description\" content=\"Las contribuciones de Petr\u00f3leos Mexicanos (PEMEX) a las arcas p\u00fablicas han sido superiores a las de las tres principales empresas...\" \/>\n<meta property=\"og:url\" content=\"https:\/\/laredsocial-noticias.com\/wp\/pemex-aporta-mas-a-las-arcas-publicas-que-principales-empresas-privadas\/\" \/>\n<meta property=\"og:site_name\" content=\"NOTICIAS\" \/>\n<meta property=\"article:published_time\" content=\"2024-07-24T03:50:04+00:00\" \/>\n<meta property=\"article:modified_time\" content=\"2024-07-24T13:45:00+00:00\" \/>\n<meta name=\"author\" content=\"Editor en Jefe\" \/>\n<meta name=\"twitter:card\" content=\"summary_large_image\" \/>\n<meta name=\"twitter:label1\" content=\"Escrito por\" \/>\n\t<meta name=\"twitter:data1\" content=\"Editor en Jefe\" \/>\n\t<meta name=\"twitter:label2\" content=\"Tiempo de lectura\" \/>\n\t<meta name=\"twitter:data2\" content=\"2 minutos\" \/>\n<!-- \/ Yoast SEO plugin. -->","yoast_head_json":{"title":"PEMEX aporta m\u00e1s a las arcas p\u00fablicas que principales empresas privadas - NOTICIAS","robots":{"index":"index","follow":"follow","max-snippet":"max-snippet:-1","max-image-preview":"max-image-preview:large","max-video-preview":"max-video-preview:-1"},"canonical":"https:\/\/laredsocial-noticias.com\/wp\/pemex-aporta-mas-a-las-arcas-publicas-que-principales-empresas-privadas\/","og_locale":"es_ES","og_type":"article","og_title":"PEMEX aporta m\u00e1s a las arcas p\u00fablicas que principales empresas privadas - NOTICIAS","og_description":"Las contribuciones de Petr\u00f3leos Mexicanos (PEMEX) a las arcas p\u00fablicas han sido superiores a las de las tres principales empresas...","og_url":"https:\/\/laredsocial-noticias.com\/wp\/pemex-aporta-mas-a-las-arcas-publicas-que-principales-empresas-privadas\/","og_site_name":"NOTICIAS","article_published_time":"2024-07-24T03:50:04+00:00","article_modified_time":"2024-07-24T13:45:00+00:00","author":"Editor en Jefe","twitter_card":"summary_large_image","twitter_misc":{"Escrito por":"Editor en Jefe","Tiempo de lectura":"2 minutos"},"schema":{"@context":"https:\/\/schema.org","@graph":[{"@type":"WebPage","@id":"https:\/\/laredsocial-noticias.com\/wp\/pemex-aporta-mas-a-las-arcas-publicas-que-principales-empresas-privadas\/","url":"https:\/\/laredsocial-noticias.com\/wp\/pemex-aporta-mas-a-las-arcas-publicas-que-principales-empresas-privadas\/","name":"PEMEX aporta m\u00e1s a las arcas p\u00fablicas que principales empresas privadas - NOTICIAS","isPartOf":{"@id":"https:\/\/laredsocial-noticias.com\/wp\/#website"},"datePublished":"2024-07-24T03:50:04+00:00","dateModified":"2024-07-24T13:45:00+00:00","author":{"@id":"https:\/\/laredsocial-noticias.com\/wp\/#\/schema\/person\/0ce78643f2de7aae6f6ef10e8453a6e0"},"breadcrumb":{"@id":"https:\/\/laredsocial-noticias.com\/wp\/pemex-aporta-mas-a-las-arcas-publicas-que-principales-empresas-privadas\/#breadcrumb"},"inLanguage":"es","potentialAction":[{"@type":"ReadAction","target":["https:\/\/laredsocial-noticias.com\/wp\/pemex-aporta-mas-a-las-arcas-publicas-que-principales-empresas-privadas\/"]}]},{"@type":"BreadcrumbList","@id":"https:\/\/laredsocial-noticias.com\/wp\/pemex-aporta-mas-a-las-arcas-publicas-que-principales-empresas-privadas\/#breadcrumb","itemListElement":[{"@type":"ListItem","position":1,"name":"Portada","item":"https:\/\/laredsocial-noticias.com\/wp\/"},{"@type":"ListItem","position":2,"name":"PEMEX aporta m\u00e1s a las arcas p\u00fablicas que principales empresas privadas"}]},{"@type":"WebSite","@id":"https:\/\/laredsocial-noticias.com\/wp\/#website","url":"https:\/\/laredsocial-noticias.com\/wp\/","name":"NOTICIAS","description":"Lo que se ve y se dice en las redes sociales","potentialAction":[{"@type":"SearchAction","target":{"@type":"EntryPoint","urlTemplate":"https:\/\/laredsocial-noticias.com\/wp\/?s={search_term_string}"},"query-input":{"@type":"PropertyValueSpecification","valueRequired":true,"valueName":"search_term_string"}}],"inLanguage":"es"},{"@type":"Person","@id":"https:\/\/laredsocial-noticias.com\/wp\/#\/schema\/person\/0ce78643f2de7aae6f6ef10e8453a6e0","name":"Editor en Jefe","url":"https:\/\/laredsocial-noticias.com\/wp\/author\/jorgeochoa\/"}]}},"_links":{"self":[{"href":"https:\/\/laredsocial-noticias.com\/wp\/wp-json\/wp\/v2\/posts\/227511","targetHints":{"allow":["GET"]}}],"collection":[{"href":"https:\/\/laredsocial-noticias.com\/wp\/wp-json\/wp\/v2\/posts"}],"about":[{"href":"https:\/\/laredsocial-noticias.com\/wp\/wp-json\/wp\/v2\/types\/post"}],"author":[{"embeddable":true,"href":"https:\/\/laredsocial-noticias.com\/wp\/wp-json\/wp\/v2\/users\/1"}],"replies":[{"embeddable":true,"href":"https:\/\/laredsocial-noticias.com\/wp\/wp-json\/wp\/v2\/comments?post=227511"}],"version-history":[{"count":1,"href":"https:\/\/laredsocial-noticias.com\/wp\/wp-json\/wp\/v2\/posts\/227511\/revisions"}],"predecessor-version":[{"id":227512,"href":"https:\/\/laredsocial-noticias.com\/wp\/wp-json\/wp\/v2\/posts\/227511\/revisions\/227512"}],"wp:attachment":[{"href":"https:\/\/laredsocial-noticias.com\/wp\/wp-json\/wp\/v2\/media?parent=227511"}],"wp:term":[{"taxonomy":"category","embeddable":true,"href":"https:\/\/laredsocial-noticias.com\/wp\/wp-json\/wp\/v2\/categories?post=227511"},{"taxonomy":"post_tag","embeddable":true,"href":"https:\/\/laredsocial-noticias.com\/wp\/wp-json\/wp\/v2\/tags?post=227511"}],"curies":[{"name":"wp","href":"https:\/\/api.w.org\/{rel}","templated":true}]}}