{"id":22801,"date":"2016-08-16T20:10:59","date_gmt":"2016-08-17T01:10:59","guid":{"rendered":"http:\/\/laredsocial-noticias.com\/wp\/?p=22801"},"modified":"2016-08-16T20:14:24","modified_gmt":"2016-08-17T01:14:24","slug":"aseguran-pueblos-originarios-de-cdmx-que-eleccion-de-sus-gobiernos-son-mas-democraticos","status":"publish","type":"post","link":"https:\/\/laredsocial-noticias.com\/wp\/aseguran-pueblos-originarios-de-cdmx-que-eleccion-de-sus-gobiernos-son-mas-democraticos\/","title":{"rendered":"Aseguran pueblos originarios de CDMX que elecci\u00f3n de sus gobiernos son m\u00e1s democr\u00e1ticos"},"content":{"rendered":"<ul>\n<li><strong>Demandan a constituyentes inclusi\u00f3n y respeto a sus m\u00e9todos de elecci\u00f3n interna<\/strong><\/li>\n<\/ul>\n<p><a href=\"http:\/\/laredsocial-noticias.com\/wp\/?attachment_id=22803\" rel=\"attachment wp-att-22803\"><img loading=\"lazy\" decoding=\"async\" class=\"aligncenter wp-image-22803\" src=\"http:\/\/laredsocial-noticias.com\/wp\/wp-content\/uploads\/2016\/08\/HUENOSTA-300x186.jpg\" alt=\"HUENOSTA\" width=\"423\" height=\"262\" data-wp-pid=\"22803\" \/><\/a>Guillermo Pimentel Balderas<\/p>\n<p>Integrantes de los pueblos originarios de la Ciudad de M\u00e9xico demandaron respeto y prioridad que Constituyente reconozca en la Carta Magna la elecci\u00f3n ancestral de coordinadores territoriales y respeto a sus m\u00e9todos de elecci\u00f3n interna.<\/p>\n<p>Al tomar la palabra, ante los constituyentes de diversos partidos pol\u00edticos, los integrantes de estos pueblos les aseguraron que su forma de elecci\u00f3n de gobierno es m\u00e1s democr\u00e1tica.<\/p>\n<p>Por ello, la exigencia de considerar en la Constituci\u00f3n de la capital del pa\u00eds la figura del coordinador territorial, electa por los propios grupos ind\u00edgenas y pueblos originarios.<\/p>\n<p>\u201cMantenerlo de otra forma es s\u00f3lo reducirlo a\u00a0un proceso electoral y no de inclusi\u00f3n\u201d, enfatizaron.<\/p>\n<p>Lo anterior, durante el foro &#8220;Reconocimiento de los Pueblos Originarios en la Constituci\u00f3n de la Ciudad de M\u00e9xico&#8221;, que encabez\u00f3 el diputado Humanista Luciano Jimeno Huanosta,\u00a0\u00a0 presidente de la Comisi\u00f3n de Derechos Humanos de la Asamblea Legislativa del Distrito Federal (ALDF).<\/p>\n<p>En ese sentido, Jimeno Huanosta especific\u00f3 que el Constituyente tiene la oportunidad hist\u00f3rica de garantizar inclusi\u00f3n, protecci\u00f3n y derechos ancestrales a dicho sector. \u201cEs ya una exigencia consultar a esos grupos y su derecho a la autodeterminaci\u00f3n\u201d, subray\u00f3.<\/p>\n<p>Explic\u00f3 que la figura de coordinador territorial o subdelegado es una forma de organizaci\u00f3n que demostr\u00f3 funcionalidad y promueve mayor participaci\u00f3n.<\/p>\n<p>\u201cEl Constituyente, sin duda, es la oportunidad hist\u00f3rica para que los pueblos y comunidades ind\u00edgenas residentes en la capital del pa\u00eds tengan el marco normativo correspondiente, que les garantice el reconocimiento, la protecci\u00f3n y promoci\u00f3n de sus derechos\u201d, recalc\u00f3 el legislador.<\/p>\n<p>Por su parte, Casimiro Becerril Gonz\u00e1lez, coordinador territorial de Santa Mar\u00eda Tepepan, Xochimilco, urgi\u00f3 a los diputados constituyentes a legislar en favor del reconocimiento de derechos humanos en la Carta Marga, los cuales, explic\u00f3, ya se encuentran plasmados en la declaraci\u00f3n de la Organizaci\u00f3n de las Naciones Unidas sobre derechos de los pueblos ind\u00edgenas.<\/p>\n<p>Indic\u00f3 que en las delegaciones\u00a0Milpa Alta, Tl\u00e1huac, Xochimilco y Tlalpan, desde sus inicios prevalece una forma de gobierno que proviene de los cargos ind\u00edgenas, y recibe el nombre de coordinador territorial.<\/p>\n<p>En su participaci\u00f3n, Andr\u00e9s Lira Gonz\u00e1lez, director de la Academia Mexicana de la Historia, manifest\u00f3 la necesidad de saber los or\u00edgenes hist\u00f3ricos de\u00a0los pueblos y barrios originarios de la Ciudad de M\u00e9xico\u00a0en el marco del proceso constituyente.<\/p>\n<p>En el mismo tenor la maestra, Ver\u00f3nica Brise\u00f1o Ben\u00edtez,\u00a0acad\u00e9mica de la Universidad Aut\u00f3noma de la Ciudad de M\u00e9xico (UACM),\u00a0enfatiz\u00f3\u00a0que el reto de la Asamblea Constituyente es reconocer al coordinador territorial.<\/p>\n<p>Refiri\u00f3\u00a0la importancia de la consulta y participaci\u00f3n de los pueblos originarios, ya que existen 42 pueblos y\u00a039 coordinadores territoriales\u00a0lo que hace evidente la notoria participaci\u00f3n de los habitantes en las elecciones de esta figura.<\/p>\n<p>Al foro asistieron:\u00a0 la diputada Eva Eloisa Lescas Hern\u00e1ndez, del Partido Verde Ecologista de M\u00e9xico (PVEM), as\u00ed como dirigentes locales de los partidos Acci\u00f3n Nacional (PAN), Nueva Alianza, Encuentro Social (PES), Verde Ecologista de M\u00e9xico (PVEM) y el Humanista, adem\u00e1s de Diputados Constituyentes.<\/p>\n<p>==00==<\/p>\n","protected":false},"excerpt":{"rendered":"<p>Demandan a constituyentes inclusi\u00f3n y respeto a sus m\u00e9todos de elecci\u00f3n interna Guillermo Pimentel Balderas Integrantes de los pueblos originarios&#8230;<\/p>\n","protected":false},"author":10,"featured_media":0,"comment_status":"open","ping_status":"open","sticky":false,"template":"","format":"standard","meta":{"footnotes":""},"categories":[1],"tags":[],"class_list":["post-22801","post","type-post","status-publish","format-standard","hentry","category-uncategorized"],"yoast_head":"<!-- This site is optimized with the Yoast SEO plugin v26.5 - https:\/\/yoast.com\/wordpress\/plugins\/seo\/ -->\n<title>Aseguran pueblos originarios de CDMX que elecci\u00f3n de sus gobiernos son m\u00e1s democr\u00e1ticos - NOTICIAS<\/title>\n<meta name=\"robots\" content=\"index, follow, max-snippet:-1, max-image-preview:large, max-video-preview:-1\" \/>\n<link rel=\"canonical\" href=\"https:\/\/laredsocial-noticias.com\/wp\/aseguran-pueblos-originarios-de-cdmx-que-eleccion-de-sus-gobiernos-son-mas-democraticos\/\" \/>\n<meta property=\"og:locale\" content=\"es_ES\" \/>\n<meta property=\"og:type\" content=\"article\" \/>\n<meta property=\"og:title\" content=\"Aseguran pueblos originarios de CDMX que elecci\u00f3n de sus gobiernos son m\u00e1s democr\u00e1ticos - NOTICIAS\" \/>\n<meta property=\"og:description\" content=\"Demandan a constituyentes inclusi\u00f3n y respeto a sus m\u00e9todos de elecci\u00f3n interna Guillermo Pimentel Balderas Integrantes de los pueblos originarios...\" \/>\n<meta property=\"og:url\" content=\"https:\/\/laredsocial-noticias.com\/wp\/aseguran-pueblos-originarios-de-cdmx-que-eleccion-de-sus-gobiernos-son-mas-democraticos\/\" \/>\n<meta property=\"og:site_name\" content=\"NOTICIAS\" \/>\n<meta property=\"article:published_time\" content=\"2016-08-17T01:10:59+00:00\" \/>\n<meta property=\"article:modified_time\" content=\"2016-08-17T01:14:24+00:00\" \/>\n<meta property=\"og:image\" content=\"https:\/\/laredsocial-noticias.com\/wp\/wp-content\/uploads\/2016\/08\/HUENOSTA.jpg\" \/>\n\t<meta property=\"og:image:width\" content=\"2143\" \/>\n\t<meta property=\"og:image:height\" content=\"1330\" \/>\n\t<meta property=\"og:image:type\" content=\"image\/jpeg\" \/>\n<meta name=\"author\" content=\"Guillermo Pimentel\" \/>\n<meta name=\"twitter:card\" content=\"summary_large_image\" \/>\n<meta name=\"twitter:label1\" content=\"Escrito por\" \/>\n\t<meta name=\"twitter:data1\" content=\"Guillermo Pimentel\" \/>\n\t<meta name=\"twitter:label2\" content=\"Tiempo de lectura\" \/>\n\t<meta name=\"twitter:data2\" content=\"3 minutos\" \/>\n<!-- \/ Yoast SEO plugin. -->","yoast_head_json":{"title":"Aseguran pueblos originarios de CDMX que elecci\u00f3n de sus gobiernos son m\u00e1s democr\u00e1ticos - NOTICIAS","robots":{"index":"index","follow":"follow","max-snippet":"max-snippet:-1","max-image-preview":"max-image-preview:large","max-video-preview":"max-video-preview:-1"},"canonical":"https:\/\/laredsocial-noticias.com\/wp\/aseguran-pueblos-originarios-de-cdmx-que-eleccion-de-sus-gobiernos-son-mas-democraticos\/","og_locale":"es_ES","og_type":"article","og_title":"Aseguran pueblos originarios de CDMX que elecci\u00f3n de sus gobiernos son m\u00e1s democr\u00e1ticos - NOTICIAS","og_description":"Demandan a constituyentes inclusi\u00f3n y respeto a sus m\u00e9todos de elecci\u00f3n interna Guillermo Pimentel Balderas Integrantes de los pueblos originarios...","og_url":"https:\/\/laredsocial-noticias.com\/wp\/aseguran-pueblos-originarios-de-cdmx-que-eleccion-de-sus-gobiernos-son-mas-democraticos\/","og_site_name":"NOTICIAS","article_published_time":"2016-08-17T01:10:59+00:00","article_modified_time":"2016-08-17T01:14:24+00:00","og_image":[{"width":2143,"height":1330,"url":"https:\/\/laredsocial-noticias.com\/wp\/wp-content\/uploads\/2016\/08\/HUENOSTA.jpg","type":"image\/jpeg"}],"author":"Guillermo Pimentel","twitter_card":"summary_large_image","twitter_misc":{"Escrito por":"Guillermo Pimentel","Tiempo de lectura":"3 minutos"},"schema":{"@context":"https:\/\/schema.org","@graph":[{"@type":"WebPage","@id":"https:\/\/laredsocial-noticias.com\/wp\/aseguran-pueblos-originarios-de-cdmx-que-eleccion-de-sus-gobiernos-son-mas-democraticos\/","url":"https:\/\/laredsocial-noticias.com\/wp\/aseguran-pueblos-originarios-de-cdmx-que-eleccion-de-sus-gobiernos-son-mas-democraticos\/","name":"Aseguran pueblos originarios de CDMX que elecci\u00f3n de sus gobiernos son m\u00e1s democr\u00e1ticos - NOTICIAS","isPartOf":{"@id":"https:\/\/laredsocial-noticias.com\/wp\/#website"},"primaryImageOfPage":{"@id":"https:\/\/laredsocial-noticias.com\/wp\/aseguran-pueblos-originarios-de-cdmx-que-eleccion-de-sus-gobiernos-son-mas-democraticos\/#primaryimage"},"image":{"@id":"https:\/\/laredsocial-noticias.com\/wp\/aseguran-pueblos-originarios-de-cdmx-que-eleccion-de-sus-gobiernos-son-mas-democraticos\/#primaryimage"},"thumbnailUrl":"http:\/\/laredsocial-noticias.com\/wp\/wp-content\/uploads\/2016\/08\/HUENOSTA-300x186.jpg","datePublished":"2016-08-17T01:10:59+00:00","dateModified":"2016-08-17T01:14:24+00:00","author":{"@id":"https:\/\/laredsocial-noticias.com\/wp\/#\/schema\/person\/9c09eb8c35c46dac6d30e2baff4b64d6"},"breadcrumb":{"@id":"https:\/\/laredsocial-noticias.com\/wp\/aseguran-pueblos-originarios-de-cdmx-que-eleccion-de-sus-gobiernos-son-mas-democraticos\/#breadcrumb"},"inLanguage":"es","potentialAction":[{"@type":"ReadAction","target":["https:\/\/laredsocial-noticias.com\/wp\/aseguran-pueblos-originarios-de-cdmx-que-eleccion-de-sus-gobiernos-son-mas-democraticos\/"]}]},{"@type":"ImageObject","inLanguage":"es","@id":"https:\/\/laredsocial-noticias.com\/wp\/aseguran-pueblos-originarios-de-cdmx-que-eleccion-de-sus-gobiernos-son-mas-democraticos\/#primaryimage","url":"","contentUrl":""},{"@type":"BreadcrumbList","@id":"https:\/\/laredsocial-noticias.com\/wp\/aseguran-pueblos-originarios-de-cdmx-que-eleccion-de-sus-gobiernos-son-mas-democraticos\/#breadcrumb","itemListElement":[{"@type":"ListItem","position":1,"name":"Portada","item":"https:\/\/laredsocial-noticias.com\/wp\/"},{"@type":"ListItem","position":2,"name":"Aseguran pueblos originarios de CDMX que elecci\u00f3n de sus gobiernos son m\u00e1s democr\u00e1ticos"}]},{"@type":"WebSite","@id":"https:\/\/laredsocial-noticias.com\/wp\/#website","url":"https:\/\/laredsocial-noticias.com\/wp\/","name":"NOTICIAS","description":"Lo que se ve y se dice en las redes sociales","potentialAction":[{"@type":"SearchAction","target":{"@type":"EntryPoint","urlTemplate":"https:\/\/laredsocial-noticias.com\/wp\/?s={search_term_string}"},"query-input":{"@type":"PropertyValueSpecification","valueRequired":true,"valueName":"search_term_string"}}],"inLanguage":"es"},{"@type":"Person","@id":"https:\/\/laredsocial-noticias.com\/wp\/#\/schema\/person\/9c09eb8c35c46dac6d30e2baff4b64d6","name":"Guillermo Pimentel","url":"https:\/\/laredsocial-noticias.com\/wp\/author\/guillermo\/"}]}},"_links":{"self":[{"href":"https:\/\/laredsocial-noticias.com\/wp\/wp-json\/wp\/v2\/posts\/22801","targetHints":{"allow":["GET"]}}],"collection":[{"href":"https:\/\/laredsocial-noticias.com\/wp\/wp-json\/wp\/v2\/posts"}],"about":[{"href":"https:\/\/laredsocial-noticias.com\/wp\/wp-json\/wp\/v2\/types\/post"}],"author":[{"embeddable":true,"href":"https:\/\/laredsocial-noticias.com\/wp\/wp-json\/wp\/v2\/users\/10"}],"replies":[{"embeddable":true,"href":"https:\/\/laredsocial-noticias.com\/wp\/wp-json\/wp\/v2\/comments?post=22801"}],"version-history":[{"count":1,"href":"https:\/\/laredsocial-noticias.com\/wp\/wp-json\/wp\/v2\/posts\/22801\/revisions"}],"predecessor-version":[{"id":22804,"href":"https:\/\/laredsocial-noticias.com\/wp\/wp-json\/wp\/v2\/posts\/22801\/revisions\/22804"}],"wp:attachment":[{"href":"https:\/\/laredsocial-noticias.com\/wp\/wp-json\/wp\/v2\/media?parent=22801"}],"wp:term":[{"taxonomy":"category","embeddable":true,"href":"https:\/\/laredsocial-noticias.com\/wp\/wp-json\/wp\/v2\/categories?post=22801"},{"taxonomy":"post_tag","embeddable":true,"href":"https:\/\/laredsocial-noticias.com\/wp\/wp-json\/wp\/v2\/tags?post=22801"}],"curies":[{"name":"wp","href":"https:\/\/api.w.org\/{rel}","templated":true}]}}