{"id":228202,"date":"2024-08-01T18:50:41","date_gmt":"2024-08-02T00:50:41","guid":{"rendered":"https:\/\/laredsocial-noticias.com\/wp\/?p=228202"},"modified":"2024-08-02T13:52:28","modified_gmt":"2024-08-02T19:52:28","slug":"polemica-en-el-boxeo-olimpico-italiana-abandona-pelea-por-duda-del-genero-de-su-rival","status":"publish","type":"post","link":"https:\/\/laredsocial-noticias.com\/wp\/polemica-en-el-boxeo-olimpico-italiana-abandona-pelea-por-duda-del-genero-de-su-rival\/","title":{"rendered":"Pol\u00e9mica en el boxeo ol\u00edmpico: italiana abandona pelea por duda del g\u00e9nero de su rival"},"content":{"rendered":"<p>La decisi\u00f3n de la boxeadora italiana,\u00a0Angela Carini\u00a0de abandonar su combate contra\u00a0Imane Khelif, quien representa a\u00a0Argelia\u00a0en los\u00a0Juegos Ol\u00edmpicos de Par\u00eds, reaviv\u00f3 la pol\u00e9mica sobre la participaci\u00f3n de atletas con caracter\u00edsticas gen\u00e9ticas masculinas en categor\u00edas femeninas.<\/p>\n<p>Carini\u00a0se retir\u00f3 tras recibir varios golpes contundentes en el primer round, generando reacciones de apoyo y cr\u00edticas a nivel internacional.<\/p>\n<p>La boxeadora, visiblemente afectada, explic\u00f3 que decidi\u00f3 retirarse debido al intenso dolor tras los golpes recibidos, afirmando que su salud estaba en riesgo.<\/p>\n<figure class=\"wp-block-embed is-type-rich is-provider-twitter wp-block-embed-twitter\">\n<div class=\"wp-block-embed__wrapper\"><\/div>\n<\/figure>\n<p>La primera ministra italiana,\u00a0Giorgia Meloni, presente en\u00a0Par\u00eds, expres\u00f3 su desacuerdo con la inclusi\u00f3n de\u00a0Khelif, se\u00f1alando que el combate no se desarroll\u00f3 en condiciones justas.<\/p>\n<p>Meloni\u00a0declar\u00f3 que\u00a0<em>\u201clas atletas con caracter\u00edsticas gen\u00e9ticas masculinas no deber\u00edan competir en categor\u00edas femeninas\u201d\u00a0<\/em>calificando la situaci\u00f3n como una burla para el deporte ol\u00edmpico.<\/p>\n<p>Imane Khelif, una de las boxeadoras cuya elegibilidad para competir fue cuestionada debido a elevados niveles de testosterona, fue recibida con aplausos por numerosos seguidores argelinos en\u00a0Par\u00eds.<\/p>\n<p>El\u00a0Comit\u00e9 Ol\u00edmpico Argelino\u00a0defendi\u00f3 a su atleta, alegando que es v\u00edctima de<em>\u00a0\u201cmentiras y ataques poco \u00e9ticos\u201d.<\/em><\/p>\n<p>Por su parte, el\u00a0Comit\u00e9 Ol\u00edmpico Internacional\u00a0(COI) respald\u00f3 la participaci\u00f3n de\u00a0Khelif\u00a0y otra boxeadora taiwanesa,\u00a0Yu Ting Lin, ambas descalificadas anteriormente en el Mundial de 2023 por no cumplir con los criterios de elegibilidad de g\u00e9nero.<\/p>\n<figure class=\"wp-block-embed is-type-rich is-provider-twitter wp-block-embed-twitter\">\n<div class=\"wp-block-embed__wrapper\"><\/div>\n<\/figure>\n<p>De acuerdo con el\u00a0COI, todas las competidoras en la categor\u00eda femenina cumplen con las reglas de elegibilidad, aunque reconocen que las pruebas de testosterona no son perfectas.<\/p>\n<p>Esta situaci\u00f3n ha generado un amplio debate sobre la participaci\u00f3n de atletas con caracter\u00edsticas gen\u00e9ticas masculinas en categor\u00edas femeninas, recordando casos como el de la atleta\u00a0Caster Semenya.<\/p>\n<p>Figuras p\u00fablicas como la tenista\u00a0Martina Navratilova\u00a0y la escritora\u00a0J.K. Rowling\u00a0tambi\u00e9n se pronunciaron en contra, criticando la decisi\u00f3n del\u00a0COI\u00a0y cuestionando la equidad en el deporte femenino.<\/p>\n","protected":false},"excerpt":{"rendered":"<p>La decisi\u00f3n de la boxeadora italiana,\u00a0Angela Carini\u00a0de abandonar su combate contra\u00a0Imane Khelif, quien representa a\u00a0Argelia\u00a0en los\u00a0Juegos Ol\u00edmpicos de Par\u00eds, reaviv\u00f3&#8230;<\/p>\n","protected":false},"author":1,"featured_media":0,"comment_status":"open","ping_status":"closed","sticky":false,"template":"","format":"standard","meta":{"footnotes":""},"categories":[337,6026],"tags":[261,1469,4959,77],"class_list":["post-228202","post","type-post","status-publish","format-standard","hentry","category-deportes","category-portada","tag-cdmx","tag-ciudad-de-mexico","tag-featured","tag-principal"],"yoast_head":"<!-- This site is optimized with the Yoast SEO plugin v26.5 - https:\/\/yoast.com\/wordpress\/plugins\/seo\/ -->\n<title>Pol\u00e9mica en el boxeo ol\u00edmpico: italiana abandona pelea por duda del g\u00e9nero de su rival - NOTICIAS<\/title>\n<meta name=\"robots\" content=\"index, follow, max-snippet:-1, max-image-preview:large, max-video-preview:-1\" \/>\n<link rel=\"canonical\" href=\"https:\/\/laredsocial-noticias.com\/wp\/polemica-en-el-boxeo-olimpico-italiana-abandona-pelea-por-duda-del-genero-de-su-rival\/\" \/>\n<meta property=\"og:locale\" content=\"es_ES\" \/>\n<meta property=\"og:type\" content=\"article\" \/>\n<meta property=\"og:title\" content=\"Pol\u00e9mica en el boxeo ol\u00edmpico: italiana abandona pelea por duda del g\u00e9nero de su rival - NOTICIAS\" \/>\n<meta property=\"og:description\" content=\"La decisi\u00f3n de la boxeadora italiana,\u00a0Angela Carini\u00a0de abandonar su combate contra\u00a0Imane Khelif, quien representa a\u00a0Argelia\u00a0en los\u00a0Juegos Ol\u00edmpicos de Par\u00eds, reaviv\u00f3...\" \/>\n<meta property=\"og:url\" content=\"https:\/\/laredsocial-noticias.com\/wp\/polemica-en-el-boxeo-olimpico-italiana-abandona-pelea-por-duda-del-genero-de-su-rival\/\" \/>\n<meta property=\"og:site_name\" content=\"NOTICIAS\" \/>\n<meta property=\"article:published_time\" content=\"2024-08-02T00:50:41+00:00\" \/>\n<meta property=\"article:modified_time\" content=\"2024-08-02T19:52:28+00:00\" \/>\n<meta name=\"author\" content=\"Editor en Jefe\" \/>\n<meta name=\"twitter:card\" content=\"summary_large_image\" \/>\n<meta name=\"twitter:label1\" content=\"Escrito por\" \/>\n\t<meta name=\"twitter:data1\" content=\"Editor en Jefe\" \/>\n\t<meta name=\"twitter:label2\" content=\"Tiempo de lectura\" \/>\n\t<meta name=\"twitter:data2\" content=\"2 minutos\" \/>\n<!-- \/ Yoast SEO plugin. -->","yoast_head_json":{"title":"Pol\u00e9mica en el boxeo ol\u00edmpico: italiana abandona pelea por duda del g\u00e9nero de su rival - NOTICIAS","robots":{"index":"index","follow":"follow","max-snippet":"max-snippet:-1","max-image-preview":"max-image-preview:large","max-video-preview":"max-video-preview:-1"},"canonical":"https:\/\/laredsocial-noticias.com\/wp\/polemica-en-el-boxeo-olimpico-italiana-abandona-pelea-por-duda-del-genero-de-su-rival\/","og_locale":"es_ES","og_type":"article","og_title":"Pol\u00e9mica en el boxeo ol\u00edmpico: italiana abandona pelea por duda del g\u00e9nero de su rival - NOTICIAS","og_description":"La decisi\u00f3n de la boxeadora italiana,\u00a0Angela Carini\u00a0de abandonar su combate contra\u00a0Imane Khelif, quien representa a\u00a0Argelia\u00a0en los\u00a0Juegos Ol\u00edmpicos de Par\u00eds, reaviv\u00f3...","og_url":"https:\/\/laredsocial-noticias.com\/wp\/polemica-en-el-boxeo-olimpico-italiana-abandona-pelea-por-duda-del-genero-de-su-rival\/","og_site_name":"NOTICIAS","article_published_time":"2024-08-02T00:50:41+00:00","article_modified_time":"2024-08-02T19:52:28+00:00","author":"Editor en Jefe","twitter_card":"summary_large_image","twitter_misc":{"Escrito por":"Editor en Jefe","Tiempo de lectura":"2 minutos"},"schema":{"@context":"https:\/\/schema.org","@graph":[{"@type":"WebPage","@id":"https:\/\/laredsocial-noticias.com\/wp\/polemica-en-el-boxeo-olimpico-italiana-abandona-pelea-por-duda-del-genero-de-su-rival\/","url":"https:\/\/laredsocial-noticias.com\/wp\/polemica-en-el-boxeo-olimpico-italiana-abandona-pelea-por-duda-del-genero-de-su-rival\/","name":"Pol\u00e9mica en el boxeo ol\u00edmpico: italiana abandona pelea por duda del g\u00e9nero de su rival - NOTICIAS","isPartOf":{"@id":"https:\/\/laredsocial-noticias.com\/wp\/#website"},"datePublished":"2024-08-02T00:50:41+00:00","dateModified":"2024-08-02T19:52:28+00:00","author":{"@id":"https:\/\/laredsocial-noticias.com\/wp\/#\/schema\/person\/0ce78643f2de7aae6f6ef10e8453a6e0"},"breadcrumb":{"@id":"https:\/\/laredsocial-noticias.com\/wp\/polemica-en-el-boxeo-olimpico-italiana-abandona-pelea-por-duda-del-genero-de-su-rival\/#breadcrumb"},"inLanguage":"es","potentialAction":[{"@type":"ReadAction","target":["https:\/\/laredsocial-noticias.com\/wp\/polemica-en-el-boxeo-olimpico-italiana-abandona-pelea-por-duda-del-genero-de-su-rival\/"]}]},{"@type":"BreadcrumbList","@id":"https:\/\/laredsocial-noticias.com\/wp\/polemica-en-el-boxeo-olimpico-italiana-abandona-pelea-por-duda-del-genero-de-su-rival\/#breadcrumb","itemListElement":[{"@type":"ListItem","position":1,"name":"Portada","item":"https:\/\/laredsocial-noticias.com\/wp\/"},{"@type":"ListItem","position":2,"name":"Pol\u00e9mica en el boxeo ol\u00edmpico: italiana abandona pelea por duda del g\u00e9nero de su rival"}]},{"@type":"WebSite","@id":"https:\/\/laredsocial-noticias.com\/wp\/#website","url":"https:\/\/laredsocial-noticias.com\/wp\/","name":"NOTICIAS","description":"Lo que se ve y se dice en las redes sociales","potentialAction":[{"@type":"SearchAction","target":{"@type":"EntryPoint","urlTemplate":"https:\/\/laredsocial-noticias.com\/wp\/?s={search_term_string}"},"query-input":{"@type":"PropertyValueSpecification","valueRequired":true,"valueName":"search_term_string"}}],"inLanguage":"es"},{"@type":"Person","@id":"https:\/\/laredsocial-noticias.com\/wp\/#\/schema\/person\/0ce78643f2de7aae6f6ef10e8453a6e0","name":"Editor en Jefe","url":"https:\/\/laredsocial-noticias.com\/wp\/author\/jorgeochoa\/"}]}},"_links":{"self":[{"href":"https:\/\/laredsocial-noticias.com\/wp\/wp-json\/wp\/v2\/posts\/228202","targetHints":{"allow":["GET"]}}],"collection":[{"href":"https:\/\/laredsocial-noticias.com\/wp\/wp-json\/wp\/v2\/posts"}],"about":[{"href":"https:\/\/laredsocial-noticias.com\/wp\/wp-json\/wp\/v2\/types\/post"}],"author":[{"embeddable":true,"href":"https:\/\/laredsocial-noticias.com\/wp\/wp-json\/wp\/v2\/users\/1"}],"replies":[{"embeddable":true,"href":"https:\/\/laredsocial-noticias.com\/wp\/wp-json\/wp\/v2\/comments?post=228202"}],"version-history":[{"count":1,"href":"https:\/\/laredsocial-noticias.com\/wp\/wp-json\/wp\/v2\/posts\/228202\/revisions"}],"predecessor-version":[{"id":228203,"href":"https:\/\/laredsocial-noticias.com\/wp\/wp-json\/wp\/v2\/posts\/228202\/revisions\/228203"}],"wp:attachment":[{"href":"https:\/\/laredsocial-noticias.com\/wp\/wp-json\/wp\/v2\/media?parent=228202"}],"wp:term":[{"taxonomy":"category","embeddable":true,"href":"https:\/\/laredsocial-noticias.com\/wp\/wp-json\/wp\/v2\/categories?post=228202"},{"taxonomy":"post_tag","embeddable":true,"href":"https:\/\/laredsocial-noticias.com\/wp\/wp-json\/wp\/v2\/tags?post=228202"}],"curies":[{"name":"wp","href":"https:\/\/api.w.org\/{rel}","templated":true}]}}