{"id":228879,"date":"2024-08-11T16:00:55","date_gmt":"2024-08-11T22:00:55","guid":{"rendered":"https:\/\/laredsocial-noticias.com\/wp\/?p=228879"},"modified":"2024-08-11T22:57:34","modified_gmt":"2024-08-12T04:57:34","slug":"alejandro-alito-moreno-es-reelecto-como-dirigente-nacional-del-pri","status":"publish","type":"post","link":"https:\/\/laredsocial-noticias.com\/wp\/alejandro-alito-moreno-es-reelecto-como-dirigente-nacional-del-pri\/","title":{"rendered":"Alejandro &#8216;Alito&#8217; Moreno es reelecto como dirigente nacional del PRI"},"content":{"rendered":"<p>Sin sorpresas, Alejandro \u201cAlito Moreno C\u00e1rdenas, logr\u00f3 su reelecci\u00f3n al frente del Partido Revolucionario Institucional (PRI), por lo que se mantendr\u00e1 en el cargo como m\u00ednimo hasta agosto de 2028, con la posibilidad de poder extender su mandato otros cuatro a\u00f1os, es decir, quedarse hasta 2032.<\/p>\n<p>Junto al exgobernador en Campeche (2015-2019), se queda Carolina Viggiano Austria como secretaria general del instituto partidista, puesto que ocupa desde 2019, cuando arrib\u00f3 con \u201cAlito\u201d.<\/p>\n<p>La votaci\u00f3n del Consejo Pol\u00edtico Nacional del PRI se realiz\u00f3 a puerta cerrada y sin acceso a medios de comunicaci\u00f3n de las 10:00 a las 15:00 horas, en su sede nacional que se ubica en\u00a0Avenida Insurgentes Norte #59, colonia Buenavista, alcald\u00eda Cuauht\u00e9moc.<\/p>\n<div data-mrf-experience=\"IL_3MQJ30ylTF2g1qbrvrh4bg\"><\/div>\n<p>Pero a las 3:45 de la tarde se dio a conocer que Moreno C\u00e1rdenas se llev\u00f3 la victoria, tal como estaba previsto luego que el 7 de julio pasado el tricolor modific\u00f3 sus estatutos a mano alzada, momento en que valid\u00f3 hasta dos reelecciones de su presidente, por lo que la primera se ha hecho v\u00e1lida.<\/p>\n<h2><strong>TRIUNFO ABRUMADOR<\/strong><\/h2>\n<p>Con 440 votos a favor y cuatro nulos, \u201cAlito\u201d Moreno C\u00e1rdenas se llev\u00f3 una abrumadora victoria sobre su rival, la diputada federal Lorena Pi\u00f1\u00f3n Rivera, quien \u00fanicamente tuvo ocho sufragios; ella iba junto a Cuauht\u00e9moc Betanzos Terroba, regidor de Desarrollo Urbano, Ecolog\u00eda, Medio Ambiente, Servicios y Obra P\u00fablica en San Pedro Cholula, Puebla, quien quer\u00eda la secretar\u00eda general.<\/p>\n<p>Por primera vez en sus 95 a\u00f1os de historia, el PRI tiene una dirigencia de nueve a\u00f1os continuos.<\/p>\n<p class=\"text-align-center\"><em>&#8220;Quiero aprovechar para mandar un mensaje a la militancia priista (&#8230;) Y hay que decirlo para algunos que se les quiere olvidar lo tengan muy presente, Carolina Viggiano y un servidor obtuvimos cerca de 2 millones de votos en el pasado proceso de la dirigencia nacional anterior y el d\u00eda de hoy obtuvimos el respaldo de m\u00e1s de 97 por ciento de las y los priistas, tan democr\u00e1tico un proceso como el otro&#8221;, resalt\u00f3 \u201cAlito\u201d Moreno C\u00e1rdenas al conocer su triunfo.<\/em><\/p>\n<p>Por otro lado, Moreno C\u00e1rdenas invit\u00f3 a todos los priistas a expresarse para que impulsen las reformas que necesita el partido.<\/p>\n<p class=\"text-align-center\"><em>&#8220;Compa\u00f1eras y compa\u00f1eros nos encontramos en un momento crucial y el PRI, como un partido de arraigo y de firme convicci\u00f3n, debe de mostrar capacidad para volver, para resolver el mayor desaf\u00edo que se nos ponga por delante, el desaf\u00edo es renovarnos, es reformarnos y recuperar la confianza ciudadana. La elecci\u00f3n del 2 de junio impulso sobre nosotros una obligaci\u00f3n de replantear el rumbo&#8221;, expres\u00f3 el exmandatario en Campeche durante su discurso.\u00a0<\/em><\/p>\n<h2>PROCESO SE\u00d1ALADO DE FRAUDE<\/h2>\n<p>La victoria de &#8220;Alito&#8221; llega bajo denuncias de fraude y de haberse apoderado de las estructuras del partido para manipular las reglas de reelecci\u00f3n. La campa\u00f1a de \u00e9l y de Pi\u00f1\u00f3n Rivera duraron 17 d\u00edas con eventos cerrados.<\/p>\n<p>Basta recordar que el 7 de julio del a\u00f1o en curso, durante la 24 Asamblea Nacional, los miembros del tricolor aprobaron cambiar el primer p\u00e1rrafo del art\u00edculo 178, en el cual se establece que la dirigencia nacional y las estatales pueden reelegirse hasta por tres periodos consecutivos. Una vez consumado esto, el l\u00edder priista apareci\u00f3 y fue ovacionado entre el grito de \u201cAlito, Alito\u201d.<\/p>\n","protected":false},"excerpt":{"rendered":"<p>Sin sorpresas, Alejandro \u201cAlito Moreno C\u00e1rdenas, logr\u00f3 su reelecci\u00f3n al frente del Partido Revolucionario Institucional (PRI), por lo que se&#8230;<\/p>\n","protected":false},"author":1,"featured_media":0,"comment_status":"open","ping_status":"closed","sticky":false,"template":"","format":"standard","meta":{"footnotes":""},"categories":[78,6026],"tags":[4959,77],"class_list":["post-228879","post","type-post","status-publish","format-standard","hentry","category-nacional","category-portada","tag-featured","tag-principal"],"yoast_head":"<!-- This site is optimized with the Yoast SEO plugin v26.5 - https:\/\/yoast.com\/wordpress\/plugins\/seo\/ -->\n<title>Alejandro &#039;Alito&#039; Moreno es reelecto como dirigente nacional del PRI - NOTICIAS<\/title>\n<meta name=\"robots\" content=\"index, follow, max-snippet:-1, max-image-preview:large, max-video-preview:-1\" \/>\n<link rel=\"canonical\" href=\"https:\/\/laredsocial-noticias.com\/wp\/alejandro-alito-moreno-es-reelecto-como-dirigente-nacional-del-pri\/\" \/>\n<meta property=\"og:locale\" content=\"es_ES\" \/>\n<meta property=\"og:type\" content=\"article\" \/>\n<meta property=\"og:title\" content=\"Alejandro &#039;Alito&#039; Moreno es reelecto como dirigente nacional del PRI - NOTICIAS\" \/>\n<meta property=\"og:description\" content=\"Sin sorpresas, Alejandro \u201cAlito Moreno C\u00e1rdenas, logr\u00f3 su reelecci\u00f3n al frente del Partido Revolucionario Institucional (PRI), por lo que se...\" \/>\n<meta property=\"og:url\" content=\"https:\/\/laredsocial-noticias.com\/wp\/alejandro-alito-moreno-es-reelecto-como-dirigente-nacional-del-pri\/\" \/>\n<meta property=\"og:site_name\" content=\"NOTICIAS\" \/>\n<meta property=\"article:published_time\" content=\"2024-08-11T22:00:55+00:00\" \/>\n<meta property=\"article:modified_time\" content=\"2024-08-12T04:57:34+00:00\" \/>\n<meta name=\"author\" content=\"Editor en Jefe\" \/>\n<meta name=\"twitter:card\" content=\"summary_large_image\" \/>\n<meta name=\"twitter:label1\" content=\"Escrito por\" \/>\n\t<meta name=\"twitter:data1\" content=\"Editor en Jefe\" \/>\n\t<meta name=\"twitter:label2\" content=\"Tiempo de lectura\" \/>\n\t<meta name=\"twitter:data2\" content=\"3 minutos\" \/>\n<!-- \/ Yoast SEO plugin. -->","yoast_head_json":{"title":"Alejandro 'Alito' Moreno es reelecto como dirigente nacional del PRI - NOTICIAS","robots":{"index":"index","follow":"follow","max-snippet":"max-snippet:-1","max-image-preview":"max-image-preview:large","max-video-preview":"max-video-preview:-1"},"canonical":"https:\/\/laredsocial-noticias.com\/wp\/alejandro-alito-moreno-es-reelecto-como-dirigente-nacional-del-pri\/","og_locale":"es_ES","og_type":"article","og_title":"Alejandro 'Alito' Moreno es reelecto como dirigente nacional del PRI - NOTICIAS","og_description":"Sin sorpresas, Alejandro \u201cAlito Moreno C\u00e1rdenas, logr\u00f3 su reelecci\u00f3n al frente del Partido Revolucionario Institucional (PRI), por lo que se...","og_url":"https:\/\/laredsocial-noticias.com\/wp\/alejandro-alito-moreno-es-reelecto-como-dirigente-nacional-del-pri\/","og_site_name":"NOTICIAS","article_published_time":"2024-08-11T22:00:55+00:00","article_modified_time":"2024-08-12T04:57:34+00:00","author":"Editor en Jefe","twitter_card":"summary_large_image","twitter_misc":{"Escrito por":"Editor en Jefe","Tiempo de lectura":"3 minutos"},"schema":{"@context":"https:\/\/schema.org","@graph":[{"@type":"WebPage","@id":"https:\/\/laredsocial-noticias.com\/wp\/alejandro-alito-moreno-es-reelecto-como-dirigente-nacional-del-pri\/","url":"https:\/\/laredsocial-noticias.com\/wp\/alejandro-alito-moreno-es-reelecto-como-dirigente-nacional-del-pri\/","name":"Alejandro 'Alito' Moreno es reelecto como dirigente nacional del PRI - NOTICIAS","isPartOf":{"@id":"https:\/\/laredsocial-noticias.com\/wp\/#website"},"datePublished":"2024-08-11T22:00:55+00:00","dateModified":"2024-08-12T04:57:34+00:00","author":{"@id":"https:\/\/laredsocial-noticias.com\/wp\/#\/schema\/person\/0ce78643f2de7aae6f6ef10e8453a6e0"},"breadcrumb":{"@id":"https:\/\/laredsocial-noticias.com\/wp\/alejandro-alito-moreno-es-reelecto-como-dirigente-nacional-del-pri\/#breadcrumb"},"inLanguage":"es","potentialAction":[{"@type":"ReadAction","target":["https:\/\/laredsocial-noticias.com\/wp\/alejandro-alito-moreno-es-reelecto-como-dirigente-nacional-del-pri\/"]}]},{"@type":"BreadcrumbList","@id":"https:\/\/laredsocial-noticias.com\/wp\/alejandro-alito-moreno-es-reelecto-como-dirigente-nacional-del-pri\/#breadcrumb","itemListElement":[{"@type":"ListItem","position":1,"name":"Portada","item":"https:\/\/laredsocial-noticias.com\/wp\/"},{"@type":"ListItem","position":2,"name":"Alejandro &#8216;Alito&#8217; Moreno es reelecto como dirigente nacional del PRI"}]},{"@type":"WebSite","@id":"https:\/\/laredsocial-noticias.com\/wp\/#website","url":"https:\/\/laredsocial-noticias.com\/wp\/","name":"NOTICIAS","description":"Lo que se ve y se dice en las redes sociales","potentialAction":[{"@type":"SearchAction","target":{"@type":"EntryPoint","urlTemplate":"https:\/\/laredsocial-noticias.com\/wp\/?s={search_term_string}"},"query-input":{"@type":"PropertyValueSpecification","valueRequired":true,"valueName":"search_term_string"}}],"inLanguage":"es"},{"@type":"Person","@id":"https:\/\/laredsocial-noticias.com\/wp\/#\/schema\/person\/0ce78643f2de7aae6f6ef10e8453a6e0","name":"Editor en Jefe","url":"https:\/\/laredsocial-noticias.com\/wp\/author\/jorgeochoa\/"}]}},"_links":{"self":[{"href":"https:\/\/laredsocial-noticias.com\/wp\/wp-json\/wp\/v2\/posts\/228879","targetHints":{"allow":["GET"]}}],"collection":[{"href":"https:\/\/laredsocial-noticias.com\/wp\/wp-json\/wp\/v2\/posts"}],"about":[{"href":"https:\/\/laredsocial-noticias.com\/wp\/wp-json\/wp\/v2\/types\/post"}],"author":[{"embeddable":true,"href":"https:\/\/laredsocial-noticias.com\/wp\/wp-json\/wp\/v2\/users\/1"}],"replies":[{"embeddable":true,"href":"https:\/\/laredsocial-noticias.com\/wp\/wp-json\/wp\/v2\/comments?post=228879"}],"version-history":[{"count":1,"href":"https:\/\/laredsocial-noticias.com\/wp\/wp-json\/wp\/v2\/posts\/228879\/revisions"}],"predecessor-version":[{"id":228880,"href":"https:\/\/laredsocial-noticias.com\/wp\/wp-json\/wp\/v2\/posts\/228879\/revisions\/228880"}],"wp:attachment":[{"href":"https:\/\/laredsocial-noticias.com\/wp\/wp-json\/wp\/v2\/media?parent=228879"}],"wp:term":[{"taxonomy":"category","embeddable":true,"href":"https:\/\/laredsocial-noticias.com\/wp\/wp-json\/wp\/v2\/categories?post=228879"},{"taxonomy":"post_tag","embeddable":true,"href":"https:\/\/laredsocial-noticias.com\/wp\/wp-json\/wp\/v2\/tags?post=228879"}],"curies":[{"name":"wp","href":"https:\/\/api.w.org\/{rel}","templated":true}]}}