{"id":229972,"date":"2024-08-26T00:03:19","date_gmt":"2024-08-26T06:03:19","guid":{"rendered":"https:\/\/laredsocial-noticias.com\/wp\/?p=229972"},"modified":"2024-08-26T00:03:33","modified_gmt":"2024-08-26T06:03:33","slug":"gobierno-de-calidad-decisiones-sobre-las-modas-tecnologicas","status":"publish","type":"post","link":"https:\/\/laredsocial-noticias.com\/wp\/gobierno-de-calidad-decisiones-sobre-las-modas-tecnologicas\/","title":{"rendered":"GOBIERNO DE CALIDAD\/ Decisiones sobre las modas tecnol\u00f3gicas"},"content":{"rendered":"<p><strong>Por Jorge Manrique, Rector del Colegio Jurista y director general de Gobierno de Calidad, consultor\u00eda de pol\u00edticas p\u00fablicas<\/strong><\/p>\n<p>Los l\u00edderes empresariales enfrentan un dilema: entender qu\u00e9 tecnolog\u00edas son m\u00e1s relevantes y potencialmente transformadoras para sus negocios. Esto incluso es dif\u00edcil de responder para los expertos en tecnolog\u00eda. El amplio abanico de opciones genera dudas sobre c\u00f3mo las empresas pueden invertir en tecnolog\u00eda para ganar.<\/p>\n<p>A diferencia de otros a\u00f1os, en 2024 entre las tecnolog\u00edas m\u00e1s importantes destacan la confianza digital y ciberseguridad, as\u00ed como el futuro de la rob\u00f3tica. Lo que se considera una tendencia al alza y a largo plazo es que la tecnolog\u00eda se visualiza como la \u00fanica forma certera de crecer y aumentar la productividad. Esto sin importar tama\u00f1o o sector econ\u00f3mico al que pertenezca la empresa.<\/p>\n<p>As\u00ed, el 72% de los l\u00edderes empresariales aseveran que emplean la Inteligencia Artificial en al menos una funci\u00f3n empresarial. Es probable que esto se deba al r\u00e1pido aumento del inter\u00e9s y el uso de la IA generativa que aument\u00f3 dr\u00e1sticamente entre 2023 y 2024.<\/p>\n<p>Pero las tendencias que agregan valor al negocio, las tendencias que deben seguirse, siempre tienen estos cuatro atributos:<\/p>\n<p>Valor de negocio disruptivo. Es decir, la tendencia puede resultar en un valor medible para el negocio.<\/p>\n<p>Independencia. Permite a la organizaci\u00f3n trabajar en unidades m\u00e1s peque\u00f1as e independientes.<\/p>\n<p>Conectividad. Reduce la fricci\u00f3n en la conectividad de la organizaci\u00f3n.<\/p>\n<p>Extensibilidad. Implica que puede dar forma y mejorar la tecnolog\u00eda y las pr\u00e1cticas de gesti\u00f3n de la organizaci\u00f3n.<\/p>\n<p>No es necesario tener luz verde en cada uno de estos cuatro par\u00e1metros para que merezca la pena invertir en una tendencia. Pero si uno de ellos aparece rojo o amarillo, vale la pena echar un vistazo m\u00e1s de cerca antes de hacer un compromiso significativo.<\/p>\n<p>Por supuesto tales caracter\u00edsticas son el punto de partida. Se requiere indagar:<\/p>\n<p>\u00bfEsta tendencia aporta valor disruptivo al negocio? Y \u00bfc\u00f3mo medir\u00e1 la captura de valor?, \u00bfesta tendencia me permite hacer que mis equipos sean m\u00e1s independientes, por ejemplo, al automatizar la comunicaci\u00f3n en las interfaces o reducir la necesidad de coordinaci\u00f3n y planificaci\u00f3n previa?. Conviene indagar, asimismo, si esta tendencia permitir\u00e1 un patrimonio de TI m\u00e1s modular.<\/p>\n<p>Por otra parte, es necesario establecer si esta tendencia aumenta la claridad en las interfaces y reduce la necesidad de coordinaci\u00f3n. Es decir, analizar si lleva a los equipos a trabajar entre s\u00ed de manera m\u00e1s efectiva debido a un menor &#8220;desperdicio&#8221; en las comunicaciones. Asimismo, mirar de qu\u00e9 manera puede esta tendencia aprovechar los activos tecnol\u00f3gicos existentes. Es importante comprender qu\u00e9 tipos de interfaces realizar\u00e1n las conexiones necesarias y con qu\u00e9 facilidad se pueden implementar y mantener.<\/p>\n<p>Resulta cr\u00edtico, asimismo, indagar si esta tendencia implicar\u00e1 que cambien las operaciones comerciales y los procesos de decisi\u00f3n para desarrollar todo su potencial\u2026<\/p>\n<p>Clarificar los objetivos a lograr en la gesti\u00f3n empresarial es el paso previo para implementar cualquier estrategia tecnol\u00f3gica y determinar las soluciones que se adoptar\u00e1n y en qu\u00e9 \u00e1reas y momentos,<\/p>\n","protected":false},"excerpt":{"rendered":"<p>Por Jorge Manrique, Rector del Colegio Jurista y director general de Gobierno de Calidad, consultor\u00eda de pol\u00edticas p\u00fablicas Los l\u00edderes&#8230;<\/p>\n","protected":false},"author":1,"featured_media":0,"comment_status":"open","ping_status":"closed","sticky":false,"template":"","format":"standard","meta":{"footnotes":""},"categories":[2811],"tags":[5207,11417,4959,11654,11619,77],"class_list":["post-229972","post","type-post","status-publish","format-standard","hentry","category-economia","tag-ceo","tag-colegio-jurista","tag-featured","tag-gobierno-de-calidad","tag-jorge-manrique","tag-principal"],"yoast_head":"<!-- This site is optimized with the Yoast SEO plugin v26.5 - https:\/\/yoast.com\/wordpress\/plugins\/seo\/ -->\n<title>GOBIERNO DE CALIDAD\/ Decisiones sobre las modas tecnol\u00f3gicas - NOTICIAS<\/title>\n<meta name=\"robots\" content=\"index, follow, max-snippet:-1, max-image-preview:large, max-video-preview:-1\" \/>\n<link rel=\"canonical\" href=\"https:\/\/laredsocial-noticias.com\/wp\/gobierno-de-calidad-decisiones-sobre-las-modas-tecnologicas\/\" \/>\n<meta property=\"og:locale\" content=\"es_ES\" \/>\n<meta property=\"og:type\" content=\"article\" \/>\n<meta property=\"og:title\" content=\"GOBIERNO DE CALIDAD\/ Decisiones sobre las modas tecnol\u00f3gicas - NOTICIAS\" \/>\n<meta property=\"og:description\" content=\"Por Jorge Manrique, Rector del Colegio Jurista y director general de Gobierno de Calidad, consultor\u00eda de pol\u00edticas p\u00fablicas Los l\u00edderes...\" \/>\n<meta property=\"og:url\" content=\"https:\/\/laredsocial-noticias.com\/wp\/gobierno-de-calidad-decisiones-sobre-las-modas-tecnologicas\/\" \/>\n<meta property=\"og:site_name\" content=\"NOTICIAS\" \/>\n<meta property=\"article:published_time\" content=\"2024-08-26T06:03:19+00:00\" \/>\n<meta property=\"article:modified_time\" content=\"2024-08-26T06:03:33+00:00\" \/>\n<meta name=\"author\" content=\"Editor en Jefe\" \/>\n<meta name=\"twitter:card\" content=\"summary_large_image\" \/>\n<meta name=\"twitter:label1\" content=\"Escrito por\" \/>\n\t<meta name=\"twitter:data1\" content=\"Editor en Jefe\" \/>\n\t<meta name=\"twitter:label2\" content=\"Tiempo de lectura\" \/>\n\t<meta name=\"twitter:data2\" content=\"3 minutos\" \/>\n<!-- \/ Yoast SEO plugin. -->","yoast_head_json":{"title":"GOBIERNO DE CALIDAD\/ Decisiones sobre las modas tecnol\u00f3gicas - NOTICIAS","robots":{"index":"index","follow":"follow","max-snippet":"max-snippet:-1","max-image-preview":"max-image-preview:large","max-video-preview":"max-video-preview:-1"},"canonical":"https:\/\/laredsocial-noticias.com\/wp\/gobierno-de-calidad-decisiones-sobre-las-modas-tecnologicas\/","og_locale":"es_ES","og_type":"article","og_title":"GOBIERNO DE CALIDAD\/ Decisiones sobre las modas tecnol\u00f3gicas - NOTICIAS","og_description":"Por Jorge Manrique, Rector del Colegio Jurista y director general de Gobierno de Calidad, consultor\u00eda de pol\u00edticas p\u00fablicas Los l\u00edderes...","og_url":"https:\/\/laredsocial-noticias.com\/wp\/gobierno-de-calidad-decisiones-sobre-las-modas-tecnologicas\/","og_site_name":"NOTICIAS","article_published_time":"2024-08-26T06:03:19+00:00","article_modified_time":"2024-08-26T06:03:33+00:00","author":"Editor en Jefe","twitter_card":"summary_large_image","twitter_misc":{"Escrito por":"Editor en Jefe","Tiempo de lectura":"3 minutos"},"schema":{"@context":"https:\/\/schema.org","@graph":[{"@type":"WebPage","@id":"https:\/\/laredsocial-noticias.com\/wp\/gobierno-de-calidad-decisiones-sobre-las-modas-tecnologicas\/","url":"https:\/\/laredsocial-noticias.com\/wp\/gobierno-de-calidad-decisiones-sobre-las-modas-tecnologicas\/","name":"GOBIERNO DE CALIDAD\/ Decisiones sobre las modas tecnol\u00f3gicas - NOTICIAS","isPartOf":{"@id":"https:\/\/laredsocial-noticias.com\/wp\/#website"},"datePublished":"2024-08-26T06:03:19+00:00","dateModified":"2024-08-26T06:03:33+00:00","author":{"@id":"https:\/\/laredsocial-noticias.com\/wp\/#\/schema\/person\/0ce78643f2de7aae6f6ef10e8453a6e0"},"breadcrumb":{"@id":"https:\/\/laredsocial-noticias.com\/wp\/gobierno-de-calidad-decisiones-sobre-las-modas-tecnologicas\/#breadcrumb"},"inLanguage":"es","potentialAction":[{"@type":"ReadAction","target":["https:\/\/laredsocial-noticias.com\/wp\/gobierno-de-calidad-decisiones-sobre-las-modas-tecnologicas\/"]}]},{"@type":"BreadcrumbList","@id":"https:\/\/laredsocial-noticias.com\/wp\/gobierno-de-calidad-decisiones-sobre-las-modas-tecnologicas\/#breadcrumb","itemListElement":[{"@type":"ListItem","position":1,"name":"Portada","item":"https:\/\/laredsocial-noticias.com\/wp\/"},{"@type":"ListItem","position":2,"name":"GOBIERNO DE CALIDAD\/ Decisiones sobre las modas tecnol\u00f3gicas"}]},{"@type":"WebSite","@id":"https:\/\/laredsocial-noticias.com\/wp\/#website","url":"https:\/\/laredsocial-noticias.com\/wp\/","name":"NOTICIAS","description":"Lo que se ve y se dice en las redes sociales","potentialAction":[{"@type":"SearchAction","target":{"@type":"EntryPoint","urlTemplate":"https:\/\/laredsocial-noticias.com\/wp\/?s={search_term_string}"},"query-input":{"@type":"PropertyValueSpecification","valueRequired":true,"valueName":"search_term_string"}}],"inLanguage":"es"},{"@type":"Person","@id":"https:\/\/laredsocial-noticias.com\/wp\/#\/schema\/person\/0ce78643f2de7aae6f6ef10e8453a6e0","name":"Editor en Jefe","url":"https:\/\/laredsocial-noticias.com\/wp\/author\/jorgeochoa\/"}]}},"_links":{"self":[{"href":"https:\/\/laredsocial-noticias.com\/wp\/wp-json\/wp\/v2\/posts\/229972","targetHints":{"allow":["GET"]}}],"collection":[{"href":"https:\/\/laredsocial-noticias.com\/wp\/wp-json\/wp\/v2\/posts"}],"about":[{"href":"https:\/\/laredsocial-noticias.com\/wp\/wp-json\/wp\/v2\/types\/post"}],"author":[{"embeddable":true,"href":"https:\/\/laredsocial-noticias.com\/wp\/wp-json\/wp\/v2\/users\/1"}],"replies":[{"embeddable":true,"href":"https:\/\/laredsocial-noticias.com\/wp\/wp-json\/wp\/v2\/comments?post=229972"}],"version-history":[{"count":1,"href":"https:\/\/laredsocial-noticias.com\/wp\/wp-json\/wp\/v2\/posts\/229972\/revisions"}],"predecessor-version":[{"id":229973,"href":"https:\/\/laredsocial-noticias.com\/wp\/wp-json\/wp\/v2\/posts\/229972\/revisions\/229973"}],"wp:attachment":[{"href":"https:\/\/laredsocial-noticias.com\/wp\/wp-json\/wp\/v2\/media?parent=229972"}],"wp:term":[{"taxonomy":"category","embeddable":true,"href":"https:\/\/laredsocial-noticias.com\/wp\/wp-json\/wp\/v2\/categories?post=229972"},{"taxonomy":"post_tag","embeddable":true,"href":"https:\/\/laredsocial-noticias.com\/wp\/wp-json\/wp\/v2\/tags?post=229972"}],"curies":[{"name":"wp","href":"https:\/\/api.w.org\/{rel}","templated":true}]}}