{"id":230536,"date":"2024-09-02T09:31:45","date_gmt":"2024-09-02T15:31:45","guid":{"rendered":"https:\/\/laredsocial-noticias.com\/wp\/?p=230536"},"modified":"2024-09-02T13:50:52","modified_gmt":"2024-09-02T19:50:52","slug":"con-ausencia-de-oposicion-morena-continua-tramite-de-reforma-judicial","status":"publish","type":"post","link":"https:\/\/laredsocial-noticias.com\/wp\/con-ausencia-de-oposicion-morena-continua-tramite-de-reforma-judicial\/","title":{"rendered":"Con ausencia del PRI, Morena contin\u00faa tr\u00e1mite de reforma judicial"},"content":{"rendered":"\n<figure class=\"wp-block-image size-full\"><img decoding=\"async\" src=\"https:\/\/laredsocial-noticias.com\/wp\/wp-content\/uploads\/2024\/09\/2dbc4097-48f4-4081-916c-4e1481ad66b6.jpeg\" alt=\"\" class=\"wp-image-230537\"\/><\/figure>\n\n\n\n<p class=\"wp-block-paragraph\">En abierto desacato a dos \u00f3rdenes judiciales, que  obligan a suspender el debate y frena el env\u00edo del decreto a los Congresos estatales, Morena y sus aliados contin\u00faan hoy el tr\u00e1mite para aprobar la reforma judicial de Lopez Obrador.<\/p>\n\n\n\n<p class=\"wp-block-paragraph\">El primer paso, lo dio Morena con la ausencia de la bancada del PRI, que argument\u00f3 plegarse al ordenamiento judicial. Resta saber si PAN y Movimiento Ciudadano har\u00e1n lo mismo en las pr\u00f3ximas horas.<\/p>\n\n\n\n<p class=\"wp-block-paragraph\">El coordinador parlamentario Rub\u00e9n Moreira se\u00f1al\u00f3 que no se puede participar en una sesi\u00f3n de debate del dictamen, debido a la existencia de dos suspensiones emitidas por jueces.<\/p>\n\n\n\n<p class=\"wp-block-paragraph\"><br \/>Por lo anterior, los legisladores priistas abandonaron el recinto de Plenos, ya que la discusi\u00f3n contraviene un mandato jurisdiccional.<br \/>A nombre de la bancada priista, la diputada federal Marcela Guerra rechaz\u00f3 la propuesta oficial por incompleta, extraviada en sus medidas y equivoca en sus propuestas<br \/>Los legisladores del PRI ratificaron el voto en contra de la reforma judicial, en el marco de la Sesi\u00f3n de Congreso General para dar inicio al Primer Periodo de Sesiones del Primer A\u00f1o de Trabajo de la LXVI Legislatura y de la primera sesi\u00f3n ordinaria de la C\u00e1mara de Diputados.<\/p>\n\n\n\n<p class=\"wp-block-paragraph\">Desde el Pleno camaral, Marcela Guerra, rechaz\u00f3 la propuesta oficial por incompleta, extraviada en sus medidas y equivoca en sus propuestas.<\/p>\n\n\n\n<p class=\"wp-block-paragraph\">Al presentar el posicionamiento de la bancada del PRI, la legisladora asegur\u00f3 que los priistas van por una aut\u00e9ntica y profunda reforma al sistema de justicia.<\/p>\n\n\n\n<p class=\"wp-block-paragraph\">\u201cNo permitiremos que se avasalle a otro de los Poderes de la Uni\u00f3n, ni tampoco que se pretenda desaparecer los \u00f3rganos aut\u00f3nomos que funcionan como contrapeso ante un presidencialismo exacerbado\u201d, enfatiz\u00f3, para despu\u00e9s subrayar que M\u00e9xico reclama pol\u00edticas de consenso y acuerdo, que erradiquen una mayor\u00eda parcial que pretende vulnerar la pluralidad.<\/p>\n\n\n\n<p class=\"wp-block-paragraph\">La legisladora precis\u00f3 que la bancada tricolor tiene muy claro su papel como una fuerza pol\u00edtica opositora comprometida con M\u00e9xico, digna, cr\u00edtica, vigilante y congruente con sus principios ideol\u00f3gicos.<\/p>\n\n\n\n<p class=\"wp-block-paragraph\">Nuestra vocaci\u00f3n, destac\u00f3, es a favor tambi\u00e9n de construir un M\u00e9xico de libertades, democr\u00e1tico, plural, que vive y profundice el r\u00e9gimen republicano y que rechace el apetito de regresar a una hegemon\u00eda.<\/p>\n\n\n\n<p class=\"wp-block-paragraph\">Guerra Catillo asever\u00f3 que, para el PRI, las \u201crencillas y el ajuste de cuentas, las descalificaciones y las adjetivaciones, no pueden tomar el lugar del aut\u00e9ntico debate sobre los problemas del pa\u00eds\u201d.<\/p>\n\n\n\n<p class=\"wp-block-paragraph\">\u201cHacemos una invitaci\u00f3n real, genuina, para que nos unamos en torno a las aut\u00e9nticas pol\u00edticas de Estado que permitan impulsar una mejor calidad de vida para la gente. M\u00e9xico reclama pol\u00edticas de consenso y acuerdo que nos hagan superar esas visiones parciales que pretenden imperar desde la \u00f3ptica de una mayor\u00eda parcial y aplastante y el de excluir y diezmar a una pluralidad\u201d, concluy\u00f3 la priista.<\/p>\n\n\n\n<p class=\"wp-block-paragraph\">Al dar inicio a la primera sesi\u00f3n ordinaria de la C\u00e1mara de Diputados, el coordinador Rub\u00e9n Moreira asegur\u00f3 que la bancada priista no puede participar en una sesi\u00f3n de debate al dictamen de reforma al Poder Judicial, debido a la existencia de dos suspensiones emitidas por jueces, por lo que se retiraron de la misma.<\/p>\n\n\n\n<p class=\"wp-block-paragraph\">Moreira Valdez reiter\u00f3 que el voto ser\u00e1 en contra de esta propuesta, ya que no es oportuna, pertinente ni prudente, y mucho menos beneficia a la justicia en M\u00e9xico. Adem\u00e1s, enfatiz\u00f3, no es democr\u00e1tica, no es popular y no tiene forma clara de operarse.<\/p>\n\n\n\n<p class=\"wp-block-paragraph\">Llam\u00f3 a respetar la decisi\u00f3n judicial, as\u00ed como se respet\u00f3 la designaci\u00f3n que hizo un tribunal electoral sobre la distribuci\u00f3n de las curules, porque se reconoci\u00f3 que es una autoridad legalmente constituida.<\/p>\n","protected":false},"excerpt":{"rendered":"<p>En abierto desacato a dos \u00f3rdenes judiciales, que obligan a suspender el debate y frena el env\u00edo del decreto a&#8230;<\/p>\n","protected":false},"author":1,"featured_media":0,"comment_status":"closed","ping_status":"closed","sticky":false,"template":"","format":"standard","meta":{"footnotes":""},"categories":[1207,27,11773],"tags":[],"class_list":["post-230536","post","type-post","status-publish","format-standard","hentry","category-camara-de-diputados","category-congreso-de-la-union","category-sucesion-presidencial"],"yoast_head":"<!-- This site is optimized with the Yoast SEO plugin v26.5 - https:\/\/yoast.com\/wordpress\/plugins\/seo\/ -->\n<title>Con ausencia del PRI, Morena contin\u00faa tr\u00e1mite de reforma judicial - NOTICIAS<\/title>\n<meta name=\"robots\" content=\"index, follow, max-snippet:-1, max-image-preview:large, max-video-preview:-1\" \/>\n<link rel=\"canonical\" href=\"https:\/\/laredsocial-noticias.com\/wp\/con-ausencia-de-oposicion-morena-continua-tramite-de-reforma-judicial\/\" \/>\n<meta property=\"og:locale\" content=\"es_ES\" \/>\n<meta property=\"og:type\" content=\"article\" \/>\n<meta property=\"og:title\" content=\"Con ausencia del PRI, Morena contin\u00faa tr\u00e1mite de reforma judicial - NOTICIAS\" \/>\n<meta property=\"og:description\" content=\"En abierto desacato a dos \u00f3rdenes judiciales, que obligan a suspender el debate y frena el env\u00edo del decreto a...\" \/>\n<meta property=\"og:url\" content=\"https:\/\/laredsocial-noticias.com\/wp\/con-ausencia-de-oposicion-morena-continua-tramite-de-reforma-judicial\/\" \/>\n<meta property=\"og:site_name\" content=\"NOTICIAS\" \/>\n<meta property=\"article:published_time\" content=\"2024-09-02T15:31:45+00:00\" \/>\n<meta property=\"article:modified_time\" content=\"2024-09-02T19:50:52+00:00\" \/>\n<meta name=\"author\" content=\"Editor en Jefe\" \/>\n<meta name=\"twitter:card\" content=\"summary_large_image\" \/>\n<meta name=\"twitter:label1\" content=\"Escrito por\" \/>\n\t<meta name=\"twitter:data1\" content=\"Editor en Jefe\" \/>\n\t<meta name=\"twitter:label2\" content=\"Tiempo de lectura\" \/>\n\t<meta name=\"twitter:data2\" content=\"3 minutos\" \/>\n<!-- \/ Yoast SEO plugin. -->","yoast_head_json":{"title":"Con ausencia del PRI, Morena contin\u00faa tr\u00e1mite de reforma judicial - NOTICIAS","robots":{"index":"index","follow":"follow","max-snippet":"max-snippet:-1","max-image-preview":"max-image-preview:large","max-video-preview":"max-video-preview:-1"},"canonical":"https:\/\/laredsocial-noticias.com\/wp\/con-ausencia-de-oposicion-morena-continua-tramite-de-reforma-judicial\/","og_locale":"es_ES","og_type":"article","og_title":"Con ausencia del PRI, Morena contin\u00faa tr\u00e1mite de reforma judicial - NOTICIAS","og_description":"En abierto desacato a dos \u00f3rdenes judiciales, que obligan a suspender el debate y frena el env\u00edo del decreto a...","og_url":"https:\/\/laredsocial-noticias.com\/wp\/con-ausencia-de-oposicion-morena-continua-tramite-de-reforma-judicial\/","og_site_name":"NOTICIAS","article_published_time":"2024-09-02T15:31:45+00:00","article_modified_time":"2024-09-02T19:50:52+00:00","author":"Editor en Jefe","twitter_card":"summary_large_image","twitter_misc":{"Escrito por":"Editor en Jefe","Tiempo de lectura":"3 minutos"},"schema":{"@context":"https:\/\/schema.org","@graph":[{"@type":"WebPage","@id":"https:\/\/laredsocial-noticias.com\/wp\/con-ausencia-de-oposicion-morena-continua-tramite-de-reforma-judicial\/","url":"https:\/\/laredsocial-noticias.com\/wp\/con-ausencia-de-oposicion-morena-continua-tramite-de-reforma-judicial\/","name":"Con ausencia del PRI, Morena contin\u00faa tr\u00e1mite de reforma judicial - NOTICIAS","isPartOf":{"@id":"https:\/\/laredsocial-noticias.com\/wp\/#website"},"primaryImageOfPage":{"@id":"https:\/\/laredsocial-noticias.com\/wp\/con-ausencia-de-oposicion-morena-continua-tramite-de-reforma-judicial\/#primaryimage"},"image":{"@id":"https:\/\/laredsocial-noticias.com\/wp\/con-ausencia-de-oposicion-morena-continua-tramite-de-reforma-judicial\/#primaryimage"},"thumbnailUrl":"https:\/\/laredsocial-noticias.com\/wp\/wp-content\/uploads\/2024\/09\/2dbc4097-48f4-4081-916c-4e1481ad66b6.jpeg","datePublished":"2024-09-02T15:31:45+00:00","dateModified":"2024-09-02T19:50:52+00:00","author":{"@id":"https:\/\/laredsocial-noticias.com\/wp\/#\/schema\/person\/0ce78643f2de7aae6f6ef10e8453a6e0"},"breadcrumb":{"@id":"https:\/\/laredsocial-noticias.com\/wp\/con-ausencia-de-oposicion-morena-continua-tramite-de-reforma-judicial\/#breadcrumb"},"inLanguage":"es","potentialAction":[{"@type":"ReadAction","target":["https:\/\/laredsocial-noticias.com\/wp\/con-ausencia-de-oposicion-morena-continua-tramite-de-reforma-judicial\/"]}]},{"@type":"ImageObject","inLanguage":"es","@id":"https:\/\/laredsocial-noticias.com\/wp\/con-ausencia-de-oposicion-morena-continua-tramite-de-reforma-judicial\/#primaryimage","url":"","contentUrl":""},{"@type":"BreadcrumbList","@id":"https:\/\/laredsocial-noticias.com\/wp\/con-ausencia-de-oposicion-morena-continua-tramite-de-reforma-judicial\/#breadcrumb","itemListElement":[{"@type":"ListItem","position":1,"name":"Portada","item":"https:\/\/laredsocial-noticias.com\/wp\/"},{"@type":"ListItem","position":2,"name":"Con ausencia del PRI, Morena contin\u00faa tr\u00e1mite de reforma judicial"}]},{"@type":"WebSite","@id":"https:\/\/laredsocial-noticias.com\/wp\/#website","url":"https:\/\/laredsocial-noticias.com\/wp\/","name":"NOTICIAS","description":"Lo que se ve y se dice en las redes sociales","potentialAction":[{"@type":"SearchAction","target":{"@type":"EntryPoint","urlTemplate":"https:\/\/laredsocial-noticias.com\/wp\/?s={search_term_string}"},"query-input":{"@type":"PropertyValueSpecification","valueRequired":true,"valueName":"search_term_string"}}],"inLanguage":"es"},{"@type":"Person","@id":"https:\/\/laredsocial-noticias.com\/wp\/#\/schema\/person\/0ce78643f2de7aae6f6ef10e8453a6e0","name":"Editor en Jefe","url":"https:\/\/laredsocial-noticias.com\/wp\/author\/jorgeochoa\/"}]}},"_links":{"self":[{"href":"https:\/\/laredsocial-noticias.com\/wp\/wp-json\/wp\/v2\/posts\/230536","targetHints":{"allow":["GET"]}}],"collection":[{"href":"https:\/\/laredsocial-noticias.com\/wp\/wp-json\/wp\/v2\/posts"}],"about":[{"href":"https:\/\/laredsocial-noticias.com\/wp\/wp-json\/wp\/v2\/types\/post"}],"author":[{"embeddable":true,"href":"https:\/\/laredsocial-noticias.com\/wp\/wp-json\/wp\/v2\/users\/1"}],"replies":[{"embeddable":true,"href":"https:\/\/laredsocial-noticias.com\/wp\/wp-json\/wp\/v2\/comments?post=230536"}],"version-history":[{"count":0,"href":"https:\/\/laredsocial-noticias.com\/wp\/wp-json\/wp\/v2\/posts\/230536\/revisions"}],"wp:attachment":[{"href":"https:\/\/laredsocial-noticias.com\/wp\/wp-json\/wp\/v2\/media?parent=230536"}],"wp:term":[{"taxonomy":"category","embeddable":true,"href":"https:\/\/laredsocial-noticias.com\/wp\/wp-json\/wp\/v2\/categories?post=230536"},{"taxonomy":"post_tag","embeddable":true,"href":"https:\/\/laredsocial-noticias.com\/wp\/wp-json\/wp\/v2\/tags?post=230536"}],"curies":[{"name":"wp","href":"https:\/\/api.w.org\/{rel}","templated":true}]}}