{"id":230608,"date":"2024-09-02T18:42:06","date_gmt":"2024-09-03T00:42:06","guid":{"rendered":"https:\/\/laredsocial-noticias.com\/wp\/?p=230608"},"modified":"2024-09-02T18:42:15","modified_gmt":"2024-09-03T00:42:15","slug":"apoyan-concejales-morenistas-a-monreal","status":"publish","type":"post","link":"https:\/\/laredsocial-noticias.com\/wp\/apoyan-concejales-morenistas-a-monreal\/","title":{"rendered":"Apoyan concejales morenistas a Monreal"},"content":{"rendered":"<p>Los concejales morenistas en funci\u00f3n y electos que apoyan a Catalina Monreal solicitaron que se suspendan las mesas de transici\u00f3n en la alcald\u00eda Cuauht\u00e9moc, una vez que el fin de semana el Tribunal Electoral de la Ciudad de M\u00e9xico anul\u00f3 la elecci\u00f3n por presunta violencia pol\u00edtica en raz\u00f3n de g\u00e9nero.<\/p>\n<p>En conferencia de prensa, Alva Ordaz, concejal morenista en funciones, indic\u00f3 que las autoridades de la demarcaci\u00f3n deben esperar a que las autoridades correspondientes designen la ruta jur\u00eddica y electoral a seguir.<\/p>\n<p>\u201cQueremos dejarle claro a las y los habitantes de la alcald\u00eda Cuauht\u00e9moc que en ning\u00fan momento se detendr\u00e1 el trabajo de la administraci\u00f3n p\u00fablica\u201d, se\u00f1al\u00f3.<\/p>\n<p>Los concejales dijeron que en el pasado proceso electoral hubo irregularidades que favorecieron a la abanderada de los partidos de oposici\u00f3n.<\/p>\n<p>Dijeron que Monreal s\u00f3lo est\u00e1 defendiendo sus derechos pol\u00edticos electorales y las autoridades electorales locales le han dado la raz\u00f3n.<\/p>\n<p>En las escalinatas de la sede de la alcald\u00eda Cuauht\u00e9moc, reafirmaron su lealtad y confiaron en que el proceso electoral ser\u00e1 repuesto.<\/p>\n","protected":false},"excerpt":{"rendered":"<p>Los concejales morenistas en funci\u00f3n y electos que apoyan a Catalina Monreal solicitaron que se suspendan las mesas de transici\u00f3n&#8230;<\/p>\n","protected":false},"author":1,"featured_media":0,"comment_status":"open","ping_status":"closed","sticky":false,"template":"","format":"standard","meta":{"footnotes":""},"categories":[2801],"tags":[],"class_list":["post-230608","post","type-post","status-publish","format-standard","hentry","category-politica"],"yoast_head":"<!-- This site is optimized with the Yoast SEO plugin v26.5 - https:\/\/yoast.com\/wordpress\/plugins\/seo\/ -->\n<title>Apoyan concejales morenistas a Monreal - NOTICIAS<\/title>\n<meta name=\"robots\" content=\"index, follow, max-snippet:-1, max-image-preview:large, max-video-preview:-1\" \/>\n<link rel=\"canonical\" href=\"https:\/\/laredsocial-noticias.com\/wp\/apoyan-concejales-morenistas-a-monreal\/\" \/>\n<meta property=\"og:locale\" content=\"es_ES\" \/>\n<meta property=\"og:type\" content=\"article\" \/>\n<meta property=\"og:title\" content=\"Apoyan concejales morenistas a Monreal - NOTICIAS\" \/>\n<meta property=\"og:description\" content=\"Los concejales morenistas en funci\u00f3n y electos que apoyan a Catalina Monreal solicitaron que se suspendan las mesas de transici\u00f3n...\" \/>\n<meta property=\"og:url\" content=\"https:\/\/laredsocial-noticias.com\/wp\/apoyan-concejales-morenistas-a-monreal\/\" \/>\n<meta property=\"og:site_name\" content=\"NOTICIAS\" \/>\n<meta property=\"article:published_time\" content=\"2024-09-03T00:42:06+00:00\" \/>\n<meta property=\"article:modified_time\" content=\"2024-09-03T00:42:15+00:00\" \/>\n<meta name=\"author\" content=\"Editor en Jefe\" \/>\n<meta name=\"twitter:card\" content=\"summary_large_image\" \/>\n<meta name=\"twitter:label1\" content=\"Escrito por\" \/>\n\t<meta name=\"twitter:data1\" content=\"Editor en Jefe\" \/>\n\t<meta name=\"twitter:label2\" content=\"Tiempo de lectura\" \/>\n\t<meta name=\"twitter:data2\" content=\"1 minuto\" \/>\n<!-- \/ Yoast SEO plugin. -->","yoast_head_json":{"title":"Apoyan concejales morenistas a Monreal - NOTICIAS","robots":{"index":"index","follow":"follow","max-snippet":"max-snippet:-1","max-image-preview":"max-image-preview:large","max-video-preview":"max-video-preview:-1"},"canonical":"https:\/\/laredsocial-noticias.com\/wp\/apoyan-concejales-morenistas-a-monreal\/","og_locale":"es_ES","og_type":"article","og_title":"Apoyan concejales morenistas a Monreal - NOTICIAS","og_description":"Los concejales morenistas en funci\u00f3n y electos que apoyan a Catalina Monreal solicitaron que se suspendan las mesas de transici\u00f3n...","og_url":"https:\/\/laredsocial-noticias.com\/wp\/apoyan-concejales-morenistas-a-monreal\/","og_site_name":"NOTICIAS","article_published_time":"2024-09-03T00:42:06+00:00","article_modified_time":"2024-09-03T00:42:15+00:00","author":"Editor en Jefe","twitter_card":"summary_large_image","twitter_misc":{"Escrito por":"Editor en Jefe","Tiempo de lectura":"1 minuto"},"schema":{"@context":"https:\/\/schema.org","@graph":[{"@type":"WebPage","@id":"https:\/\/laredsocial-noticias.com\/wp\/apoyan-concejales-morenistas-a-monreal\/","url":"https:\/\/laredsocial-noticias.com\/wp\/apoyan-concejales-morenistas-a-monreal\/","name":"Apoyan concejales morenistas a Monreal - NOTICIAS","isPartOf":{"@id":"https:\/\/laredsocial-noticias.com\/wp\/#website"},"datePublished":"2024-09-03T00:42:06+00:00","dateModified":"2024-09-03T00:42:15+00:00","author":{"@id":"https:\/\/laredsocial-noticias.com\/wp\/#\/schema\/person\/0ce78643f2de7aae6f6ef10e8453a6e0"},"breadcrumb":{"@id":"https:\/\/laredsocial-noticias.com\/wp\/apoyan-concejales-morenistas-a-monreal\/#breadcrumb"},"inLanguage":"es","potentialAction":[{"@type":"ReadAction","target":["https:\/\/laredsocial-noticias.com\/wp\/apoyan-concejales-morenistas-a-monreal\/"]}]},{"@type":"BreadcrumbList","@id":"https:\/\/laredsocial-noticias.com\/wp\/apoyan-concejales-morenistas-a-monreal\/#breadcrumb","itemListElement":[{"@type":"ListItem","position":1,"name":"Portada","item":"https:\/\/laredsocial-noticias.com\/wp\/"},{"@type":"ListItem","position":2,"name":"Apoyan concejales morenistas a Monreal"}]},{"@type":"WebSite","@id":"https:\/\/laredsocial-noticias.com\/wp\/#website","url":"https:\/\/laredsocial-noticias.com\/wp\/","name":"NOTICIAS","description":"Lo que se ve y se dice en las redes sociales","potentialAction":[{"@type":"SearchAction","target":{"@type":"EntryPoint","urlTemplate":"https:\/\/laredsocial-noticias.com\/wp\/?s={search_term_string}"},"query-input":{"@type":"PropertyValueSpecification","valueRequired":true,"valueName":"search_term_string"}}],"inLanguage":"es"},{"@type":"Person","@id":"https:\/\/laredsocial-noticias.com\/wp\/#\/schema\/person\/0ce78643f2de7aae6f6ef10e8453a6e0","name":"Editor en Jefe","url":"https:\/\/laredsocial-noticias.com\/wp\/author\/jorgeochoa\/"}]}},"_links":{"self":[{"href":"https:\/\/laredsocial-noticias.com\/wp\/wp-json\/wp\/v2\/posts\/230608","targetHints":{"allow":["GET"]}}],"collection":[{"href":"https:\/\/laredsocial-noticias.com\/wp\/wp-json\/wp\/v2\/posts"}],"about":[{"href":"https:\/\/laredsocial-noticias.com\/wp\/wp-json\/wp\/v2\/types\/post"}],"author":[{"embeddable":true,"href":"https:\/\/laredsocial-noticias.com\/wp\/wp-json\/wp\/v2\/users\/1"}],"replies":[{"embeddable":true,"href":"https:\/\/laredsocial-noticias.com\/wp\/wp-json\/wp\/v2\/comments?post=230608"}],"version-history":[{"count":1,"href":"https:\/\/laredsocial-noticias.com\/wp\/wp-json\/wp\/v2\/posts\/230608\/revisions"}],"predecessor-version":[{"id":230609,"href":"https:\/\/laredsocial-noticias.com\/wp\/wp-json\/wp\/v2\/posts\/230608\/revisions\/230609"}],"wp:attachment":[{"href":"https:\/\/laredsocial-noticias.com\/wp\/wp-json\/wp\/v2\/media?parent=230608"}],"wp:term":[{"taxonomy":"category","embeddable":true,"href":"https:\/\/laredsocial-noticias.com\/wp\/wp-json\/wp\/v2\/categories?post=230608"},{"taxonomy":"post_tag","embeddable":true,"href":"https:\/\/laredsocial-noticias.com\/wp\/wp-json\/wp\/v2\/tags?post=230608"}],"curies":[{"name":"wp","href":"https:\/\/api.w.org\/{rel}","templated":true}]}}