{"id":230876,"date":"2024-09-05T19:54:04","date_gmt":"2024-09-06T01:54:04","guid":{"rendered":"https:\/\/laredsocial-noticias.com\/wp\/?p=230876"},"modified":"2024-09-05T19:56:08","modified_gmt":"2024-09-06T01:56:08","slug":"si-esta-en-riesgo-tu-casa-y-propiedades-en-cdmx","status":"publish","type":"post","link":"https:\/\/laredsocial-noticias.com\/wp\/si-esta-en-riesgo-tu-casa-y-propiedades-en-cdmx\/","title":{"rendered":"S\u00ed est\u00e1 en riesgo tu casa y propiedades en CDMX"},"content":{"rendered":"<div class=\"wp-block-image\">\n<figure class=\"alignleft size-full is-resized\"><img decoding=\"async\" src=\"https:\/\/laredsocial-noticias.com\/wp\/wp-content\/uploads\/2024\/09\/035n2cap-1.jpg\" alt=\"\" class=\"wp-image-230768\" style=\"width:297px;height:auto\"\/><\/figure>\n<\/div>\n\n\n<p><strong>Olga Lidia Trevi\u00f1o Berrones<\/strong>, magistrada adscrita al Cuarto Tribunal Colegiado Auxiliar de la Primera Regi\u00f3n con residencia en la CDMX, asever\u00f3 que&nbsp;<strong>s\u00ed est\u00e1 en riesgo<\/strong>&nbsp;la&nbsp;<strong>propiedad privada<\/strong>&nbsp;en la&nbsp;<strong>Ciudad de M\u00e9xico&nbsp;<\/strong>tras la&nbsp;<a href=\"https:\/\/lopezdoriga.com\/nacional\/gobierno-de-la-cdmx-emite-decreto-en-materia-de-propiedad-privada-publica-y-social\/\" target=\"_blank\" rel=\"noreferrer noopener\"><strong>modificaci\u00f3n<\/strong>&nbsp;al&nbsp;<strong>art\u00edculo 3<\/strong><\/a>&nbsp;de la&nbsp;<strong>Constituci\u00f3n capitalina<\/strong>, iniciativa enviada por el jefe de Gobierno&nbsp;<strong>Mart\u00ed Batres<\/strong>&nbsp;y aprobada por el Congreso local.<\/p>\n\n\n\n<p>En entrevista con\u00a0<a href=\"https:\/\/lopezdoriga.com\/nacional\/propiedad-privada-cdmx-si-esta-riesgo-cambios-batres-constitucion-local-magistrada-olga-trevino\/\"><strong>Joaqu\u00edn L\u00f3pez-D\u00f3riga<\/strong>\u00a0para su espacio en\u00a0<strong>Radio F\u00f3rmula<\/strong><\/a>, Trevi\u00f1o Berrones explic\u00f3 que todo depende de la interpretaci\u00f3n que el Gobierno capitalino le pretenda dar a los cambios.<\/p>\n\n\n\n<p>\u201cTenemos que partir de algo muy importante,: la iniciativa que present\u00f3 Mart\u00ed Batres&nbsp; fue en el sentido de que \u00e9l&nbsp; quer\u00eda que la redacci\u00f3n del art\u00edculo Tercero fuera \u2018propiedad p\u00fablica y social\u2019, \u00e9l quer\u00eda eliminar la palabra \u2018privada\u2019 pero que quedara asentada \u2018p\u00fablica y social&#8217;\u201d, indic\u00f3.<\/p>\n\n\n\n<p>\u201cSin embargo, de acuerdo a las otras bancadas, no le permitieron esta iniciativa en esos t\u00e9rminos, y \u00fanicamente qued\u00f3 eliminada la palabra \u2018privada\u2019 y diciendo que tiene que ser \u2018en los t\u00e9rminos previstos e el art\u00edculo 27 de la Carta Magna&#8217;\u201d, subray\u00f3.<\/p>\n\n\n\n<p>\u201cLo m\u00e1s complicado de esto no es la redacci\u00f3n sino la interpretaci\u00f3n que le est\u00e1n dando y lo que ellos quer\u00edan desde un inicio con esa presentaci\u00f3n de la iniciativa. Ahorita est\u00e1n diciendo que lo hicieron porque la interpretaci\u00f3n que le puede dar el Poder Judicial es lo complicado, aqu\u00ed lo que tenemos que ver es la interpretaci\u00f3n que ellos le van a dar, para eso el Poder Judicial tiene que ser independiente e imparcial, que es lo que ahorita estamos en un riesgo latente en esta reforma\u201d,subray\u00f3.<\/p>\n\n\n\n<blockquote class=\"wp-block-quote is-layout-flow wp-block-quote-is-layout-flow\">\n<p>El riesgo que corren todos los ciudadanos de la CDXM es la interpretaci\u00f3n que ellos le van a estar dando, porque si ellos quieren hacer una determinaci\u00f3n para hacer una protecci\u00f3n de propiedad social, ellos la van a poder hacer. As\u00ed de plano\u201d, subray\u00f3.<\/p>\n<\/blockquote>\n","protected":false},"excerpt":{"rendered":"<p>Olga Lidia Trevi\u00f1o Berrones, magistrada adscrita al Cuarto Tribunal Colegiado Auxiliar de la Primera Regi\u00f3n con residencia en la CDMX,&#8230;<\/p>\n","protected":false},"author":1,"featured_media":0,"comment_status":"closed","ping_status":"closed","sticky":false,"template":"","format":"standard","meta":{"footnotes":""},"categories":[91,10900],"tags":[],"class_list":["post-230876","post","type-post","status-publish","format-standard","hentry","category-cdmx","category-congreso-cdmx"],"yoast_head":"<!-- This site is optimized with the Yoast SEO plugin v26.5 - https:\/\/yoast.com\/wordpress\/plugins\/seo\/ -->\n<title>S\u00ed est\u00e1 en riesgo tu casa y propiedades en CDMX - NOTICIAS<\/title>\n<meta name=\"robots\" content=\"index, follow, max-snippet:-1, max-image-preview:large, max-video-preview:-1\" \/>\n<link rel=\"canonical\" href=\"https:\/\/laredsocial-noticias.com\/wp\/si-esta-en-riesgo-tu-casa-y-propiedades-en-cdmx\/\" \/>\n<meta property=\"og:locale\" content=\"es_ES\" \/>\n<meta property=\"og:type\" content=\"article\" \/>\n<meta property=\"og:title\" content=\"S\u00ed est\u00e1 en riesgo tu casa y propiedades en CDMX - NOTICIAS\" \/>\n<meta property=\"og:description\" content=\"Olga Lidia Trevi\u00f1o Berrones, magistrada adscrita al Cuarto Tribunal Colegiado Auxiliar de la Primera Regi\u00f3n con residencia en la CDMX,...\" \/>\n<meta property=\"og:url\" content=\"https:\/\/laredsocial-noticias.com\/wp\/si-esta-en-riesgo-tu-casa-y-propiedades-en-cdmx\/\" \/>\n<meta property=\"og:site_name\" content=\"NOTICIAS\" \/>\n<meta property=\"article:published_time\" content=\"2024-09-06T01:54:04+00:00\" \/>\n<meta property=\"article:modified_time\" content=\"2024-09-06T01:56:08+00:00\" \/>\n<meta property=\"og:image\" content=\"https:\/\/laredsocial-noticias.com\/wp\/wp-content\/uploads\/2024\/09\/035n2cap-1.jpg\" \/>\n<meta name=\"author\" content=\"Editor en Jefe\" \/>\n<meta name=\"twitter:card\" content=\"summary_large_image\" \/>\n<meta name=\"twitter:label1\" content=\"Escrito por\" \/>\n\t<meta name=\"twitter:data1\" content=\"Editor en Jefe\" \/>\n\t<meta name=\"twitter:label2\" content=\"Tiempo de lectura\" \/>\n\t<meta name=\"twitter:data2\" content=\"2 minutos\" \/>\n<!-- \/ Yoast SEO plugin. -->","yoast_head_json":{"title":"S\u00ed est\u00e1 en riesgo tu casa y propiedades en CDMX - NOTICIAS","robots":{"index":"index","follow":"follow","max-snippet":"max-snippet:-1","max-image-preview":"max-image-preview:large","max-video-preview":"max-video-preview:-1"},"canonical":"https:\/\/laredsocial-noticias.com\/wp\/si-esta-en-riesgo-tu-casa-y-propiedades-en-cdmx\/","og_locale":"es_ES","og_type":"article","og_title":"S\u00ed est\u00e1 en riesgo tu casa y propiedades en CDMX - NOTICIAS","og_description":"Olga Lidia Trevi\u00f1o Berrones, magistrada adscrita al Cuarto Tribunal Colegiado Auxiliar de la Primera Regi\u00f3n con residencia en la CDMX,...","og_url":"https:\/\/laredsocial-noticias.com\/wp\/si-esta-en-riesgo-tu-casa-y-propiedades-en-cdmx\/","og_site_name":"NOTICIAS","article_published_time":"2024-09-06T01:54:04+00:00","article_modified_time":"2024-09-06T01:56:08+00:00","og_image":[{"url":"https:\/\/laredsocial-noticias.com\/wp\/wp-content\/uploads\/2024\/09\/035n2cap-1.jpg","type":"","width":"","height":""}],"author":"Editor en Jefe","twitter_card":"summary_large_image","twitter_misc":{"Escrito por":"Editor en Jefe","Tiempo de lectura":"2 minutos"},"schema":{"@context":"https:\/\/schema.org","@graph":[{"@type":"WebPage","@id":"https:\/\/laredsocial-noticias.com\/wp\/si-esta-en-riesgo-tu-casa-y-propiedades-en-cdmx\/","url":"https:\/\/laredsocial-noticias.com\/wp\/si-esta-en-riesgo-tu-casa-y-propiedades-en-cdmx\/","name":"S\u00ed est\u00e1 en riesgo tu casa y propiedades en CDMX - NOTICIAS","isPartOf":{"@id":"https:\/\/laredsocial-noticias.com\/wp\/#website"},"primaryImageOfPage":{"@id":"https:\/\/laredsocial-noticias.com\/wp\/si-esta-en-riesgo-tu-casa-y-propiedades-en-cdmx\/#primaryimage"},"image":{"@id":"https:\/\/laredsocial-noticias.com\/wp\/si-esta-en-riesgo-tu-casa-y-propiedades-en-cdmx\/#primaryimage"},"thumbnailUrl":"https:\/\/laredsocial-noticias.com\/wp\/wp-content\/uploads\/2024\/09\/035n2cap-1.jpg","datePublished":"2024-09-06T01:54:04+00:00","dateModified":"2024-09-06T01:56:08+00:00","author":{"@id":"https:\/\/laredsocial-noticias.com\/wp\/#\/schema\/person\/0ce78643f2de7aae6f6ef10e8453a6e0"},"breadcrumb":{"@id":"https:\/\/laredsocial-noticias.com\/wp\/si-esta-en-riesgo-tu-casa-y-propiedades-en-cdmx\/#breadcrumb"},"inLanguage":"es","potentialAction":[{"@type":"ReadAction","target":["https:\/\/laredsocial-noticias.com\/wp\/si-esta-en-riesgo-tu-casa-y-propiedades-en-cdmx\/"]}]},{"@type":"ImageObject","inLanguage":"es","@id":"https:\/\/laredsocial-noticias.com\/wp\/si-esta-en-riesgo-tu-casa-y-propiedades-en-cdmx\/#primaryimage","url":"","contentUrl":""},{"@type":"BreadcrumbList","@id":"https:\/\/laredsocial-noticias.com\/wp\/si-esta-en-riesgo-tu-casa-y-propiedades-en-cdmx\/#breadcrumb","itemListElement":[{"@type":"ListItem","position":1,"name":"Portada","item":"https:\/\/laredsocial-noticias.com\/wp\/"},{"@type":"ListItem","position":2,"name":"S\u00ed est\u00e1 en riesgo tu casa y propiedades en CDMX"}]},{"@type":"WebSite","@id":"https:\/\/laredsocial-noticias.com\/wp\/#website","url":"https:\/\/laredsocial-noticias.com\/wp\/","name":"NOTICIAS","description":"Lo que se ve y se dice en las redes sociales","potentialAction":[{"@type":"SearchAction","target":{"@type":"EntryPoint","urlTemplate":"https:\/\/laredsocial-noticias.com\/wp\/?s={search_term_string}"},"query-input":{"@type":"PropertyValueSpecification","valueRequired":true,"valueName":"search_term_string"}}],"inLanguage":"es"},{"@type":"Person","@id":"https:\/\/laredsocial-noticias.com\/wp\/#\/schema\/person\/0ce78643f2de7aae6f6ef10e8453a6e0","name":"Editor en Jefe","url":"https:\/\/laredsocial-noticias.com\/wp\/author\/jorgeochoa\/"}]}},"_links":{"self":[{"href":"https:\/\/laredsocial-noticias.com\/wp\/wp-json\/wp\/v2\/posts\/230876","targetHints":{"allow":["GET"]}}],"collection":[{"href":"https:\/\/laredsocial-noticias.com\/wp\/wp-json\/wp\/v2\/posts"}],"about":[{"href":"https:\/\/laredsocial-noticias.com\/wp\/wp-json\/wp\/v2\/types\/post"}],"author":[{"embeddable":true,"href":"https:\/\/laredsocial-noticias.com\/wp\/wp-json\/wp\/v2\/users\/1"}],"replies":[{"embeddable":true,"href":"https:\/\/laredsocial-noticias.com\/wp\/wp-json\/wp\/v2\/comments?post=230876"}],"version-history":[{"count":2,"href":"https:\/\/laredsocial-noticias.com\/wp\/wp-json\/wp\/v2\/posts\/230876\/revisions"}],"predecessor-version":[{"id":230878,"href":"https:\/\/laredsocial-noticias.com\/wp\/wp-json\/wp\/v2\/posts\/230876\/revisions\/230878"}],"wp:attachment":[{"href":"https:\/\/laredsocial-noticias.com\/wp\/wp-json\/wp\/v2\/media?parent=230876"}],"wp:term":[{"taxonomy":"category","embeddable":true,"href":"https:\/\/laredsocial-noticias.com\/wp\/wp-json\/wp\/v2\/categories?post=230876"},{"taxonomy":"post_tag","embeddable":true,"href":"https:\/\/laredsocial-noticias.com\/wp\/wp-json\/wp\/v2\/tags?post=230876"}],"curies":[{"name":"wp","href":"https:\/\/api.w.org\/{rel}","templated":true}]}}