{"id":231378,"date":"2024-09-12T12:30:17","date_gmt":"2024-09-12T18:30:17","guid":{"rendered":"https:\/\/laredsocial-noticias.com\/wp\/?p=231378"},"modified":"2024-09-12T13:38:58","modified_gmt":"2024-09-12T19:38:58","slug":"bloqueos-y-balaceras-siguen-en-sinaloa-dejan-sin-clases-a-4-municipios","status":"publish","type":"post","link":"https:\/\/laredsocial-noticias.com\/wp\/bloqueos-y-balaceras-siguen-en-sinaloa-dejan-sin-clases-a-4-municipios\/","title":{"rendered":"Bloqueos y balaceras siguen en Sinaloa: dejan sin clases a 4 municipios"},"content":{"rendered":"<p>La ciudad de\u00a0Culiac\u00e1n\u00a0y diversos puntos de Sinaloa, vivieron nuevamente una ola de violencia este mi\u00e9rcoles con\u00a0m\u00faltiples balaceras,\u00a0bloqueos\u00a0y\u00a0veh\u00edculos incendiados, que dejaron un saldo de\u00a0un muerto\u00a0y\u00a0varios heridos, seg\u00fan inform\u00f3 la Secretar\u00eda de Seguridad P\u00fablica de Sinaloa.<\/p>\n<p>Los hechos ocurrieron desde las primeras horas del 11 de septiembre, cuando se reportaron detonaciones de arma de fuego en el sector\u00a0Los \u00c1ngeles\u00a0y\u00a0otras zonas\u00a0al norte de la ciudad.<\/p>\n<p>En la\u00a0colonia 16 de Septiembre, fue hallado el\u00a0cuerpo sin vida de una persona, afuera de un veh\u00edculo en un domicilio. De acuerdo con las primeras diligencias, su muerte no fue derivada de un enfrentamiento.<\/p>\n<p>M\u00e1s tarde, en\u00a0Quil\u00e1, se registr\u00f3\u00a0un tiroteo\u00a0entre civiles armados, dejando dos heridos que fueron trasladados al Hospital de Eldorado, donde\u00a0uno falleci\u00f3 horas despu\u00e9s.<\/p>\n<div><\/div>\n<p>En otros incidentes, tres veh\u00edculos fueron incendiados en zonas como el\u00a0Libramiento Benito Ju\u00e1rez\u00a0y\u00a0Barrancos, lo que desat\u00f3\u00a0bloqueos\u00a0en puntos clave como\u00a0Quil\u00e1\u00a0y la maxipista\u00a0Culiac\u00e1n-Mazatl\u00e1n.<\/p>\n<p>De acuerdo con la SSP de Sinaloa, estos incidentes\u00a0fueron controlados\u00a0por bomberos con el apoyo de elementos del Ej\u00e9rcito y la Guardia Nacional.<\/p>\n<p>Durante el d\u00eda, elementos del Ej\u00e9rcito y la Guardia Nacional tambi\u00e9n fueron atacados en\u00a0Eldorado\u00a0y\u00a0San Ignacio, logrando asegurar veh\u00edculos blindados, armamento y equipo t\u00e1ctico.<\/p>\n<p>La ma\u00f1ana de este jueves 12 de septiembre, las autoridades contin\u00faan desplegando\u00a0operativos de seguridad\u00a0para restablecer la calma en la regi\u00f3n.<\/p>\n<h2 id=\"h-se-suspende-clases-este-jueves\" class=\"wp-block-heading\">Se suspende clases este jueves<\/h2>\n<p>Debido a la\u00a0jornada violenta que se vive desde el lunes\u00a0en\u00a0Sinaloa, el gobernador\u00a0Rub\u00e9n Rocha Moya, inform\u00f3 que se suspenden las actividades escolares en los municipios de\u00a0Culiac\u00e1n,\u00a0Elota,\u00a0Cosal\u00e1\u00a0y\u00a0San Ignacio, el d\u00eda de hoy\u00a012 de septiembre de 2024, en\u00a0todos los niveles y modalidades educativas.<\/p>\n","protected":false},"excerpt":{"rendered":"<p>La ciudad de\u00a0Culiac\u00e1n\u00a0y diversos puntos de Sinaloa, vivieron nuevamente una ola de violencia este mi\u00e9rcoles con\u00a0m\u00faltiples balaceras,\u00a0bloqueos\u00a0y\u00a0veh\u00edculos incendiados, que dejaron&#8230;<\/p>\n","protected":false},"author":1,"featured_media":0,"comment_status":"open","ping_status":"closed","sticky":false,"template":"","format":"standard","meta":{"footnotes":""},"categories":[2379,6026],"tags":[4959,77],"class_list":["post-231378","post","type-post","status-publish","format-standard","hentry","category-estados-2","category-portada","tag-featured","tag-principal"],"yoast_head":"<!-- This site is optimized with the Yoast SEO plugin v26.5 - https:\/\/yoast.com\/wordpress\/plugins\/seo\/ -->\n<title>Bloqueos y balaceras siguen en Sinaloa: dejan sin clases a 4 municipios - NOTICIAS<\/title>\n<meta name=\"robots\" content=\"index, follow, max-snippet:-1, max-image-preview:large, max-video-preview:-1\" \/>\n<link rel=\"canonical\" href=\"https:\/\/laredsocial-noticias.com\/wp\/bloqueos-y-balaceras-siguen-en-sinaloa-dejan-sin-clases-a-4-municipios\/\" \/>\n<meta property=\"og:locale\" content=\"es_ES\" \/>\n<meta property=\"og:type\" content=\"article\" \/>\n<meta property=\"og:title\" content=\"Bloqueos y balaceras siguen en Sinaloa: dejan sin clases a 4 municipios - NOTICIAS\" \/>\n<meta property=\"og:description\" content=\"La ciudad de\u00a0Culiac\u00e1n\u00a0y diversos puntos de Sinaloa, vivieron nuevamente una ola de violencia este mi\u00e9rcoles con\u00a0m\u00faltiples balaceras,\u00a0bloqueos\u00a0y\u00a0veh\u00edculos incendiados, que dejaron...\" \/>\n<meta property=\"og:url\" content=\"https:\/\/laredsocial-noticias.com\/wp\/bloqueos-y-balaceras-siguen-en-sinaloa-dejan-sin-clases-a-4-municipios\/\" \/>\n<meta property=\"og:site_name\" content=\"NOTICIAS\" \/>\n<meta property=\"article:published_time\" content=\"2024-09-12T18:30:17+00:00\" \/>\n<meta property=\"article:modified_time\" content=\"2024-09-12T19:38:58+00:00\" \/>\n<meta name=\"author\" content=\"Editor en Jefe\" \/>\n<meta name=\"twitter:card\" content=\"summary_large_image\" \/>\n<meta name=\"twitter:label1\" content=\"Escrito por\" \/>\n\t<meta name=\"twitter:data1\" content=\"Editor en Jefe\" \/>\n\t<meta name=\"twitter:label2\" content=\"Tiempo de lectura\" \/>\n\t<meta name=\"twitter:data2\" content=\"2 minutos\" \/>\n<!-- \/ Yoast SEO plugin. -->","yoast_head_json":{"title":"Bloqueos y balaceras siguen en Sinaloa: dejan sin clases a 4 municipios - NOTICIAS","robots":{"index":"index","follow":"follow","max-snippet":"max-snippet:-1","max-image-preview":"max-image-preview:large","max-video-preview":"max-video-preview:-1"},"canonical":"https:\/\/laredsocial-noticias.com\/wp\/bloqueos-y-balaceras-siguen-en-sinaloa-dejan-sin-clases-a-4-municipios\/","og_locale":"es_ES","og_type":"article","og_title":"Bloqueos y balaceras siguen en Sinaloa: dejan sin clases a 4 municipios - NOTICIAS","og_description":"La ciudad de\u00a0Culiac\u00e1n\u00a0y diversos puntos de Sinaloa, vivieron nuevamente una ola de violencia este mi\u00e9rcoles con\u00a0m\u00faltiples balaceras,\u00a0bloqueos\u00a0y\u00a0veh\u00edculos incendiados, que dejaron...","og_url":"https:\/\/laredsocial-noticias.com\/wp\/bloqueos-y-balaceras-siguen-en-sinaloa-dejan-sin-clases-a-4-municipios\/","og_site_name":"NOTICIAS","article_published_time":"2024-09-12T18:30:17+00:00","article_modified_time":"2024-09-12T19:38:58+00:00","author":"Editor en Jefe","twitter_card":"summary_large_image","twitter_misc":{"Escrito por":"Editor en Jefe","Tiempo de lectura":"2 minutos"},"schema":{"@context":"https:\/\/schema.org","@graph":[{"@type":"WebPage","@id":"https:\/\/laredsocial-noticias.com\/wp\/bloqueos-y-balaceras-siguen-en-sinaloa-dejan-sin-clases-a-4-municipios\/","url":"https:\/\/laredsocial-noticias.com\/wp\/bloqueos-y-balaceras-siguen-en-sinaloa-dejan-sin-clases-a-4-municipios\/","name":"Bloqueos y balaceras siguen en Sinaloa: dejan sin clases a 4 municipios - NOTICIAS","isPartOf":{"@id":"https:\/\/laredsocial-noticias.com\/wp\/#website"},"datePublished":"2024-09-12T18:30:17+00:00","dateModified":"2024-09-12T19:38:58+00:00","author":{"@id":"https:\/\/laredsocial-noticias.com\/wp\/#\/schema\/person\/0ce78643f2de7aae6f6ef10e8453a6e0"},"breadcrumb":{"@id":"https:\/\/laredsocial-noticias.com\/wp\/bloqueos-y-balaceras-siguen-en-sinaloa-dejan-sin-clases-a-4-municipios\/#breadcrumb"},"inLanguage":"es","potentialAction":[{"@type":"ReadAction","target":["https:\/\/laredsocial-noticias.com\/wp\/bloqueos-y-balaceras-siguen-en-sinaloa-dejan-sin-clases-a-4-municipios\/"]}]},{"@type":"BreadcrumbList","@id":"https:\/\/laredsocial-noticias.com\/wp\/bloqueos-y-balaceras-siguen-en-sinaloa-dejan-sin-clases-a-4-municipios\/#breadcrumb","itemListElement":[{"@type":"ListItem","position":1,"name":"Portada","item":"https:\/\/laredsocial-noticias.com\/wp\/"},{"@type":"ListItem","position":2,"name":"Bloqueos y balaceras siguen en Sinaloa: dejan sin clases a 4 municipios"}]},{"@type":"WebSite","@id":"https:\/\/laredsocial-noticias.com\/wp\/#website","url":"https:\/\/laredsocial-noticias.com\/wp\/","name":"NOTICIAS","description":"Lo que se ve y se dice en las redes sociales","potentialAction":[{"@type":"SearchAction","target":{"@type":"EntryPoint","urlTemplate":"https:\/\/laredsocial-noticias.com\/wp\/?s={search_term_string}"},"query-input":{"@type":"PropertyValueSpecification","valueRequired":true,"valueName":"search_term_string"}}],"inLanguage":"es"},{"@type":"Person","@id":"https:\/\/laredsocial-noticias.com\/wp\/#\/schema\/person\/0ce78643f2de7aae6f6ef10e8453a6e0","name":"Editor en Jefe","url":"https:\/\/laredsocial-noticias.com\/wp\/author\/jorgeochoa\/"}]}},"_links":{"self":[{"href":"https:\/\/laredsocial-noticias.com\/wp\/wp-json\/wp\/v2\/posts\/231378","targetHints":{"allow":["GET"]}}],"collection":[{"href":"https:\/\/laredsocial-noticias.com\/wp\/wp-json\/wp\/v2\/posts"}],"about":[{"href":"https:\/\/laredsocial-noticias.com\/wp\/wp-json\/wp\/v2\/types\/post"}],"author":[{"embeddable":true,"href":"https:\/\/laredsocial-noticias.com\/wp\/wp-json\/wp\/v2\/users\/1"}],"replies":[{"embeddable":true,"href":"https:\/\/laredsocial-noticias.com\/wp\/wp-json\/wp\/v2\/comments?post=231378"}],"version-history":[{"count":1,"href":"https:\/\/laredsocial-noticias.com\/wp\/wp-json\/wp\/v2\/posts\/231378\/revisions"}],"predecessor-version":[{"id":231379,"href":"https:\/\/laredsocial-noticias.com\/wp\/wp-json\/wp\/v2\/posts\/231378\/revisions\/231379"}],"wp:attachment":[{"href":"https:\/\/laredsocial-noticias.com\/wp\/wp-json\/wp\/v2\/media?parent=231378"}],"wp:term":[{"taxonomy":"category","embeddable":true,"href":"https:\/\/laredsocial-noticias.com\/wp\/wp-json\/wp\/v2\/categories?post=231378"},{"taxonomy":"post_tag","embeddable":true,"href":"https:\/\/laredsocial-noticias.com\/wp\/wp-json\/wp\/v2\/tags?post=231378"}],"curies":[{"name":"wp","href":"https:\/\/api.w.org\/{rel}","templated":true}]}}