{"id":231741,"date":"2024-09-17T18:00:40","date_gmt":"2024-09-18T00:00:40","guid":{"rendered":"https:\/\/laredsocial-noticias.com\/wp\/?p=231741"},"modified":"2024-09-17T20:47:41","modified_gmt":"2024-09-18T02:47:41","slug":"federacion-busca-acuerdo-para-operacion-de-uber-y-didi-en-el-aicm","status":"publish","type":"post","link":"https:\/\/laredsocial-noticias.com\/wp\/federacion-busca-acuerdo-para-operacion-de-uber-y-didi-en-el-aicm\/","title":{"rendered":"Federaci\u00f3n busca acuerdo para operaci\u00f3n de Uber y DiDi en el AICM"},"content":{"rendered":"<p>El secretario de Marina,\u00a0Rafael Ojeda, inform\u00f3 que el Gobierno Federal est\u00e1 en\u00a0negociaciones\u00a0para llegar a un acuerdo sobre la\u00a0operaci\u00f3n de taxis por aplicaci\u00f3n\u00a0en el Aeropuerto Internacional de la Ciudad de M\u00e9xico (AICM), luego de que\u00a0se prohibiera su servicio\u00a0en las terminales.<\/p>\n<blockquote class=\"wp-block-quote is-layout-flow wp-block-quote-is-layout-flow\"><p>\u201cVamos a tratar de llegar a un acuerdo, porque sabemos de la situaci\u00f3n, estamos buscando un t\u00e9rmino medio para ver la soluci\u00f3n. No nada m\u00e1s es en la Ciudad de M\u00e9xico\u201d, se\u00f1al\u00f3 Ojeda durante una conferencia de prensa de AMLO.<\/p><\/blockquote>\n<p>Cabe recordar que hace unos d\u00edas, el\u00a0AICM\u00a0anunci\u00f3 los\u00a0nuevos puntos de abordaje\u00a0autorizados para los taxis por aplicaci\u00f3n, aclarando que este tipo de servicio no puede recoger pasajeros en las\u00a0bah\u00edas de estacionamiento de las Terminales 1 y 2.<\/p>\n<div><\/div>\n<p>Ahora los pasajeros\u00a0deben caminar hasta un kil\u00f3metro\u00a0a puntos espec\u00edficos: en la\u00a0Terminal 1, sobre\u00a0Circuito Interior Bulevar Puerto A\u00e9reo, y en la\u00a0Terminal 2, sobre\u00a0Avenida Fuerza A\u00e9rea Mexicana.<\/p>\n<p>La medida no s\u00f3lo provoc\u00f3 la molestia de los conductores de apps,\u00a0sino de los propios usuarios, que criticaron\u00a0la larga distancia que ahora deben recorrer para abordar este servicio, especialmente para aquellos con equipaje voluminoso.<\/p>\n<p>De igual forma, las quejas tienen que ver con los\u00a0altos costos que manejan los taxis de base de los aeropuertos locales.<\/p>\n","protected":false},"excerpt":{"rendered":"<p>El secretario de Marina,\u00a0Rafael Ojeda, inform\u00f3 que el Gobierno Federal est\u00e1 en\u00a0negociaciones\u00a0para llegar a un acuerdo sobre la\u00a0operaci\u00f3n de taxis&#8230;<\/p>\n","protected":false},"author":1,"featured_media":0,"comment_status":"open","ping_status":"closed","sticky":false,"template":"","format":"standard","meta":{"footnotes":""},"categories":[78,6026],"tags":[4959,77],"class_list":["post-231741","post","type-post","status-publish","format-standard","hentry","category-nacional","category-portada","tag-featured","tag-principal"],"yoast_head":"<!-- This site is optimized with the Yoast SEO plugin v26.5 - https:\/\/yoast.com\/wordpress\/plugins\/seo\/ -->\n<title>Federaci\u00f3n busca acuerdo para operaci\u00f3n de Uber y DiDi en el AICM - NOTICIAS<\/title>\n<meta name=\"robots\" content=\"index, follow, max-snippet:-1, max-image-preview:large, max-video-preview:-1\" \/>\n<link rel=\"canonical\" href=\"https:\/\/laredsocial-noticias.com\/wp\/federacion-busca-acuerdo-para-operacion-de-uber-y-didi-en-el-aicm\/\" \/>\n<meta property=\"og:locale\" content=\"es_ES\" \/>\n<meta property=\"og:type\" content=\"article\" \/>\n<meta property=\"og:title\" content=\"Federaci\u00f3n busca acuerdo para operaci\u00f3n de Uber y DiDi en el AICM - NOTICIAS\" \/>\n<meta property=\"og:description\" content=\"El secretario de Marina,\u00a0Rafael Ojeda, inform\u00f3 que el Gobierno Federal est\u00e1 en\u00a0negociaciones\u00a0para llegar a un acuerdo sobre la\u00a0operaci\u00f3n de taxis...\" \/>\n<meta property=\"og:url\" content=\"https:\/\/laredsocial-noticias.com\/wp\/federacion-busca-acuerdo-para-operacion-de-uber-y-didi-en-el-aicm\/\" \/>\n<meta property=\"og:site_name\" content=\"NOTICIAS\" \/>\n<meta property=\"article:published_time\" content=\"2024-09-18T00:00:40+00:00\" \/>\n<meta property=\"article:modified_time\" content=\"2024-09-18T02:47:41+00:00\" \/>\n<meta name=\"author\" content=\"Editor en Jefe\" \/>\n<meta name=\"twitter:card\" content=\"summary_large_image\" \/>\n<meta name=\"twitter:label1\" content=\"Escrito por\" \/>\n\t<meta name=\"twitter:data1\" content=\"Editor en Jefe\" \/>\n\t<meta name=\"twitter:label2\" content=\"Tiempo de lectura\" \/>\n\t<meta name=\"twitter:data2\" content=\"1 minuto\" \/>\n<!-- \/ Yoast SEO plugin. -->","yoast_head_json":{"title":"Federaci\u00f3n busca acuerdo para operaci\u00f3n de Uber y DiDi en el AICM - NOTICIAS","robots":{"index":"index","follow":"follow","max-snippet":"max-snippet:-1","max-image-preview":"max-image-preview:large","max-video-preview":"max-video-preview:-1"},"canonical":"https:\/\/laredsocial-noticias.com\/wp\/federacion-busca-acuerdo-para-operacion-de-uber-y-didi-en-el-aicm\/","og_locale":"es_ES","og_type":"article","og_title":"Federaci\u00f3n busca acuerdo para operaci\u00f3n de Uber y DiDi en el AICM - NOTICIAS","og_description":"El secretario de Marina,\u00a0Rafael Ojeda, inform\u00f3 que el Gobierno Federal est\u00e1 en\u00a0negociaciones\u00a0para llegar a un acuerdo sobre la\u00a0operaci\u00f3n de taxis...","og_url":"https:\/\/laredsocial-noticias.com\/wp\/federacion-busca-acuerdo-para-operacion-de-uber-y-didi-en-el-aicm\/","og_site_name":"NOTICIAS","article_published_time":"2024-09-18T00:00:40+00:00","article_modified_time":"2024-09-18T02:47:41+00:00","author":"Editor en Jefe","twitter_card":"summary_large_image","twitter_misc":{"Escrito por":"Editor en Jefe","Tiempo de lectura":"1 minuto"},"schema":{"@context":"https:\/\/schema.org","@graph":[{"@type":"WebPage","@id":"https:\/\/laredsocial-noticias.com\/wp\/federacion-busca-acuerdo-para-operacion-de-uber-y-didi-en-el-aicm\/","url":"https:\/\/laredsocial-noticias.com\/wp\/federacion-busca-acuerdo-para-operacion-de-uber-y-didi-en-el-aicm\/","name":"Federaci\u00f3n busca acuerdo para operaci\u00f3n de Uber y DiDi en el AICM - NOTICIAS","isPartOf":{"@id":"https:\/\/laredsocial-noticias.com\/wp\/#website"},"datePublished":"2024-09-18T00:00:40+00:00","dateModified":"2024-09-18T02:47:41+00:00","author":{"@id":"https:\/\/laredsocial-noticias.com\/wp\/#\/schema\/person\/0ce78643f2de7aae6f6ef10e8453a6e0"},"breadcrumb":{"@id":"https:\/\/laredsocial-noticias.com\/wp\/federacion-busca-acuerdo-para-operacion-de-uber-y-didi-en-el-aicm\/#breadcrumb"},"inLanguage":"es","potentialAction":[{"@type":"ReadAction","target":["https:\/\/laredsocial-noticias.com\/wp\/federacion-busca-acuerdo-para-operacion-de-uber-y-didi-en-el-aicm\/"]}]},{"@type":"BreadcrumbList","@id":"https:\/\/laredsocial-noticias.com\/wp\/federacion-busca-acuerdo-para-operacion-de-uber-y-didi-en-el-aicm\/#breadcrumb","itemListElement":[{"@type":"ListItem","position":1,"name":"Portada","item":"https:\/\/laredsocial-noticias.com\/wp\/"},{"@type":"ListItem","position":2,"name":"Federaci\u00f3n busca acuerdo para operaci\u00f3n de Uber y DiDi en el AICM"}]},{"@type":"WebSite","@id":"https:\/\/laredsocial-noticias.com\/wp\/#website","url":"https:\/\/laredsocial-noticias.com\/wp\/","name":"NOTICIAS","description":"Lo que se ve y se dice en las redes sociales","potentialAction":[{"@type":"SearchAction","target":{"@type":"EntryPoint","urlTemplate":"https:\/\/laredsocial-noticias.com\/wp\/?s={search_term_string}"},"query-input":{"@type":"PropertyValueSpecification","valueRequired":true,"valueName":"search_term_string"}}],"inLanguage":"es"},{"@type":"Person","@id":"https:\/\/laredsocial-noticias.com\/wp\/#\/schema\/person\/0ce78643f2de7aae6f6ef10e8453a6e0","name":"Editor en Jefe","url":"https:\/\/laredsocial-noticias.com\/wp\/author\/jorgeochoa\/"}]}},"_links":{"self":[{"href":"https:\/\/laredsocial-noticias.com\/wp\/wp-json\/wp\/v2\/posts\/231741","targetHints":{"allow":["GET"]}}],"collection":[{"href":"https:\/\/laredsocial-noticias.com\/wp\/wp-json\/wp\/v2\/posts"}],"about":[{"href":"https:\/\/laredsocial-noticias.com\/wp\/wp-json\/wp\/v2\/types\/post"}],"author":[{"embeddable":true,"href":"https:\/\/laredsocial-noticias.com\/wp\/wp-json\/wp\/v2\/users\/1"}],"replies":[{"embeddable":true,"href":"https:\/\/laredsocial-noticias.com\/wp\/wp-json\/wp\/v2\/comments?post=231741"}],"version-history":[{"count":1,"href":"https:\/\/laredsocial-noticias.com\/wp\/wp-json\/wp\/v2\/posts\/231741\/revisions"}],"predecessor-version":[{"id":231742,"href":"https:\/\/laredsocial-noticias.com\/wp\/wp-json\/wp\/v2\/posts\/231741\/revisions\/231742"}],"wp:attachment":[{"href":"https:\/\/laredsocial-noticias.com\/wp\/wp-json\/wp\/v2\/media?parent=231741"}],"wp:term":[{"taxonomy":"category","embeddable":true,"href":"https:\/\/laredsocial-noticias.com\/wp\/wp-json\/wp\/v2\/categories?post=231741"},{"taxonomy":"post_tag","embeddable":true,"href":"https:\/\/laredsocial-noticias.com\/wp\/wp-json\/wp\/v2\/tags?post=231741"}],"curies":[{"name":"wp","href":"https:\/\/api.w.org\/{rel}","templated":true}]}}