{"id":23183,"date":"2016-08-18T14:29:25","date_gmt":"2016-08-18T19:29:25","guid":{"rendered":"http:\/\/laredsocial-noticias.com\/wp\/?p=23183"},"modified":"2016-08-18T14:29:34","modified_gmt":"2016-08-18T19:29:34","slug":"ciudad-de-mexico-fomenta-uso-del-temazcal-y-la-medicina-tradicional","status":"publish","type":"post","link":"https:\/\/laredsocial-noticias.com\/wp\/ciudad-de-mexico-fomenta-uso-del-temazcal-y-la-medicina-tradicional\/","title":{"rendered":"Ciudad de M\u00e9xico fomenta uso del temazcal y la medicina tradicional"},"content":{"rendered":"<p><strong>CIUDAD DE M\u00c9XICO, 18 de agosto, (CDMX MAGAC\u00cdN \/ C\u00cdRCULO DIGITAL).-\u00a0<\/strong>El uso del temazcal y la medicina tradicional son una opci\u00f3n para el tratamiento de algunos padecimientos y su pr\u00e1ctica se mantiene entre la poblaci\u00f3n, dicen autoridades del gobierno de la Ciudad de M\u00e9xico y especialistas en el tema.<\/p>\n<div class=\"desarrollo\">\n<p>En el encuentro de conocimientos y saberes ancestrales sobre el uso del temazcal, encabezado por la Secretar\u00eda de Desarrollo Rural y Equidad para las Comunidades (Sederec); curanderos, productores de plantas medicinales y de art\u00edculos naturistas, resaltaron la importancia de rescatar estas tradiciones.<\/p>\n<p>En el evento realizado en el Parque Ecotur\u00edstico Cuitl\u00e1huac, en la delegaci\u00f3n Iztapalapa, la directora General de Equidad para los Pueblos y Comunidades de la Sederec, Evangelina Hern\u00e1ndez, se\u00f1al\u00f3 que en la capital del pa\u00eds se tienen 31 Casas de Medicina Tradicional, seis de ellas, operar\u00e1n en los pr\u00f3ximos d\u00edas.<\/p>\n<p>Tras presenciar las danzas tradicionales, el sonar de tambores y quema de copal para saludar a los cuatro vientos y agradecer a los elementos de la tierra, la funcionaria coment\u00f3 que se trabaja en el fomento y fortalecimiento de la medicina tradicional y uso del temazcal, as\u00ed como en la capacitaci\u00f3n de las personas que se dedican a esta actividad.<\/p>\n<p>Ante danzantes, curanderos, productores de plantas medicinales y naturales, entreg\u00f3 diplomas a seis nuevos curanderos que instalar\u00e1n igual n\u00famero de casas de medicina tradicional en las delegaciones: \u00c1lvaro Obreg\u00f3n, Iztapalapa, Cuajimalpa, Gustavo A. Madero, Tlalpan y Xochimilco. De esta manera 14 delegaciones contar\u00e1n con este tipo de espacios.<\/p>\n<p>Evangelina Hern\u00e1ndez, quien recibi\u00f3 de manos de los curanderos, un \u201cpopochcomitl\u201d \u2013olla que humea- dijo que la medicina tradicional, es reconocida por diferentes instituciones y un complemento de la medicina al\u00f3pata.<\/p>\n<p>Que permite depurar las v\u00edas respiratorias y aparato digestivo; atender problemas \u00f3seos y musculares a trav\u00e9s del calor y uso curativo de diferentes plantas medicinales como: la india, pirul, romero, \u00e1rnica, zapoatla y otros.<\/p>\n<p>Contin\u00faa explicando, el temazcal es una opci\u00f3n para la atenci\u00f3n de casos de estr\u00e9s y tensi\u00f3n nerviosa, y puede ser un complemento para el tratamiento de adicciones, por ello la importancia de la capacitaci\u00f3n y preparaci\u00f3n de los m\u00e9dicos tradicionales, 30 de los cuales cursan el diplomado en medicina intercultural en las Universidades Aut\u00f3nomas de Morelos y Estado de M\u00e9xico, para mejor capacitaci\u00f3n.<\/p>\n<p>El responsable del Programa de Medicina Tradicional y Herbolaria de la Sederec, Fortunato P\u00e9rez, explic\u00f3 que las personas dedicadas a la medicina tradicional son capacitadas, como en el caso de productores de shampoos, jabones, cremas, quienes recientemente fueron certificados por la UNAM, tras un curso de buenas pr\u00e1cticas en control de calidad.<\/p>\n<p>En lo que se refiere a los curanderos, ellos toman un diplomado, para que est\u00e9n mejor capacitados para atender a la poblaci\u00f3n y participen en las diferentes jornadas m\u00e9dicas tradicionales que organiza la Sederec.<\/p>\n<p>Expuso que la dependencia local apoya a la instalaci\u00f3n de las casas tradicionales para la colocaci\u00f3n de camas de masaje, habilitaci\u00f3n del espacio, pintura, plantas medicinales, y otros.<\/p>\n<p>Al respecto, el investigador de la Universidad Aut\u00f3noma de Morelos, Salvador Aldama, destac\u00f3 la importancia que tiene el hecho de que gobiernos ayuden a fortalecer el uso de la medicina tradicional y del temazcal, t\u00e9cnica que ha ido en aumento entre la poblaci\u00f3n en los \u00faltimos a\u00f1os, puntualiz\u00f3.<\/p>\n<p>Record\u00f3 que de acuerdo a una encuesta telef\u00f3nica que en 2009 realiz\u00f3 en 20 ciudades mexicanas la Direcci\u00f3n de Medicina Tradicional de la Secretar\u00eda de Salud, se obtuvo como resultado que cuatro de cada 10 personas usan la terapia del temazcal.<\/p>\n<\/div>\n<p>&nbsp;<\/p>\n","protected":false},"excerpt":{"rendered":"<p>CIUDAD DE M\u00c9XICO, 18 de agosto, (CDMX MAGAC\u00cdN \/ C\u00cdRCULO DIGITAL).-\u00a0El uso del temazcal y la medicina tradicional son una&#8230;<\/p>\n","protected":false},"author":1,"featured_media":0,"comment_status":"closed","ping_status":"closed","sticky":false,"template":"","format":"standard","meta":{"footnotes":""},"categories":[91,1796,73],"tags":[261,212,77],"class_list":["post-23183","post","type-post","status-publish","format-standard","hentry","category-cdmx","category-circulodigital","category-principal","tag-cdmx","tag-metropoli","tag-principal"],"yoast_head":"<!-- This site is optimized with the Yoast SEO plugin v26.5 - https:\/\/yoast.com\/wordpress\/plugins\/seo\/ -->\n<title>Ciudad de M\u00e9xico fomenta uso del temazcal y la medicina tradicional - NOTICIAS<\/title>\n<meta name=\"robots\" content=\"index, follow, max-snippet:-1, max-image-preview:large, max-video-preview:-1\" \/>\n<link rel=\"canonical\" href=\"https:\/\/laredsocial-noticias.com\/wp\/ciudad-de-mexico-fomenta-uso-del-temazcal-y-la-medicina-tradicional\/\" \/>\n<meta property=\"og:locale\" content=\"es_ES\" \/>\n<meta property=\"og:type\" content=\"article\" \/>\n<meta property=\"og:title\" content=\"Ciudad de M\u00e9xico fomenta uso del temazcal y la medicina tradicional - NOTICIAS\" \/>\n<meta property=\"og:description\" content=\"CIUDAD DE M\u00c9XICO, 18 de agosto, (CDMX MAGAC\u00cdN \/ C\u00cdRCULO DIGITAL).-\u00a0El uso del temazcal y la medicina tradicional son una...\" \/>\n<meta property=\"og:url\" content=\"https:\/\/laredsocial-noticias.com\/wp\/ciudad-de-mexico-fomenta-uso-del-temazcal-y-la-medicina-tradicional\/\" \/>\n<meta property=\"og:site_name\" content=\"NOTICIAS\" \/>\n<meta property=\"article:published_time\" content=\"2016-08-18T19:29:25+00:00\" \/>\n<meta property=\"article:modified_time\" content=\"2016-08-18T19:29:34+00:00\" \/>\n<meta property=\"og:image\" content=\"https:\/\/laredsocial-noticias.com\/wp\/wp-content\/uploads\/2016\/08\/Temazcal.jpg\" \/>\n\t<meta property=\"og:image:width\" content=\"540\" \/>\n\t<meta property=\"og:image:height\" content=\"355\" \/>\n\t<meta property=\"og:image:type\" content=\"image\/jpeg\" \/>\n<meta name=\"author\" content=\"Editor en Jefe\" \/>\n<meta name=\"twitter:card\" content=\"summary_large_image\" \/>\n<meta name=\"twitter:label1\" content=\"Escrito por\" \/>\n\t<meta name=\"twitter:data1\" content=\"Editor en Jefe\" \/>\n\t<meta name=\"twitter:label2\" content=\"Tiempo de lectura\" \/>\n\t<meta name=\"twitter:data2\" content=\"3 minutos\" \/>\n<!-- \/ Yoast SEO plugin. -->","yoast_head_json":{"title":"Ciudad de M\u00e9xico fomenta uso del temazcal y la medicina tradicional - NOTICIAS","robots":{"index":"index","follow":"follow","max-snippet":"max-snippet:-1","max-image-preview":"max-image-preview:large","max-video-preview":"max-video-preview:-1"},"canonical":"https:\/\/laredsocial-noticias.com\/wp\/ciudad-de-mexico-fomenta-uso-del-temazcal-y-la-medicina-tradicional\/","og_locale":"es_ES","og_type":"article","og_title":"Ciudad de M\u00e9xico fomenta uso del temazcal y la medicina tradicional - NOTICIAS","og_description":"CIUDAD DE M\u00c9XICO, 18 de agosto, (CDMX MAGAC\u00cdN \/ C\u00cdRCULO DIGITAL).-\u00a0El uso del temazcal y la medicina tradicional son una...","og_url":"https:\/\/laredsocial-noticias.com\/wp\/ciudad-de-mexico-fomenta-uso-del-temazcal-y-la-medicina-tradicional\/","og_site_name":"NOTICIAS","article_published_time":"2016-08-18T19:29:25+00:00","article_modified_time":"2016-08-18T19:29:34+00:00","og_image":[{"width":540,"height":355,"url":"https:\/\/laredsocial-noticias.com\/wp\/wp-content\/uploads\/2016\/08\/Temazcal.jpg","type":"image\/jpeg"}],"author":"Editor en Jefe","twitter_card":"summary_large_image","twitter_misc":{"Escrito por":"Editor en Jefe","Tiempo de lectura":"3 minutos"},"schema":{"@context":"https:\/\/schema.org","@graph":[{"@type":"WebPage","@id":"https:\/\/laredsocial-noticias.com\/wp\/ciudad-de-mexico-fomenta-uso-del-temazcal-y-la-medicina-tradicional\/","url":"https:\/\/laredsocial-noticias.com\/wp\/ciudad-de-mexico-fomenta-uso-del-temazcal-y-la-medicina-tradicional\/","name":"Ciudad de M\u00e9xico fomenta uso del temazcal y la medicina tradicional - NOTICIAS","isPartOf":{"@id":"https:\/\/laredsocial-noticias.com\/wp\/#website"},"datePublished":"2016-08-18T19:29:25+00:00","dateModified":"2016-08-18T19:29:34+00:00","author":{"@id":"https:\/\/laredsocial-noticias.com\/wp\/#\/schema\/person\/0ce78643f2de7aae6f6ef10e8453a6e0"},"breadcrumb":{"@id":"https:\/\/laredsocial-noticias.com\/wp\/ciudad-de-mexico-fomenta-uso-del-temazcal-y-la-medicina-tradicional\/#breadcrumb"},"inLanguage":"es","potentialAction":[{"@type":"ReadAction","target":["https:\/\/laredsocial-noticias.com\/wp\/ciudad-de-mexico-fomenta-uso-del-temazcal-y-la-medicina-tradicional\/"]}]},{"@type":"BreadcrumbList","@id":"https:\/\/laredsocial-noticias.com\/wp\/ciudad-de-mexico-fomenta-uso-del-temazcal-y-la-medicina-tradicional\/#breadcrumb","itemListElement":[{"@type":"ListItem","position":1,"name":"Portada","item":"https:\/\/laredsocial-noticias.com\/wp\/"},{"@type":"ListItem","position":2,"name":"Ciudad de M\u00e9xico fomenta uso del temazcal y la medicina tradicional"}]},{"@type":"WebSite","@id":"https:\/\/laredsocial-noticias.com\/wp\/#website","url":"https:\/\/laredsocial-noticias.com\/wp\/","name":"NOTICIAS","description":"Lo que se ve y se dice en las redes sociales","potentialAction":[{"@type":"SearchAction","target":{"@type":"EntryPoint","urlTemplate":"https:\/\/laredsocial-noticias.com\/wp\/?s={search_term_string}"},"query-input":{"@type":"PropertyValueSpecification","valueRequired":true,"valueName":"search_term_string"}}],"inLanguage":"es"},{"@type":"Person","@id":"https:\/\/laredsocial-noticias.com\/wp\/#\/schema\/person\/0ce78643f2de7aae6f6ef10e8453a6e0","name":"Editor en Jefe","url":"https:\/\/laredsocial-noticias.com\/wp\/author\/jorgeochoa\/"}]}},"_links":{"self":[{"href":"https:\/\/laredsocial-noticias.com\/wp\/wp-json\/wp\/v2\/posts\/23183","targetHints":{"allow":["GET"]}}],"collection":[{"href":"https:\/\/laredsocial-noticias.com\/wp\/wp-json\/wp\/v2\/posts"}],"about":[{"href":"https:\/\/laredsocial-noticias.com\/wp\/wp-json\/wp\/v2\/types\/post"}],"author":[{"embeddable":true,"href":"https:\/\/laredsocial-noticias.com\/wp\/wp-json\/wp\/v2\/users\/1"}],"replies":[{"embeddable":true,"href":"https:\/\/laredsocial-noticias.com\/wp\/wp-json\/wp\/v2\/comments?post=23183"}],"version-history":[{"count":1,"href":"https:\/\/laredsocial-noticias.com\/wp\/wp-json\/wp\/v2\/posts\/23183\/revisions"}],"predecessor-version":[{"id":23184,"href":"https:\/\/laredsocial-noticias.com\/wp\/wp-json\/wp\/v2\/posts\/23183\/revisions\/23184"}],"wp:attachment":[{"href":"https:\/\/laredsocial-noticias.com\/wp\/wp-json\/wp\/v2\/media?parent=23183"}],"wp:term":[{"taxonomy":"category","embeddable":true,"href":"https:\/\/laredsocial-noticias.com\/wp\/wp-json\/wp\/v2\/categories?post=23183"},{"taxonomy":"post_tag","embeddable":true,"href":"https:\/\/laredsocial-noticias.com\/wp\/wp-json\/wp\/v2\/tags?post=23183"}],"curies":[{"name":"wp","href":"https:\/\/api.w.org\/{rel}","templated":true}]}}