{"id":231952,"date":"2024-09-19T15:30:33","date_gmt":"2024-09-19T21:30:33","guid":{"rendered":"https:\/\/laredsocial-noticias.com\/wp\/?p=231952"},"modified":"2024-09-19T23:21:35","modified_gmt":"2024-09-20T05:21:35","slug":"sgirpc-detecta-323-puntos-de-riesgo-por-deslaves-en-la-cdmx","status":"publish","type":"post","link":"https:\/\/laredsocial-noticias.com\/wp\/sgirpc-detecta-323-puntos-de-riesgo-por-deslaves-en-la-cdmx\/","title":{"rendered":"SGIRPC detecta 323 puntos de riesgo por deslaves en la CDMX"},"content":{"rendered":"<p>La titular de la Secretar\u00eda de Gesti\u00f3n Integral de Riesgos y Protecci\u00f3n Civil, Myriam Urz\u00faa, inform\u00f3 que se han identificado 323 puntos con riesgo de deslaves en las partes altas de diversas alcald\u00edas de la Ciudad de M\u00e9xico, que est\u00e1n en alerta debido a las lluvias.<\/p>\n<p>Alcald\u00edas como Cuajimalpa, Magdalena Contreras, Tlalpan, \u00c1lvaro Obreg\u00f3n, Iztapalapa y Gustavo A. Madero son las m\u00e1s vulnerables ante los deslizamientos de tierra, especialmente por las intensas lluvias de la temporada.<\/p>\n<p>De igual forma, se han detectado 139 sitios con alta probabilidad de inundaciones, los cuales reciben atenci\u00f3n prioritaria durante precipitaciones severas.<\/p>\n<p>Urz\u00faa destac\u00f3 que desde que se implement\u00f3 el protocolo de limpieza y atenci\u00f3n en temporada de lluvias, se ha logrado una disminuci\u00f3n del 48% en los encharcamientos e inundaciones en comparaci\u00f3n con el periodo 2012-2018.<\/p>\n<p>La funcionaria habl\u00f3 en el marco del anuncio del simulacro de sismo programado para este jueves y record\u00f3 la importancia de la prevenci\u00f3n ante desastres naturales.<\/p>\n","protected":false},"excerpt":{"rendered":"<p>La titular de la Secretar\u00eda de Gesti\u00f3n Integral de Riesgos y Protecci\u00f3n Civil, Myriam Urz\u00faa, inform\u00f3 que se han identificado&#8230;<\/p>\n","protected":false},"author":1,"featured_media":0,"comment_status":"open","ping_status":"closed","sticky":false,"template":"","format":"standard","meta":{"footnotes":""},"categories":[91,6026],"tags":[261,1469,4959,77],"class_list":["post-231952","post","type-post","status-publish","format-standard","hentry","category-cdmx","category-portada","tag-cdmx","tag-ciudad-de-mexico","tag-featured","tag-principal"],"yoast_head":"<!-- This site is optimized with the Yoast SEO plugin v26.5 - https:\/\/yoast.com\/wordpress\/plugins\/seo\/ -->\n<title>SGIRPC detecta 323 puntos de riesgo por deslaves en la CDMX - NOTICIAS<\/title>\n<meta name=\"robots\" content=\"index, follow, max-snippet:-1, max-image-preview:large, max-video-preview:-1\" \/>\n<link rel=\"canonical\" href=\"https:\/\/laredsocial-noticias.com\/wp\/sgirpc-detecta-323-puntos-de-riesgo-por-deslaves-en-la-cdmx\/\" \/>\n<meta property=\"og:locale\" content=\"es_ES\" \/>\n<meta property=\"og:type\" content=\"article\" \/>\n<meta property=\"og:title\" content=\"SGIRPC detecta 323 puntos de riesgo por deslaves en la CDMX - NOTICIAS\" \/>\n<meta property=\"og:description\" content=\"La titular de la Secretar\u00eda de Gesti\u00f3n Integral de Riesgos y Protecci\u00f3n Civil, Myriam Urz\u00faa, inform\u00f3 que se han identificado...\" \/>\n<meta property=\"og:url\" content=\"https:\/\/laredsocial-noticias.com\/wp\/sgirpc-detecta-323-puntos-de-riesgo-por-deslaves-en-la-cdmx\/\" \/>\n<meta property=\"og:site_name\" content=\"NOTICIAS\" \/>\n<meta property=\"article:published_time\" content=\"2024-09-19T21:30:33+00:00\" \/>\n<meta property=\"article:modified_time\" content=\"2024-09-20T05:21:35+00:00\" \/>\n<meta name=\"author\" content=\"Editor en Jefe\" \/>\n<meta name=\"twitter:card\" content=\"summary_large_image\" \/>\n<meta name=\"twitter:label1\" content=\"Escrito por\" \/>\n\t<meta name=\"twitter:data1\" content=\"Editor en Jefe\" \/>\n\t<meta name=\"twitter:label2\" content=\"Tiempo de lectura\" \/>\n\t<meta name=\"twitter:data2\" content=\"1 minuto\" \/>\n<!-- \/ Yoast SEO plugin. -->","yoast_head_json":{"title":"SGIRPC detecta 323 puntos de riesgo por deslaves en la CDMX - NOTICIAS","robots":{"index":"index","follow":"follow","max-snippet":"max-snippet:-1","max-image-preview":"max-image-preview:large","max-video-preview":"max-video-preview:-1"},"canonical":"https:\/\/laredsocial-noticias.com\/wp\/sgirpc-detecta-323-puntos-de-riesgo-por-deslaves-en-la-cdmx\/","og_locale":"es_ES","og_type":"article","og_title":"SGIRPC detecta 323 puntos de riesgo por deslaves en la CDMX - NOTICIAS","og_description":"La titular de la Secretar\u00eda de Gesti\u00f3n Integral de Riesgos y Protecci\u00f3n Civil, Myriam Urz\u00faa, inform\u00f3 que se han identificado...","og_url":"https:\/\/laredsocial-noticias.com\/wp\/sgirpc-detecta-323-puntos-de-riesgo-por-deslaves-en-la-cdmx\/","og_site_name":"NOTICIAS","article_published_time":"2024-09-19T21:30:33+00:00","article_modified_time":"2024-09-20T05:21:35+00:00","author":"Editor en Jefe","twitter_card":"summary_large_image","twitter_misc":{"Escrito por":"Editor en Jefe","Tiempo de lectura":"1 minuto"},"schema":{"@context":"https:\/\/schema.org","@graph":[{"@type":"WebPage","@id":"https:\/\/laredsocial-noticias.com\/wp\/sgirpc-detecta-323-puntos-de-riesgo-por-deslaves-en-la-cdmx\/","url":"https:\/\/laredsocial-noticias.com\/wp\/sgirpc-detecta-323-puntos-de-riesgo-por-deslaves-en-la-cdmx\/","name":"SGIRPC detecta 323 puntos de riesgo por deslaves en la CDMX - NOTICIAS","isPartOf":{"@id":"https:\/\/laredsocial-noticias.com\/wp\/#website"},"datePublished":"2024-09-19T21:30:33+00:00","dateModified":"2024-09-20T05:21:35+00:00","author":{"@id":"https:\/\/laredsocial-noticias.com\/wp\/#\/schema\/person\/0ce78643f2de7aae6f6ef10e8453a6e0"},"breadcrumb":{"@id":"https:\/\/laredsocial-noticias.com\/wp\/sgirpc-detecta-323-puntos-de-riesgo-por-deslaves-en-la-cdmx\/#breadcrumb"},"inLanguage":"es","potentialAction":[{"@type":"ReadAction","target":["https:\/\/laredsocial-noticias.com\/wp\/sgirpc-detecta-323-puntos-de-riesgo-por-deslaves-en-la-cdmx\/"]}]},{"@type":"BreadcrumbList","@id":"https:\/\/laredsocial-noticias.com\/wp\/sgirpc-detecta-323-puntos-de-riesgo-por-deslaves-en-la-cdmx\/#breadcrumb","itemListElement":[{"@type":"ListItem","position":1,"name":"Portada","item":"https:\/\/laredsocial-noticias.com\/wp\/"},{"@type":"ListItem","position":2,"name":"SGIRPC detecta 323 puntos de riesgo por deslaves en la CDMX"}]},{"@type":"WebSite","@id":"https:\/\/laredsocial-noticias.com\/wp\/#website","url":"https:\/\/laredsocial-noticias.com\/wp\/","name":"NOTICIAS","description":"Lo que se ve y se dice en las redes sociales","potentialAction":[{"@type":"SearchAction","target":{"@type":"EntryPoint","urlTemplate":"https:\/\/laredsocial-noticias.com\/wp\/?s={search_term_string}"},"query-input":{"@type":"PropertyValueSpecification","valueRequired":true,"valueName":"search_term_string"}}],"inLanguage":"es"},{"@type":"Person","@id":"https:\/\/laredsocial-noticias.com\/wp\/#\/schema\/person\/0ce78643f2de7aae6f6ef10e8453a6e0","name":"Editor en Jefe","url":"https:\/\/laredsocial-noticias.com\/wp\/author\/jorgeochoa\/"}]}},"_links":{"self":[{"href":"https:\/\/laredsocial-noticias.com\/wp\/wp-json\/wp\/v2\/posts\/231952","targetHints":{"allow":["GET"]}}],"collection":[{"href":"https:\/\/laredsocial-noticias.com\/wp\/wp-json\/wp\/v2\/posts"}],"about":[{"href":"https:\/\/laredsocial-noticias.com\/wp\/wp-json\/wp\/v2\/types\/post"}],"author":[{"embeddable":true,"href":"https:\/\/laredsocial-noticias.com\/wp\/wp-json\/wp\/v2\/users\/1"}],"replies":[{"embeddable":true,"href":"https:\/\/laredsocial-noticias.com\/wp\/wp-json\/wp\/v2\/comments?post=231952"}],"version-history":[{"count":1,"href":"https:\/\/laredsocial-noticias.com\/wp\/wp-json\/wp\/v2\/posts\/231952\/revisions"}],"predecessor-version":[{"id":231953,"href":"https:\/\/laredsocial-noticias.com\/wp\/wp-json\/wp\/v2\/posts\/231952\/revisions\/231953"}],"wp:attachment":[{"href":"https:\/\/laredsocial-noticias.com\/wp\/wp-json\/wp\/v2\/media?parent=231952"}],"wp:term":[{"taxonomy":"category","embeddable":true,"href":"https:\/\/laredsocial-noticias.com\/wp\/wp-json\/wp\/v2\/categories?post=231952"},{"taxonomy":"post_tag","embeddable":true,"href":"https:\/\/laredsocial-noticias.com\/wp\/wp-json\/wp\/v2\/tags?post=231952"}],"curies":[{"name":"wp","href":"https:\/\/api.w.org\/{rel}","templated":true}]}}