{"id":232356,"date":"2024-09-24T18:30:33","date_gmt":"2024-09-25T00:30:33","guid":{"rendered":"https:\/\/laredsocial-noticias.com\/wp\/?p=232356"},"modified":"2024-09-25T00:21:04","modified_gmt":"2024-09-25T06:21:04","slug":"ninos-de-primaria-en-culiacan-viven-momento-de-panico-por-balacera","status":"publish","type":"post","link":"https:\/\/laredsocial-noticias.com\/wp\/ninos-de-primaria-en-culiacan-viven-momento-de-panico-por-balacera\/","title":{"rendered":"Ni\u00f1os de primaria en Culiac\u00e1n viven momento de p\u00e1nico por balacera"},"content":{"rendered":"<p>Ni\u00f1os de la Escuela\u00a0Primaria\u00a0Luis Donaldo Colosio, en Culiac\u00e1n, Sinaloa, se vieron obligados a refugiarse debajo de las mesas de sus salones despu\u00e9s de que escucharan detonaciones de arma de fuego a escasos metros del plantel.<\/p>\n<p>Los hechos ocurrieron la ma\u00f1ana de este martes 24 de septiembre, cerca de las 10:00 horas, cuando se report\u00f3 una\u00a0persecuci\u00f3n entre civiles armados\u00a0y elementos de la Guardia Nacional.<\/p>\n<p>Ante ello, la primaria aplic\u00f3 el\u00a0protocolo de seguridad contra balaceras\u00a0en cuanto recibieron informaci\u00f3n de una persecuci\u00f3n en la colonia 4 de marzo, donde se ubica el instituto educativo.<\/p>\n<p>En im\u00e1genes difundidas a trav\u00e9s de redes sociales se puede observar que los ni\u00f1os\u00a0se colocaron pecho bajo tierra\u00a0para protegerse, por lo que de inmediato los padres de familia se pronunciaron y se niegan a que contin\u00faen las clases presenciales.<\/p>\n<p>Asimismo, colocaron una manta al exterior de la escuela donde explican que no llevar\u00e1n a sus hijos a clases presenciales\u00a0hasta que la paz y tranquilidad regrese\u00a0a Culiac\u00e1n.<\/p>\n<blockquote class=\"wp-block-quote is-layout-flow wp-block-quote-is-layout-flow\"><p>\u201cEstamos totalmente de acuerdo en continuar con clases en l\u00ednea mientras la ciudad siga en manos de grupos delictivos\u201d, indicaron las madres de los alumnos.<\/p><\/blockquote>\n<p>De momento, la Secretar\u00eda de Educaci\u00f3n P\u00fablica y Cultura de Sinaloa no se ha pronunciado por estos hechos de violencia que\u00a0ponen en riesgo a las infancias\u00a0y adolescencias, ya que fueron las autoridades quienes pidieron regresar a clases presenciales, pese a los enfrentamientos que se han registrado en Culiac\u00e1n.<\/p>\n","protected":false},"excerpt":{"rendered":"<p>Ni\u00f1os de la Escuela\u00a0Primaria\u00a0Luis Donaldo Colosio, en Culiac\u00e1n, Sinaloa, se vieron obligados a refugiarse debajo de las mesas de sus&#8230;<\/p>\n","protected":false},"author":1,"featured_media":0,"comment_status":"open","ping_status":"closed","sticky":false,"template":"","format":"standard","meta":{"footnotes":""},"categories":[2379,6026],"tags":[4959,77],"class_list":["post-232356","post","type-post","status-publish","format-standard","hentry","category-estados-2","category-portada","tag-featured","tag-principal"],"yoast_head":"<!-- This site is optimized with the Yoast SEO plugin v26.5 - https:\/\/yoast.com\/wordpress\/plugins\/seo\/ -->\n<title>Ni\u00f1os de primaria en Culiac\u00e1n viven momento de p\u00e1nico por balacera - NOTICIAS<\/title>\n<meta name=\"robots\" content=\"index, follow, max-snippet:-1, max-image-preview:large, max-video-preview:-1\" \/>\n<link rel=\"canonical\" href=\"https:\/\/laredsocial-noticias.com\/wp\/ninos-de-primaria-en-culiacan-viven-momento-de-panico-por-balacera\/\" \/>\n<meta property=\"og:locale\" content=\"es_ES\" \/>\n<meta property=\"og:type\" content=\"article\" \/>\n<meta property=\"og:title\" content=\"Ni\u00f1os de primaria en Culiac\u00e1n viven momento de p\u00e1nico por balacera - NOTICIAS\" \/>\n<meta property=\"og:description\" content=\"Ni\u00f1os de la Escuela\u00a0Primaria\u00a0Luis Donaldo Colosio, en Culiac\u00e1n, Sinaloa, se vieron obligados a refugiarse debajo de las mesas de sus...\" \/>\n<meta property=\"og:url\" content=\"https:\/\/laredsocial-noticias.com\/wp\/ninos-de-primaria-en-culiacan-viven-momento-de-panico-por-balacera\/\" \/>\n<meta property=\"og:site_name\" content=\"NOTICIAS\" \/>\n<meta property=\"article:published_time\" content=\"2024-09-25T00:30:33+00:00\" \/>\n<meta property=\"article:modified_time\" content=\"2024-09-25T06:21:04+00:00\" \/>\n<meta name=\"author\" content=\"Editor en Jefe\" \/>\n<meta name=\"twitter:card\" content=\"summary_large_image\" \/>\n<meta name=\"twitter:label1\" content=\"Escrito por\" \/>\n\t<meta name=\"twitter:data1\" content=\"Editor en Jefe\" \/>\n\t<meta name=\"twitter:label2\" content=\"Tiempo de lectura\" \/>\n\t<meta name=\"twitter:data2\" content=\"1 minuto\" \/>\n<!-- \/ Yoast SEO plugin. -->","yoast_head_json":{"title":"Ni\u00f1os de primaria en Culiac\u00e1n viven momento de p\u00e1nico por balacera - NOTICIAS","robots":{"index":"index","follow":"follow","max-snippet":"max-snippet:-1","max-image-preview":"max-image-preview:large","max-video-preview":"max-video-preview:-1"},"canonical":"https:\/\/laredsocial-noticias.com\/wp\/ninos-de-primaria-en-culiacan-viven-momento-de-panico-por-balacera\/","og_locale":"es_ES","og_type":"article","og_title":"Ni\u00f1os de primaria en Culiac\u00e1n viven momento de p\u00e1nico por balacera - NOTICIAS","og_description":"Ni\u00f1os de la Escuela\u00a0Primaria\u00a0Luis Donaldo Colosio, en Culiac\u00e1n, Sinaloa, se vieron obligados a refugiarse debajo de las mesas de sus...","og_url":"https:\/\/laredsocial-noticias.com\/wp\/ninos-de-primaria-en-culiacan-viven-momento-de-panico-por-balacera\/","og_site_name":"NOTICIAS","article_published_time":"2024-09-25T00:30:33+00:00","article_modified_time":"2024-09-25T06:21:04+00:00","author":"Editor en Jefe","twitter_card":"summary_large_image","twitter_misc":{"Escrito por":"Editor en Jefe","Tiempo de lectura":"1 minuto"},"schema":{"@context":"https:\/\/schema.org","@graph":[{"@type":"WebPage","@id":"https:\/\/laredsocial-noticias.com\/wp\/ninos-de-primaria-en-culiacan-viven-momento-de-panico-por-balacera\/","url":"https:\/\/laredsocial-noticias.com\/wp\/ninos-de-primaria-en-culiacan-viven-momento-de-panico-por-balacera\/","name":"Ni\u00f1os de primaria en Culiac\u00e1n viven momento de p\u00e1nico por balacera - NOTICIAS","isPartOf":{"@id":"https:\/\/laredsocial-noticias.com\/wp\/#website"},"datePublished":"2024-09-25T00:30:33+00:00","dateModified":"2024-09-25T06:21:04+00:00","author":{"@id":"https:\/\/laredsocial-noticias.com\/wp\/#\/schema\/person\/0ce78643f2de7aae6f6ef10e8453a6e0"},"breadcrumb":{"@id":"https:\/\/laredsocial-noticias.com\/wp\/ninos-de-primaria-en-culiacan-viven-momento-de-panico-por-balacera\/#breadcrumb"},"inLanguage":"es","potentialAction":[{"@type":"ReadAction","target":["https:\/\/laredsocial-noticias.com\/wp\/ninos-de-primaria-en-culiacan-viven-momento-de-panico-por-balacera\/"]}]},{"@type":"BreadcrumbList","@id":"https:\/\/laredsocial-noticias.com\/wp\/ninos-de-primaria-en-culiacan-viven-momento-de-panico-por-balacera\/#breadcrumb","itemListElement":[{"@type":"ListItem","position":1,"name":"Portada","item":"https:\/\/laredsocial-noticias.com\/wp\/"},{"@type":"ListItem","position":2,"name":"Ni\u00f1os de primaria en Culiac\u00e1n viven momento de p\u00e1nico por balacera"}]},{"@type":"WebSite","@id":"https:\/\/laredsocial-noticias.com\/wp\/#website","url":"https:\/\/laredsocial-noticias.com\/wp\/","name":"NOTICIAS","description":"Lo que se ve y se dice en las redes sociales","potentialAction":[{"@type":"SearchAction","target":{"@type":"EntryPoint","urlTemplate":"https:\/\/laredsocial-noticias.com\/wp\/?s={search_term_string}"},"query-input":{"@type":"PropertyValueSpecification","valueRequired":true,"valueName":"search_term_string"}}],"inLanguage":"es"},{"@type":"Person","@id":"https:\/\/laredsocial-noticias.com\/wp\/#\/schema\/person\/0ce78643f2de7aae6f6ef10e8453a6e0","name":"Editor en Jefe","url":"https:\/\/laredsocial-noticias.com\/wp\/author\/jorgeochoa\/"}]}},"_links":{"self":[{"href":"https:\/\/laredsocial-noticias.com\/wp\/wp-json\/wp\/v2\/posts\/232356","targetHints":{"allow":["GET"]}}],"collection":[{"href":"https:\/\/laredsocial-noticias.com\/wp\/wp-json\/wp\/v2\/posts"}],"about":[{"href":"https:\/\/laredsocial-noticias.com\/wp\/wp-json\/wp\/v2\/types\/post"}],"author":[{"embeddable":true,"href":"https:\/\/laredsocial-noticias.com\/wp\/wp-json\/wp\/v2\/users\/1"}],"replies":[{"embeddable":true,"href":"https:\/\/laredsocial-noticias.com\/wp\/wp-json\/wp\/v2\/comments?post=232356"}],"version-history":[{"count":1,"href":"https:\/\/laredsocial-noticias.com\/wp\/wp-json\/wp\/v2\/posts\/232356\/revisions"}],"predecessor-version":[{"id":232357,"href":"https:\/\/laredsocial-noticias.com\/wp\/wp-json\/wp\/v2\/posts\/232356\/revisions\/232357"}],"wp:attachment":[{"href":"https:\/\/laredsocial-noticias.com\/wp\/wp-json\/wp\/v2\/media?parent=232356"}],"wp:term":[{"taxonomy":"category","embeddable":true,"href":"https:\/\/laredsocial-noticias.com\/wp\/wp-json\/wp\/v2\/categories?post=232356"},{"taxonomy":"post_tag","embeddable":true,"href":"https:\/\/laredsocial-noticias.com\/wp\/wp-json\/wp\/v2\/tags?post=232356"}],"curies":[{"name":"wp","href":"https:\/\/api.w.org\/{rel}","templated":true}]}}