{"id":232804,"date":"2024-09-30T18:10:17","date_gmt":"2024-10-01T00:10:17","guid":{"rendered":"https:\/\/laredsocial-noticias.com\/wp\/?p=232804"},"modified":"2024-10-01T11:57:33","modified_gmt":"2024-10-01T17:57:33","slug":"sheinbaum-suma-a-su-equipo-a-santiago-nieto-jesus-ramirez-taibo-ii-y-otros","status":"publish","type":"post","link":"https:\/\/laredsocial-noticias.com\/wp\/sheinbaum-suma-a-su-equipo-a-santiago-nieto-jesus-ramirez-taibo-ii-y-otros\/","title":{"rendered":"Sheinbaum suma a su equipo a Santiago Nieto, Jes\u00fas Ram\u00edrez, Taibo II y otros"},"content":{"rendered":"<p>A unas horas de que\u00a0Claudia Sheinbaum\u00a0rinda protesta como presidenta de M\u00e9xico ante el Congreso, dio a conocer una lista con m\u00e1s nombramientos de subsecretarios, as\u00ed como directores de dependencias como el Fondo de Cultura Econ\u00f3mica, Banobras, entre otros.<\/p>\n<p>Desde sus redes sociales, la presidenta electa difundi\u00f3 un listado de 35 hombres y mujeres que formar\u00e1n parte del llamado segundo piso de la Cuarta Transformaci\u00f3n, entre los que incluye a\u00a0Santiago Nieto, Jes\u00fas Ram\u00edrez Cuevas, M\u00f3nica Fern\u00e1ndez Balboa, Paco Ignacio Taibo II, as\u00ed como Diego Prieto Hern\u00e1ndez.<\/p>\n<p>Aquellos que\u00a0continuar\u00e1n en sus cargos\u00a0son:<\/p>\n<ul>\n<li>Raquel de la Luz Sosa El\u00edzaga como directora general del Organismo Coordinador de las Universidades para el Bienestar Benito Ju\u00e1rez Garc\u00eda.<\/li>\n<li>Paco Ignacio Taibo II como director del Fondo de Cultura Econ\u00f3mica (FCE).<\/li>\n<li>Jorge Mendoza S\u00e1nchez como director general de Banco Nacional de Obras y Servicios P\u00fablicos (Banobras).<\/li>\n<li>Flor de Mar\u00eda Harp Iturribarr\u00eda como titular del Servicio Geol\u00f3gico Mexicano (SGM)<\/li>\n<li>Mar\u00eda Eugenia Navarrete Rodr\u00edguez como titular de la Junta Federal de Conciliaci\u00f3n y Arbitraje<\/li>\n<li>Diego Prieto Hern\u00e1ndez como director general del Instituto Nacional de Antropolog\u00eda e Historia.<\/li>\n<\/ul>\n<figure class=\"wp-block-embed is-type-rich is-provider-twitter wp-block-embed-twitter\"><\/figure>\n<h2 id=\"h-directores\" class=\"wp-block-heading\">Directores<\/h2>\n<ul>\n<li>Vicealmirante Juan Carlos Vera Minjares, director general del Corredor Interoce\u00e1nico del Istmo de Tehuantepec.<\/li>\n<li>Francisco Luciano Concheiro B\u00f3rquez, titular de la Autoridad Educativa Federal de la Ciudad de M\u00e9xico (AEFCM).<\/li>\n<li>Julio C\u00e9sar Le\u00f3n Trujillo, coordinador nacional de Becas para el Bienestar Benito Ju\u00e1rez.<\/li>\n<li>M\u00f3nica Fern\u00e1ndez Balboa, titular del Instituto para Devolver al Pueblo lo Robado (INDEP).<\/li>\n<li>Carlos Manuel Merino Campos, titular de Aeropuertos y Servicios Auxiliares.<\/li>\n<li>Laura Fernanda Campa\u00f1a Cerezo, titular del Instituto del Fondo Nacional para el Consumo de los Trabajadores (INFONACOT).<\/li>\n<li>Paulina Silva Rodr\u00edguez, titular de la Coordinaci\u00f3n General de Comunicaci\u00f3n Social.<\/li>\n<li>Alfonso Brito, titular de la Coordinaci\u00f3n de vinculaci\u00f3n e informaci\u00f3n.<\/li>\n<li>Jes\u00fas Ram\u00edrez Cuevas, titular de la Coordinaci\u00f3n de Asesores de la Presidencia.<\/li>\n<li>Mar\u00eda del Roc\u00edo Garc\u00eda P\u00e9rez, titular del Sistema Nacional DIF.<\/li>\n<li>Nuria Fern\u00e1ndez Espresate, titular del Sistema Nacional de Protecci\u00f3n Integral de Ni\u00f1as, Ni\u00f1os y Adolescentes (SIPINNA).<\/li>\n<li>Rodrigo Ch\u00e1vez Contreras, titular de la Comisi\u00f3n Nacional de Vivienda (CONAVI).<\/li>\n<li>V\u00edctor Su\u00e1rez Carrera, titular de la Procuradur\u00eda Agraria (PA).<\/li>\n<li>Marcela Figueroa Franco, titular del Secretariado Ejecutivo del Sistema Nacional de Seguridad P\u00fablica (SESNSP).<\/li>\n<li>Santiago Nieto Castillo, titular del Instituto Mexicano de la Propiedad Industrial (IMPI).<\/li>\n<li>Elizabeth Mar Ju\u00e1rez, titular del Instituto Mexicano del Petr\u00f3leo (IMP).<\/li>\n<li>Sergio Humberto Graf Montero, titular de la Comisi\u00f3n Nacional Forestal (CONAFOR).<\/li>\n<li>Carlos Emiliano Calder\u00f3n Mercado, titular de CFE Internet Para Todos.<\/li>\n<li>Abraham Eugenio Carro Toledo, titular del Instituto Mexicano de la Juventud (IMJUVE).<\/li>\n<li>Edna Catalina Monreal P\u00e9rez, titular del Instituto Nacional de la Econom\u00eda Social (INAES).<\/li>\n<li>Alejandra de la Paz N\u00e1jera, titular del Instituto Nacional de Bellas Artes y Literatura (INBAL)<\/li>\n<li>Daniela Elenea Alatorre Benard, titular del Instituto Mexicano de Cinematograf\u00eda (IMCINE)<\/li>\n<\/ul>\n<h2 id=\"h-subsecretarios\" class=\"wp-block-heading\">Subsecretarios<\/h2>\n<ul>\n<li>General de Divisi\u00f3n de Estado Mayor, Enrique Covarrubias L\u00f3pez, subsecretario de la Defensa Nacional.<\/li>\n<li>Almirante Jos\u00e9 Barradas Cobos, subsecretario de Marina.<\/li>\n<li>C\u00e9sar Y\u00e1\u00f1ez Centeno Cabrera, subsecretario de Gobernaci\u00f3n.<\/li>\n<li>Edgar Abraham Amador Zamora, subsecretario de Hacienda y Cr\u00e9dito P\u00fablico.<\/li>\n<li>Marina Robles Garc\u00eda, subsecretaria de Pol\u00edtica Ambiental y Recursos Naturales.<\/li>\n<li>Tania Rodr\u00edguez Mora, subsecretaria de Educaci\u00f3n Media Superior.<\/li>\n<li>Ang\u00e9lica Noem\u00ed Ju\u00e1rez P\u00e9rez, subsecretaria de Educaci\u00f3n B\u00e1sica.<\/li>\n<\/ul>\n","protected":false},"excerpt":{"rendered":"<p>A unas horas de que\u00a0Claudia Sheinbaum\u00a0rinda protesta como presidenta de M\u00e9xico ante el Congreso, dio a conocer una lista con&#8230;<\/p>\n","protected":false},"author":1,"featured_media":0,"comment_status":"open","ping_status":"closed","sticky":false,"template":"","format":"standard","meta":{"footnotes":""},"categories":[78,6026],"tags":[4959,77],"class_list":["post-232804","post","type-post","status-publish","format-standard","hentry","category-nacional","category-portada","tag-featured","tag-principal"],"yoast_head":"<!-- This site is optimized with the Yoast SEO plugin v26.5 - https:\/\/yoast.com\/wordpress\/plugins\/seo\/ -->\n<title>Sheinbaum suma a su equipo a Santiago Nieto, Jes\u00fas Ram\u00edrez, Taibo II y otros - NOTICIAS<\/title>\n<meta name=\"robots\" content=\"index, follow, max-snippet:-1, max-image-preview:large, max-video-preview:-1\" \/>\n<link rel=\"canonical\" href=\"https:\/\/laredsocial-noticias.com\/wp\/sheinbaum-suma-a-su-equipo-a-santiago-nieto-jesus-ramirez-taibo-ii-y-otros\/\" \/>\n<meta property=\"og:locale\" content=\"es_ES\" \/>\n<meta property=\"og:type\" content=\"article\" \/>\n<meta property=\"og:title\" content=\"Sheinbaum suma a su equipo a Santiago Nieto, Jes\u00fas Ram\u00edrez, Taibo II y otros - NOTICIAS\" \/>\n<meta property=\"og:description\" content=\"A unas horas de que\u00a0Claudia Sheinbaum\u00a0rinda protesta como presidenta de M\u00e9xico ante el Congreso, dio a conocer una lista con...\" \/>\n<meta property=\"og:url\" content=\"https:\/\/laredsocial-noticias.com\/wp\/sheinbaum-suma-a-su-equipo-a-santiago-nieto-jesus-ramirez-taibo-ii-y-otros\/\" \/>\n<meta property=\"og:site_name\" content=\"NOTICIAS\" \/>\n<meta property=\"article:published_time\" content=\"2024-10-01T00:10:17+00:00\" \/>\n<meta property=\"article:modified_time\" content=\"2024-10-01T17:57:33+00:00\" \/>\n<meta name=\"author\" content=\"Editor en Jefe\" \/>\n<meta name=\"twitter:card\" content=\"summary_large_image\" \/>\n<meta name=\"twitter:label1\" content=\"Escrito por\" \/>\n\t<meta name=\"twitter:data1\" content=\"Editor en Jefe\" \/>\n\t<meta name=\"twitter:label2\" content=\"Tiempo de lectura\" \/>\n\t<meta name=\"twitter:data2\" content=\"3 minutos\" \/>\n<!-- \/ Yoast SEO plugin. -->","yoast_head_json":{"title":"Sheinbaum suma a su equipo a Santiago Nieto, Jes\u00fas Ram\u00edrez, Taibo II y otros - NOTICIAS","robots":{"index":"index","follow":"follow","max-snippet":"max-snippet:-1","max-image-preview":"max-image-preview:large","max-video-preview":"max-video-preview:-1"},"canonical":"https:\/\/laredsocial-noticias.com\/wp\/sheinbaum-suma-a-su-equipo-a-santiago-nieto-jesus-ramirez-taibo-ii-y-otros\/","og_locale":"es_ES","og_type":"article","og_title":"Sheinbaum suma a su equipo a Santiago Nieto, Jes\u00fas Ram\u00edrez, Taibo II y otros - NOTICIAS","og_description":"A unas horas de que\u00a0Claudia Sheinbaum\u00a0rinda protesta como presidenta de M\u00e9xico ante el Congreso, dio a conocer una lista con...","og_url":"https:\/\/laredsocial-noticias.com\/wp\/sheinbaum-suma-a-su-equipo-a-santiago-nieto-jesus-ramirez-taibo-ii-y-otros\/","og_site_name":"NOTICIAS","article_published_time":"2024-10-01T00:10:17+00:00","article_modified_time":"2024-10-01T17:57:33+00:00","author":"Editor en Jefe","twitter_card":"summary_large_image","twitter_misc":{"Escrito por":"Editor en Jefe","Tiempo de lectura":"3 minutos"},"schema":{"@context":"https:\/\/schema.org","@graph":[{"@type":"WebPage","@id":"https:\/\/laredsocial-noticias.com\/wp\/sheinbaum-suma-a-su-equipo-a-santiago-nieto-jesus-ramirez-taibo-ii-y-otros\/","url":"https:\/\/laredsocial-noticias.com\/wp\/sheinbaum-suma-a-su-equipo-a-santiago-nieto-jesus-ramirez-taibo-ii-y-otros\/","name":"Sheinbaum suma a su equipo a Santiago Nieto, Jes\u00fas Ram\u00edrez, Taibo II y otros - NOTICIAS","isPartOf":{"@id":"https:\/\/laredsocial-noticias.com\/wp\/#website"},"datePublished":"2024-10-01T00:10:17+00:00","dateModified":"2024-10-01T17:57:33+00:00","author":{"@id":"https:\/\/laredsocial-noticias.com\/wp\/#\/schema\/person\/0ce78643f2de7aae6f6ef10e8453a6e0"},"breadcrumb":{"@id":"https:\/\/laredsocial-noticias.com\/wp\/sheinbaum-suma-a-su-equipo-a-santiago-nieto-jesus-ramirez-taibo-ii-y-otros\/#breadcrumb"},"inLanguage":"es","potentialAction":[{"@type":"ReadAction","target":["https:\/\/laredsocial-noticias.com\/wp\/sheinbaum-suma-a-su-equipo-a-santiago-nieto-jesus-ramirez-taibo-ii-y-otros\/"]}]},{"@type":"BreadcrumbList","@id":"https:\/\/laredsocial-noticias.com\/wp\/sheinbaum-suma-a-su-equipo-a-santiago-nieto-jesus-ramirez-taibo-ii-y-otros\/#breadcrumb","itemListElement":[{"@type":"ListItem","position":1,"name":"Portada","item":"https:\/\/laredsocial-noticias.com\/wp\/"},{"@type":"ListItem","position":2,"name":"Sheinbaum suma a su equipo a Santiago Nieto, Jes\u00fas Ram\u00edrez, Taibo II y otros"}]},{"@type":"WebSite","@id":"https:\/\/laredsocial-noticias.com\/wp\/#website","url":"https:\/\/laredsocial-noticias.com\/wp\/","name":"NOTICIAS","description":"Lo que se ve y se dice en las redes sociales","potentialAction":[{"@type":"SearchAction","target":{"@type":"EntryPoint","urlTemplate":"https:\/\/laredsocial-noticias.com\/wp\/?s={search_term_string}"},"query-input":{"@type":"PropertyValueSpecification","valueRequired":true,"valueName":"search_term_string"}}],"inLanguage":"es"},{"@type":"Person","@id":"https:\/\/laredsocial-noticias.com\/wp\/#\/schema\/person\/0ce78643f2de7aae6f6ef10e8453a6e0","name":"Editor en Jefe","url":"https:\/\/laredsocial-noticias.com\/wp\/author\/jorgeochoa\/"}]}},"_links":{"self":[{"href":"https:\/\/laredsocial-noticias.com\/wp\/wp-json\/wp\/v2\/posts\/232804","targetHints":{"allow":["GET"]}}],"collection":[{"href":"https:\/\/laredsocial-noticias.com\/wp\/wp-json\/wp\/v2\/posts"}],"about":[{"href":"https:\/\/laredsocial-noticias.com\/wp\/wp-json\/wp\/v2\/types\/post"}],"author":[{"embeddable":true,"href":"https:\/\/laredsocial-noticias.com\/wp\/wp-json\/wp\/v2\/users\/1"}],"replies":[{"embeddable":true,"href":"https:\/\/laredsocial-noticias.com\/wp\/wp-json\/wp\/v2\/comments?post=232804"}],"version-history":[{"count":1,"href":"https:\/\/laredsocial-noticias.com\/wp\/wp-json\/wp\/v2\/posts\/232804\/revisions"}],"predecessor-version":[{"id":232805,"href":"https:\/\/laredsocial-noticias.com\/wp\/wp-json\/wp\/v2\/posts\/232804\/revisions\/232805"}],"wp:attachment":[{"href":"https:\/\/laredsocial-noticias.com\/wp\/wp-json\/wp\/v2\/media?parent=232804"}],"wp:term":[{"taxonomy":"category","embeddable":true,"href":"https:\/\/laredsocial-noticias.com\/wp\/wp-json\/wp\/v2\/categories?post=232804"},{"taxonomy":"post_tag","embeddable":true,"href":"https:\/\/laredsocial-noticias.com\/wp\/wp-json\/wp\/v2\/tags?post=232804"}],"curies":[{"name":"wp","href":"https:\/\/api.w.org\/{rel}","templated":true}]}}