{"id":233461,"date":"2024-10-10T11:30:35","date_gmt":"2024-10-10T17:30:35","guid":{"rendered":"https:\/\/laredsocial-noticias.com\/wp\/?p=233461"},"modified":"2024-10-10T13:09:24","modified_gmt":"2024-10-10T19:09:24","slug":"sheinbaum-batea-reunirse-con-la-scjn","status":"publish","type":"post","link":"https:\/\/laredsocial-noticias.com\/wp\/sheinbaum-batea-reunirse-con-la-scjn\/","title":{"rendered":"Sheinbaum \u2018batea\u2019 reunirse con la SCJN"},"content":{"rendered":"<p>La presidenta Claudia Sheinbaum Pardo declar\u00f3 que no tiene planes de reunirse con la Suprema Corte de Justicia de la Naci\u00f3n (SCJN) y exhort\u00f3 a los ministros a aceptar la reciente reforma constitucional relacionada con la elecci\u00f3n de los integrantes del Poder Judicial.<\/p>\n<p>\u201cNo me voy a reunir con la Corte\u201d, sostuvo la mandataria durante su conferencia matutina en Palacio Nacional.<\/p>\n<p>Sheinbaum se\u00f1al\u00f3 que no habr\u00e1 retroceso en este proceso y destac\u00f3 que la Secretar\u00eda de Gobernaci\u00f3n es la instancia con facultad para gestionar asuntos relacionados con la gobernabilidad del pa\u00eds.<\/p>\n<p>Durante su intervenci\u00f3n, la mandataria tambi\u00e9n expres\u00f3 cr\u00edticas hacia la SCJN por haber admitido acciones de inconstitucionalidad impulsadas por el Partido Acci\u00f3n Nacional (PAN) y el Partido Revolucionario Institucional (PRI) contra dicha reforma.<\/p>\n<p>Seg\u00fan Sheinbaum, los partidos pol\u00edticos carecen de la legitimidad necesaria para presentar este tipo de recursos, excepto en algunos casos electorales, y sostuvo que la Corte debi\u00f3 haber rechazado estos recursos.<\/p>\n<p>\u201cLos partidos pol\u00edticos no tienen atribuci\u00f3n, m\u00e1s que en algunos casos electorales, de presentar estos recursos. Y a pesar de ello, la Corte los acept\u00f3. Deber\u00eda de haberlos rechazado, porque no tienen personalidad jur\u00eddica los partidos pol\u00edticos para presentarlo\u201d, explic\u00f3.<\/p>\n<p>Sheinbaum explic\u00f3 que, conforme a la ley, solo el 33% de la C\u00e1mara de Diputados tendr\u00eda la facultad para interponer dichas acciones, y calific\u00f3 de contradictorio que la SCJN haya aceptado los recursos presentados por los partidos.<\/p>\n<p>Tambi\u00e9n subray\u00f3 que, contrario a las cr\u00edticas que se\u00f1alan una posible \u201cpartidizaci\u00f3n\u201d del proceso de elecci\u00f3n de jueces, magistrados y ministros, la reforma establece que los partidos pol\u00edticos no podr\u00e1n intervenir en el proceso, el cual estar\u00e1 en manos del pueblo a trav\u00e9s de una elecci\u00f3n directa.<\/p>\n<p>\u201c(\u2026) f\u00edjense de qu\u00e9 tama\u00f1o es su contradicci\u00f3n. Nosotros dijimos, cuando se presenta la reforma, ahora s\u00ed me explico con calma para que se entienda. Cuando se presenta la reforma, critican al presidente L\u00f3pez Obrador porque dicen que se va a partidizar la elecci\u00f3n de jueces, magistrados y ministros. Entonces, el presidente L\u00f3pez Obrador, la secretaria de Gobernaci\u00f3n, Luisa Mar\u00eda Alcalde, dice, no, no tienen nada que ver los partidos, esta es una decisi\u00f3n del pueblo. Va a haber listas, convocatoria y los partidos pol\u00edticos tienen prohibido participar. Es una elecci\u00f3n directa de la gente, sin los partidos pol\u00edticos como intermediarios en ese proceso\u201d.<\/p>\n","protected":false},"excerpt":{"rendered":"<p>La presidenta Claudia Sheinbaum Pardo declar\u00f3 que no tiene planes de reunirse con la Suprema Corte de Justicia de la&#8230;<\/p>\n","protected":false},"author":1,"featured_media":0,"comment_status":"open","ping_status":"closed","sticky":false,"template":"","format":"standard","meta":{"footnotes":""},"categories":[78,6026],"tags":[4959,77],"class_list":["post-233461","post","type-post","status-publish","format-standard","hentry","category-nacional","category-portada","tag-featured","tag-principal"],"yoast_head":"<!-- This site is optimized with the Yoast SEO plugin v26.5 - https:\/\/yoast.com\/wordpress\/plugins\/seo\/ -->\n<title>Sheinbaum \u2018batea\u2019 reunirse con la SCJN - NOTICIAS<\/title>\n<meta name=\"robots\" content=\"index, follow, max-snippet:-1, max-image-preview:large, max-video-preview:-1\" \/>\n<link rel=\"canonical\" href=\"https:\/\/laredsocial-noticias.com\/wp\/sheinbaum-batea-reunirse-con-la-scjn\/\" \/>\n<meta property=\"og:locale\" content=\"es_ES\" \/>\n<meta property=\"og:type\" content=\"article\" \/>\n<meta property=\"og:title\" content=\"Sheinbaum \u2018batea\u2019 reunirse con la SCJN - NOTICIAS\" \/>\n<meta property=\"og:description\" content=\"La presidenta Claudia Sheinbaum Pardo declar\u00f3 que no tiene planes de reunirse con la Suprema Corte de Justicia de la...\" \/>\n<meta property=\"og:url\" content=\"https:\/\/laredsocial-noticias.com\/wp\/sheinbaum-batea-reunirse-con-la-scjn\/\" \/>\n<meta property=\"og:site_name\" content=\"NOTICIAS\" \/>\n<meta property=\"article:published_time\" content=\"2024-10-10T17:30:35+00:00\" \/>\n<meta property=\"article:modified_time\" content=\"2024-10-10T19:09:24+00:00\" \/>\n<meta name=\"author\" content=\"Editor en Jefe\" \/>\n<meta name=\"twitter:card\" content=\"summary_large_image\" \/>\n<meta name=\"twitter:label1\" content=\"Escrito por\" \/>\n\t<meta name=\"twitter:data1\" content=\"Editor en Jefe\" \/>\n\t<meta name=\"twitter:label2\" content=\"Tiempo de lectura\" \/>\n\t<meta name=\"twitter:data2\" content=\"2 minutos\" \/>\n<!-- \/ Yoast SEO plugin. -->","yoast_head_json":{"title":"Sheinbaum \u2018batea\u2019 reunirse con la SCJN - NOTICIAS","robots":{"index":"index","follow":"follow","max-snippet":"max-snippet:-1","max-image-preview":"max-image-preview:large","max-video-preview":"max-video-preview:-1"},"canonical":"https:\/\/laredsocial-noticias.com\/wp\/sheinbaum-batea-reunirse-con-la-scjn\/","og_locale":"es_ES","og_type":"article","og_title":"Sheinbaum \u2018batea\u2019 reunirse con la SCJN - NOTICIAS","og_description":"La presidenta Claudia Sheinbaum Pardo declar\u00f3 que no tiene planes de reunirse con la Suprema Corte de Justicia de la...","og_url":"https:\/\/laredsocial-noticias.com\/wp\/sheinbaum-batea-reunirse-con-la-scjn\/","og_site_name":"NOTICIAS","article_published_time":"2024-10-10T17:30:35+00:00","article_modified_time":"2024-10-10T19:09:24+00:00","author":"Editor en Jefe","twitter_card":"summary_large_image","twitter_misc":{"Escrito por":"Editor en Jefe","Tiempo de lectura":"2 minutos"},"schema":{"@context":"https:\/\/schema.org","@graph":[{"@type":"WebPage","@id":"https:\/\/laredsocial-noticias.com\/wp\/sheinbaum-batea-reunirse-con-la-scjn\/","url":"https:\/\/laredsocial-noticias.com\/wp\/sheinbaum-batea-reunirse-con-la-scjn\/","name":"Sheinbaum \u2018batea\u2019 reunirse con la SCJN - NOTICIAS","isPartOf":{"@id":"https:\/\/laredsocial-noticias.com\/wp\/#website"},"datePublished":"2024-10-10T17:30:35+00:00","dateModified":"2024-10-10T19:09:24+00:00","author":{"@id":"https:\/\/laredsocial-noticias.com\/wp\/#\/schema\/person\/0ce78643f2de7aae6f6ef10e8453a6e0"},"breadcrumb":{"@id":"https:\/\/laredsocial-noticias.com\/wp\/sheinbaum-batea-reunirse-con-la-scjn\/#breadcrumb"},"inLanguage":"es","potentialAction":[{"@type":"ReadAction","target":["https:\/\/laredsocial-noticias.com\/wp\/sheinbaum-batea-reunirse-con-la-scjn\/"]}]},{"@type":"BreadcrumbList","@id":"https:\/\/laredsocial-noticias.com\/wp\/sheinbaum-batea-reunirse-con-la-scjn\/#breadcrumb","itemListElement":[{"@type":"ListItem","position":1,"name":"Portada","item":"https:\/\/laredsocial-noticias.com\/wp\/"},{"@type":"ListItem","position":2,"name":"Sheinbaum \u2018batea\u2019 reunirse con la SCJN"}]},{"@type":"WebSite","@id":"https:\/\/laredsocial-noticias.com\/wp\/#website","url":"https:\/\/laredsocial-noticias.com\/wp\/","name":"NOTICIAS","description":"Lo que se ve y se dice en las redes sociales","potentialAction":[{"@type":"SearchAction","target":{"@type":"EntryPoint","urlTemplate":"https:\/\/laredsocial-noticias.com\/wp\/?s={search_term_string}"},"query-input":{"@type":"PropertyValueSpecification","valueRequired":true,"valueName":"search_term_string"}}],"inLanguage":"es"},{"@type":"Person","@id":"https:\/\/laredsocial-noticias.com\/wp\/#\/schema\/person\/0ce78643f2de7aae6f6ef10e8453a6e0","name":"Editor en Jefe","url":"https:\/\/laredsocial-noticias.com\/wp\/author\/jorgeochoa\/"}]}},"_links":{"self":[{"href":"https:\/\/laredsocial-noticias.com\/wp\/wp-json\/wp\/v2\/posts\/233461","targetHints":{"allow":["GET"]}}],"collection":[{"href":"https:\/\/laredsocial-noticias.com\/wp\/wp-json\/wp\/v2\/posts"}],"about":[{"href":"https:\/\/laredsocial-noticias.com\/wp\/wp-json\/wp\/v2\/types\/post"}],"author":[{"embeddable":true,"href":"https:\/\/laredsocial-noticias.com\/wp\/wp-json\/wp\/v2\/users\/1"}],"replies":[{"embeddable":true,"href":"https:\/\/laredsocial-noticias.com\/wp\/wp-json\/wp\/v2\/comments?post=233461"}],"version-history":[{"count":1,"href":"https:\/\/laredsocial-noticias.com\/wp\/wp-json\/wp\/v2\/posts\/233461\/revisions"}],"predecessor-version":[{"id":233462,"href":"https:\/\/laredsocial-noticias.com\/wp\/wp-json\/wp\/v2\/posts\/233461\/revisions\/233462"}],"wp:attachment":[{"href":"https:\/\/laredsocial-noticias.com\/wp\/wp-json\/wp\/v2\/media?parent=233461"}],"wp:term":[{"taxonomy":"category","embeddable":true,"href":"https:\/\/laredsocial-noticias.com\/wp\/wp-json\/wp\/v2\/categories?post=233461"},{"taxonomy":"post_tag","embeddable":true,"href":"https:\/\/laredsocial-noticias.com\/wp\/wp-json\/wp\/v2\/tags?post=233461"}],"curies":[{"name":"wp","href":"https:\/\/api.w.org\/{rel}","templated":true}]}}