{"id":234513,"date":"2024-10-26T14:30:11","date_gmt":"2024-10-26T20:30:11","guid":{"rendered":"https:\/\/laredsocial-noticias.com\/wp\/?p=234513"},"modified":"2024-10-26T15:27:48","modified_gmt":"2024-10-26T21:27:48","slug":"arranca-operativo-de-seguridad-en-azcapotzalco-naucalpan-y-tlalnepantla","status":"publish","type":"post","link":"https:\/\/laredsocial-noticias.com\/wp\/arranca-operativo-de-seguridad-en-azcapotzalco-naucalpan-y-tlalnepantla\/","title":{"rendered":"Arranca operativo de seguridad en Azcapotzalco, Naucalpan y Tlalnepantla"},"content":{"rendered":"<p>Nancy N\u00fa\u00f1ez, la alcaldesa de Azcapotzalco, dio inicio a un operativo de seguridad en los l\u00edmites de la demarcaci\u00f3n con los municipios de Naucalpan y Tlalnepantla, en coordinaci\u00f3n con el Estado de M\u00e9xico.<\/p>\n<p>El operativo fue conformado por 100 elementos, 25 unidades y 13 mandos de seguridad, de diversas instituciones como La Guardia Nacional, la Secretar\u00eda de Seguridad del Estado de M\u00e9xico, la Secretar\u00eda de Seguridad Ciudadana, Polic\u00eda Auxiliar y Polic\u00eda Municipal de ambos municipios.<\/p>\n<p>Nancy N\u00fa\u00f1ez, se\u00f1al\u00f3 que en su administraci\u00f3n la seguridad es prioridad, por lo que, asegur\u00f3 que se seguir\u00e1n tomando medidas y acciones para contribuir a la construcci\u00f3n de paz y agradeci\u00f3 la coordinaci\u00f3n de esfuerzos con el Edomex.<\/p>\n<p>La alcaldesa de Azcapotzalco, anunci\u00f3 que este operativo se extender\u00e1 a colonias colindantes con el Estado de M\u00e9xico que presenten altas cifras de incidencia delictiva.<\/p>\n","protected":false},"excerpt":{"rendered":"<p>Nancy N\u00fa\u00f1ez, la alcaldesa de Azcapotzalco, dio inicio a un operativo de seguridad en los l\u00edmites de la demarcaci\u00f3n con&#8230;<\/p>\n","protected":false},"author":1,"featured_media":0,"comment_status":"open","ping_status":"closed","sticky":false,"template":"","format":"standard","meta":{"footnotes":""},"categories":[91,6026],"tags":[261,1469,4959,77],"class_list":["post-234513","post","type-post","status-publish","format-standard","hentry","category-cdmx","category-portada","tag-cdmx","tag-ciudad-de-mexico","tag-featured","tag-principal"],"yoast_head":"<!-- This site is optimized with the Yoast SEO plugin v26.5 - https:\/\/yoast.com\/wordpress\/plugins\/seo\/ -->\n<title>Arranca operativo de seguridad en Azcapotzalco, Naucalpan y Tlalnepantla - NOTICIAS<\/title>\n<meta name=\"robots\" content=\"index, follow, max-snippet:-1, max-image-preview:large, max-video-preview:-1\" \/>\n<link rel=\"canonical\" href=\"https:\/\/laredsocial-noticias.com\/wp\/arranca-operativo-de-seguridad-en-azcapotzalco-naucalpan-y-tlalnepantla\/\" \/>\n<meta property=\"og:locale\" content=\"es_ES\" \/>\n<meta property=\"og:type\" content=\"article\" \/>\n<meta property=\"og:title\" content=\"Arranca operativo de seguridad en Azcapotzalco, Naucalpan y Tlalnepantla - NOTICIAS\" \/>\n<meta property=\"og:description\" content=\"Nancy N\u00fa\u00f1ez, la alcaldesa de Azcapotzalco, dio inicio a un operativo de seguridad en los l\u00edmites de la demarcaci\u00f3n con...\" \/>\n<meta property=\"og:url\" content=\"https:\/\/laredsocial-noticias.com\/wp\/arranca-operativo-de-seguridad-en-azcapotzalco-naucalpan-y-tlalnepantla\/\" \/>\n<meta property=\"og:site_name\" content=\"NOTICIAS\" \/>\n<meta property=\"article:published_time\" content=\"2024-10-26T20:30:11+00:00\" \/>\n<meta property=\"article:modified_time\" content=\"2024-10-26T21:27:48+00:00\" \/>\n<meta name=\"author\" content=\"Editor en Jefe\" \/>\n<meta name=\"twitter:card\" content=\"summary_large_image\" \/>\n<meta name=\"twitter:label1\" content=\"Escrito por\" \/>\n\t<meta name=\"twitter:data1\" content=\"Editor en Jefe\" \/>\n\t<meta name=\"twitter:label2\" content=\"Tiempo de lectura\" \/>\n\t<meta name=\"twitter:data2\" content=\"1 minuto\" \/>\n<!-- \/ Yoast SEO plugin. -->","yoast_head_json":{"title":"Arranca operativo de seguridad en Azcapotzalco, Naucalpan y Tlalnepantla - NOTICIAS","robots":{"index":"index","follow":"follow","max-snippet":"max-snippet:-1","max-image-preview":"max-image-preview:large","max-video-preview":"max-video-preview:-1"},"canonical":"https:\/\/laredsocial-noticias.com\/wp\/arranca-operativo-de-seguridad-en-azcapotzalco-naucalpan-y-tlalnepantla\/","og_locale":"es_ES","og_type":"article","og_title":"Arranca operativo de seguridad en Azcapotzalco, Naucalpan y Tlalnepantla - NOTICIAS","og_description":"Nancy N\u00fa\u00f1ez, la alcaldesa de Azcapotzalco, dio inicio a un operativo de seguridad en los l\u00edmites de la demarcaci\u00f3n con...","og_url":"https:\/\/laredsocial-noticias.com\/wp\/arranca-operativo-de-seguridad-en-azcapotzalco-naucalpan-y-tlalnepantla\/","og_site_name":"NOTICIAS","article_published_time":"2024-10-26T20:30:11+00:00","article_modified_time":"2024-10-26T21:27:48+00:00","author":"Editor en Jefe","twitter_card":"summary_large_image","twitter_misc":{"Escrito por":"Editor en Jefe","Tiempo de lectura":"1 minuto"},"schema":{"@context":"https:\/\/schema.org","@graph":[{"@type":"WebPage","@id":"https:\/\/laredsocial-noticias.com\/wp\/arranca-operativo-de-seguridad-en-azcapotzalco-naucalpan-y-tlalnepantla\/","url":"https:\/\/laredsocial-noticias.com\/wp\/arranca-operativo-de-seguridad-en-azcapotzalco-naucalpan-y-tlalnepantla\/","name":"Arranca operativo de seguridad en Azcapotzalco, Naucalpan y Tlalnepantla - NOTICIAS","isPartOf":{"@id":"https:\/\/laredsocial-noticias.com\/wp\/#website"},"datePublished":"2024-10-26T20:30:11+00:00","dateModified":"2024-10-26T21:27:48+00:00","author":{"@id":"https:\/\/laredsocial-noticias.com\/wp\/#\/schema\/person\/0ce78643f2de7aae6f6ef10e8453a6e0"},"breadcrumb":{"@id":"https:\/\/laredsocial-noticias.com\/wp\/arranca-operativo-de-seguridad-en-azcapotzalco-naucalpan-y-tlalnepantla\/#breadcrumb"},"inLanguage":"es","potentialAction":[{"@type":"ReadAction","target":["https:\/\/laredsocial-noticias.com\/wp\/arranca-operativo-de-seguridad-en-azcapotzalco-naucalpan-y-tlalnepantla\/"]}]},{"@type":"BreadcrumbList","@id":"https:\/\/laredsocial-noticias.com\/wp\/arranca-operativo-de-seguridad-en-azcapotzalco-naucalpan-y-tlalnepantla\/#breadcrumb","itemListElement":[{"@type":"ListItem","position":1,"name":"Portada","item":"https:\/\/laredsocial-noticias.com\/wp\/"},{"@type":"ListItem","position":2,"name":"Arranca operativo de seguridad en Azcapotzalco, Naucalpan y Tlalnepantla"}]},{"@type":"WebSite","@id":"https:\/\/laredsocial-noticias.com\/wp\/#website","url":"https:\/\/laredsocial-noticias.com\/wp\/","name":"NOTICIAS","description":"Lo que se ve y se dice en las redes sociales","potentialAction":[{"@type":"SearchAction","target":{"@type":"EntryPoint","urlTemplate":"https:\/\/laredsocial-noticias.com\/wp\/?s={search_term_string}"},"query-input":{"@type":"PropertyValueSpecification","valueRequired":true,"valueName":"search_term_string"}}],"inLanguage":"es"},{"@type":"Person","@id":"https:\/\/laredsocial-noticias.com\/wp\/#\/schema\/person\/0ce78643f2de7aae6f6ef10e8453a6e0","name":"Editor en Jefe","url":"https:\/\/laredsocial-noticias.com\/wp\/author\/jorgeochoa\/"}]}},"_links":{"self":[{"href":"https:\/\/laredsocial-noticias.com\/wp\/wp-json\/wp\/v2\/posts\/234513","targetHints":{"allow":["GET"]}}],"collection":[{"href":"https:\/\/laredsocial-noticias.com\/wp\/wp-json\/wp\/v2\/posts"}],"about":[{"href":"https:\/\/laredsocial-noticias.com\/wp\/wp-json\/wp\/v2\/types\/post"}],"author":[{"embeddable":true,"href":"https:\/\/laredsocial-noticias.com\/wp\/wp-json\/wp\/v2\/users\/1"}],"replies":[{"embeddable":true,"href":"https:\/\/laredsocial-noticias.com\/wp\/wp-json\/wp\/v2\/comments?post=234513"}],"version-history":[{"count":1,"href":"https:\/\/laredsocial-noticias.com\/wp\/wp-json\/wp\/v2\/posts\/234513\/revisions"}],"predecessor-version":[{"id":234514,"href":"https:\/\/laredsocial-noticias.com\/wp\/wp-json\/wp\/v2\/posts\/234513\/revisions\/234514"}],"wp:attachment":[{"href":"https:\/\/laredsocial-noticias.com\/wp\/wp-json\/wp\/v2\/media?parent=234513"}],"wp:term":[{"taxonomy":"category","embeddable":true,"href":"https:\/\/laredsocial-noticias.com\/wp\/wp-json\/wp\/v2\/categories?post=234513"},{"taxonomy":"post_tag","embeddable":true,"href":"https:\/\/laredsocial-noticias.com\/wp\/wp-json\/wp\/v2\/tags?post=234513"}],"curies":[{"name":"wp","href":"https:\/\/api.w.org\/{rel}","templated":true}]}}