{"id":234955,"date":"2024-11-01T14:30:09","date_gmt":"2024-11-01T20:30:09","guid":{"rendered":"https:\/\/laredsocial-noticias.com\/wp\/?p=234955"},"modified":"2024-11-01T19:57:18","modified_gmt":"2024-11-02T01:57:18","slug":"perez-y-colapinto-eliminados-en-la-segunda-ronda-de-la-calificacion-para-el-sprint","status":"publish","type":"post","link":"https:\/\/laredsocial-noticias.com\/wp\/perez-y-colapinto-eliminados-en-la-segunda-ronda-de-la-calificacion-para-el-sprint\/","title":{"rendered":"P\u00e9rez y Colapinto, eliminados en la segunda ronda de la calificaci\u00f3n para el sprint"},"content":{"rendered":"<p>El mexicano Sergio P\u00e9rez (Red Bull) y el argentino Franco Colapinto (Williams) quedaron eliminados este viernes en la segunda ronda de la calificaci\u00f3n para el sprint (SQ2) del Gran Premio de Sao Paulo (Brasil), el vig\u00e9simo primero del Mundial de F\u00f3rmula Uno, que se disputa en el circuito de Interlagos.<\/p>\n<p>El ingl\u00e9s Lando Norris (McLaren) marc\u00f3 de nuevo el mejor tiempo de la ronda, al cubrir -como todos, con el neum\u00e1tico medio- los 4.309 metros de Interlagos en un minuto, nueve segundos y 63 mil\u00e9simas, 176 menos que su compa\u00f1ero, el australiano Oscar Piastri -que repiti\u00f3 segundo-; y con 185 sobre el monegasco Charles Leclerc (Ferrari). En un acto en el que tambi\u00e9n qued\u00f3 eliminado el s\u00e9ptuple campe\u00f3n mundial ingl\u00e9s Lewis Hamilton (Mercedes).<\/p>\n<p>La tercera ronda (SQ3), que decidir\u00e1 los diez primeros puestos de la parrilla del sprint de este s\u00e1bado, se disputar\u00e1 a continuaci\u00f3n.<\/p>\n","protected":false},"excerpt":{"rendered":"<p>El mexicano Sergio P\u00e9rez (Red Bull) y el argentino Franco Colapinto (Williams) quedaron eliminados este viernes en la segunda ronda&#8230;<\/p>\n","protected":false},"author":1,"featured_media":0,"comment_status":"open","ping_status":"closed","sticky":false,"template":"","format":"standard","meta":{"footnotes":""},"categories":[337,6026],"tags":[4959,77],"class_list":["post-234955","post","type-post","status-publish","format-standard","hentry","category-deportes","category-portada","tag-featured","tag-principal"],"yoast_head":"<!-- This site is optimized with the Yoast SEO plugin v26.5 - https:\/\/yoast.com\/wordpress\/plugins\/seo\/ -->\n<title>P\u00e9rez y Colapinto, eliminados en la segunda ronda de la calificaci\u00f3n para el sprint - NOTICIAS<\/title>\n<meta name=\"robots\" content=\"index, follow, max-snippet:-1, max-image-preview:large, max-video-preview:-1\" \/>\n<link rel=\"canonical\" href=\"https:\/\/laredsocial-noticias.com\/wp\/perez-y-colapinto-eliminados-en-la-segunda-ronda-de-la-calificacion-para-el-sprint\/\" \/>\n<meta property=\"og:locale\" content=\"es_ES\" \/>\n<meta property=\"og:type\" content=\"article\" \/>\n<meta property=\"og:title\" content=\"P\u00e9rez y Colapinto, eliminados en la segunda ronda de la calificaci\u00f3n para el sprint - NOTICIAS\" \/>\n<meta property=\"og:description\" content=\"El mexicano Sergio P\u00e9rez (Red Bull) y el argentino Franco Colapinto (Williams) quedaron eliminados este viernes en la segunda ronda...\" \/>\n<meta property=\"og:url\" content=\"https:\/\/laredsocial-noticias.com\/wp\/perez-y-colapinto-eliminados-en-la-segunda-ronda-de-la-calificacion-para-el-sprint\/\" \/>\n<meta property=\"og:site_name\" content=\"NOTICIAS\" \/>\n<meta property=\"article:published_time\" content=\"2024-11-01T20:30:09+00:00\" \/>\n<meta property=\"article:modified_time\" content=\"2024-11-02T01:57:18+00:00\" \/>\n<meta name=\"author\" content=\"Editor en Jefe\" \/>\n<meta name=\"twitter:card\" content=\"summary_large_image\" \/>\n<meta name=\"twitter:label1\" content=\"Escrito por\" \/>\n\t<meta name=\"twitter:data1\" content=\"Editor en Jefe\" \/>\n\t<meta name=\"twitter:label2\" content=\"Tiempo de lectura\" \/>\n\t<meta name=\"twitter:data2\" content=\"1 minuto\" \/>\n<!-- \/ Yoast SEO plugin. -->","yoast_head_json":{"title":"P\u00e9rez y Colapinto, eliminados en la segunda ronda de la calificaci\u00f3n para el sprint - NOTICIAS","robots":{"index":"index","follow":"follow","max-snippet":"max-snippet:-1","max-image-preview":"max-image-preview:large","max-video-preview":"max-video-preview:-1"},"canonical":"https:\/\/laredsocial-noticias.com\/wp\/perez-y-colapinto-eliminados-en-la-segunda-ronda-de-la-calificacion-para-el-sprint\/","og_locale":"es_ES","og_type":"article","og_title":"P\u00e9rez y Colapinto, eliminados en la segunda ronda de la calificaci\u00f3n para el sprint - NOTICIAS","og_description":"El mexicano Sergio P\u00e9rez (Red Bull) y el argentino Franco Colapinto (Williams) quedaron eliminados este viernes en la segunda ronda...","og_url":"https:\/\/laredsocial-noticias.com\/wp\/perez-y-colapinto-eliminados-en-la-segunda-ronda-de-la-calificacion-para-el-sprint\/","og_site_name":"NOTICIAS","article_published_time":"2024-11-01T20:30:09+00:00","article_modified_time":"2024-11-02T01:57:18+00:00","author":"Editor en Jefe","twitter_card":"summary_large_image","twitter_misc":{"Escrito por":"Editor en Jefe","Tiempo de lectura":"1 minuto"},"schema":{"@context":"https:\/\/schema.org","@graph":[{"@type":"WebPage","@id":"https:\/\/laredsocial-noticias.com\/wp\/perez-y-colapinto-eliminados-en-la-segunda-ronda-de-la-calificacion-para-el-sprint\/","url":"https:\/\/laredsocial-noticias.com\/wp\/perez-y-colapinto-eliminados-en-la-segunda-ronda-de-la-calificacion-para-el-sprint\/","name":"P\u00e9rez y Colapinto, eliminados en la segunda ronda de la calificaci\u00f3n para el sprint - NOTICIAS","isPartOf":{"@id":"https:\/\/laredsocial-noticias.com\/wp\/#website"},"datePublished":"2024-11-01T20:30:09+00:00","dateModified":"2024-11-02T01:57:18+00:00","author":{"@id":"https:\/\/laredsocial-noticias.com\/wp\/#\/schema\/person\/0ce78643f2de7aae6f6ef10e8453a6e0"},"breadcrumb":{"@id":"https:\/\/laredsocial-noticias.com\/wp\/perez-y-colapinto-eliminados-en-la-segunda-ronda-de-la-calificacion-para-el-sprint\/#breadcrumb"},"inLanguage":"es","potentialAction":[{"@type":"ReadAction","target":["https:\/\/laredsocial-noticias.com\/wp\/perez-y-colapinto-eliminados-en-la-segunda-ronda-de-la-calificacion-para-el-sprint\/"]}]},{"@type":"BreadcrumbList","@id":"https:\/\/laredsocial-noticias.com\/wp\/perez-y-colapinto-eliminados-en-la-segunda-ronda-de-la-calificacion-para-el-sprint\/#breadcrumb","itemListElement":[{"@type":"ListItem","position":1,"name":"Portada","item":"https:\/\/laredsocial-noticias.com\/wp\/"},{"@type":"ListItem","position":2,"name":"P\u00e9rez y Colapinto, eliminados en la segunda ronda de la calificaci\u00f3n para el sprint"}]},{"@type":"WebSite","@id":"https:\/\/laredsocial-noticias.com\/wp\/#website","url":"https:\/\/laredsocial-noticias.com\/wp\/","name":"NOTICIAS","description":"Lo que se ve y se dice en las redes sociales","potentialAction":[{"@type":"SearchAction","target":{"@type":"EntryPoint","urlTemplate":"https:\/\/laredsocial-noticias.com\/wp\/?s={search_term_string}"},"query-input":{"@type":"PropertyValueSpecification","valueRequired":true,"valueName":"search_term_string"}}],"inLanguage":"es"},{"@type":"Person","@id":"https:\/\/laredsocial-noticias.com\/wp\/#\/schema\/person\/0ce78643f2de7aae6f6ef10e8453a6e0","name":"Editor en Jefe","url":"https:\/\/laredsocial-noticias.com\/wp\/author\/jorgeochoa\/"}]}},"_links":{"self":[{"href":"https:\/\/laredsocial-noticias.com\/wp\/wp-json\/wp\/v2\/posts\/234955","targetHints":{"allow":["GET"]}}],"collection":[{"href":"https:\/\/laredsocial-noticias.com\/wp\/wp-json\/wp\/v2\/posts"}],"about":[{"href":"https:\/\/laredsocial-noticias.com\/wp\/wp-json\/wp\/v2\/types\/post"}],"author":[{"embeddable":true,"href":"https:\/\/laredsocial-noticias.com\/wp\/wp-json\/wp\/v2\/users\/1"}],"replies":[{"embeddable":true,"href":"https:\/\/laredsocial-noticias.com\/wp\/wp-json\/wp\/v2\/comments?post=234955"}],"version-history":[{"count":1,"href":"https:\/\/laredsocial-noticias.com\/wp\/wp-json\/wp\/v2\/posts\/234955\/revisions"}],"predecessor-version":[{"id":234956,"href":"https:\/\/laredsocial-noticias.com\/wp\/wp-json\/wp\/v2\/posts\/234955\/revisions\/234956"}],"wp:attachment":[{"href":"https:\/\/laredsocial-noticias.com\/wp\/wp-json\/wp\/v2\/media?parent=234955"}],"wp:term":[{"taxonomy":"category","embeddable":true,"href":"https:\/\/laredsocial-noticias.com\/wp\/wp-json\/wp\/v2\/categories?post=234955"},{"taxonomy":"post_tag","embeddable":true,"href":"https:\/\/laredsocial-noticias.com\/wp\/wp-json\/wp\/v2\/tags?post=234955"}],"curies":[{"name":"wp","href":"https:\/\/api.w.org\/{rel}","templated":true}]}}