{"id":235842,"date":"2024-11-16T16:00:20","date_gmt":"2024-11-16T22:00:20","guid":{"rendered":"https:\/\/laredsocial-noticias.com\/wp\/?p=235842"},"modified":"2024-11-17T19:51:27","modified_gmt":"2024-11-18T01:51:27","slug":"semar-rinde-homenaje-a-frida-perrita-rescatista","status":"publish","type":"post","link":"https:\/\/laredsocial-noticias.com\/wp\/semar-rinde-homenaje-a-frida-perrita-rescatista\/","title":{"rendered":"Semar rinde homenaje a &#8216;Frida&#8217;, perrita rescatista"},"content":{"rendered":"<p>La Secretar\u00eda de Marina (Semar) conmemor\u00f3 el D\u00eda Nacional del Binomio Canino de Salvamento, Rescate y Asistencia Humanitaria, establecido en honor a &#8220;Frida&#8221;, la perrita rescatista que destac\u00f3 por su labor durante los sismos de 2017 y que falleci\u00f3 el 15 de noviembre de 2022.<\/p>\n<p>Cada a\u00f1o la Secretar\u00eda de Marina le rinde un homenaje en el monumento que se levant\u00f3 dentro de las instalaciones de la dependencia en la Ciudad de M\u00e9xico en su honor.<\/p>\n<p class=\"text-align-center\"><em>\u201cHoy la recordamos y celebremos el legado que ha dejado huella en nuestros binomios caninos. Hoy conmemoramos el D\u00eda Nacional del Binomio Canino de B\u00fasqueda, Rescate y Asistencia Humanitaria en honor a nuestra querida Frida, quien dej\u00f3 un gran legado a los futuros caninos rescatistas\u201d, refiere un mensaje de la Semar compartido en redes sociales.\u00a0<\/em><\/p>\n<div data-mrf-experience=\"IL_3MQJ30ylTF2g1qbrvrh4bg\"><\/div>\n<h3>Frida, perrita rescatista<\/h3>\n<p>La perrita de raza labrador naci\u00f3 en abril de 2009 en el centro canino de la Marina Armada, donde recibi\u00f3 entrenamiento especializado y fue seleccionada para integrar el Equipo de B\u00fasqueda y Rescate en Estructuras Colapsadas. A lo largo de una d\u00e9cada de servicio activo, &#8220;Frida&#8221; particip\u00f3 en labores de rescate nacionales e internacionales, gan\u00e1ndose el reconocimiento de la ciudadan\u00eda.<\/p>\n<p>En junio de 2019, &#8220;Frida&#8221; pas\u00f3 al retiro con honores y permaneci\u00f3 bajo el cuidado de la Semar hasta su fallecimiento, que ocurri\u00f3 a los casi 13 a\u00f1os (equivalente a 91 a\u00f1os humanos), debido a complicaciones de salud relacionadas con su edad y su raza.<\/p>\n<p>El D\u00eda Nacional del Binomio Canino busca reconocer el esfuerzo y la importancia de los perros entrenados para salvar vidas.<\/p>\n","protected":false},"excerpt":{"rendered":"<p>La Secretar\u00eda de Marina (Semar) conmemor\u00f3 el D\u00eda Nacional del Binomio Canino de Salvamento, Rescate y Asistencia Humanitaria, establecido en&#8230;<\/p>\n","protected":false},"author":1,"featured_media":235844,"comment_status":"open","ping_status":"closed","sticky":false,"template":"","format":"standard","meta":{"footnotes":""},"categories":[78,6026],"tags":[4959,77],"class_list":["post-235842","post","type-post","status-publish","format-standard","has-post-thumbnail","hentry","category-nacional","category-portada","tag-featured","tag-principal"],"yoast_head":"<!-- This site is optimized with the Yoast SEO plugin v26.5 - https:\/\/yoast.com\/wordpress\/plugins\/seo\/ -->\n<title>Semar rinde homenaje a &#039;Frida&#039;, perrita rescatista - NOTICIAS<\/title>\n<meta name=\"robots\" content=\"index, follow, max-snippet:-1, max-image-preview:large, max-video-preview:-1\" \/>\n<link rel=\"canonical\" href=\"https:\/\/laredsocial-noticias.com\/wp\/semar-rinde-homenaje-a-frida-perrita-rescatista\/\" \/>\n<meta property=\"og:locale\" content=\"es_ES\" \/>\n<meta property=\"og:type\" content=\"article\" \/>\n<meta property=\"og:title\" content=\"Semar rinde homenaje a &#039;Frida&#039;, perrita rescatista - NOTICIAS\" \/>\n<meta property=\"og:description\" content=\"La Secretar\u00eda de Marina (Semar) conmemor\u00f3 el D\u00eda Nacional del Binomio Canino de Salvamento, Rescate y Asistencia Humanitaria, establecido en...\" \/>\n<meta property=\"og:url\" content=\"https:\/\/laredsocial-noticias.com\/wp\/semar-rinde-homenaje-a-frida-perrita-rescatista\/\" \/>\n<meta property=\"og:site_name\" content=\"NOTICIAS\" \/>\n<meta property=\"article:published_time\" content=\"2024-11-16T22:00:20+00:00\" \/>\n<meta property=\"article:modified_time\" content=\"2024-11-18T01:51:27+00:00\" \/>\n<meta name=\"author\" content=\"Editor en Jefe\" \/>\n<meta name=\"twitter:card\" content=\"summary_large_image\" \/>\n<meta name=\"twitter:label1\" content=\"Escrito por\" \/>\n\t<meta name=\"twitter:data1\" content=\"Editor en Jefe\" \/>\n\t<meta name=\"twitter:label2\" content=\"Tiempo de lectura\" \/>\n\t<meta name=\"twitter:data2\" content=\"1 minuto\" \/>\n<!-- \/ Yoast SEO plugin. -->","yoast_head_json":{"title":"Semar rinde homenaje a 'Frida', perrita rescatista - NOTICIAS","robots":{"index":"index","follow":"follow","max-snippet":"max-snippet:-1","max-image-preview":"max-image-preview:large","max-video-preview":"max-video-preview:-1"},"canonical":"https:\/\/laredsocial-noticias.com\/wp\/semar-rinde-homenaje-a-frida-perrita-rescatista\/","og_locale":"es_ES","og_type":"article","og_title":"Semar rinde homenaje a 'Frida', perrita rescatista - NOTICIAS","og_description":"La Secretar\u00eda de Marina (Semar) conmemor\u00f3 el D\u00eda Nacional del Binomio Canino de Salvamento, Rescate y Asistencia Humanitaria, establecido en...","og_url":"https:\/\/laredsocial-noticias.com\/wp\/semar-rinde-homenaje-a-frida-perrita-rescatista\/","og_site_name":"NOTICIAS","article_published_time":"2024-11-16T22:00:20+00:00","article_modified_time":"2024-11-18T01:51:27+00:00","author":"Editor en Jefe","twitter_card":"summary_large_image","twitter_misc":{"Escrito por":"Editor en Jefe","Tiempo de lectura":"1 minuto"},"schema":{"@context":"https:\/\/schema.org","@graph":[{"@type":"WebPage","@id":"https:\/\/laredsocial-noticias.com\/wp\/semar-rinde-homenaje-a-frida-perrita-rescatista\/","url":"https:\/\/laredsocial-noticias.com\/wp\/semar-rinde-homenaje-a-frida-perrita-rescatista\/","name":"Semar rinde homenaje a 'Frida', perrita rescatista - NOTICIAS","isPartOf":{"@id":"https:\/\/laredsocial-noticias.com\/wp\/#website"},"primaryImageOfPage":{"@id":"https:\/\/laredsocial-noticias.com\/wp\/semar-rinde-homenaje-a-frida-perrita-rescatista\/#primaryimage"},"image":{"@id":"https:\/\/laredsocial-noticias.com\/wp\/semar-rinde-homenaje-a-frida-perrita-rescatista\/#primaryimage"},"thumbnailUrl":"https:\/\/laredsocial-noticias.com\/wp\/wp-content\/uploads\/2024\/11\/semar_rinde_homenaje_a_frida_la_perrita_rescatista.webp","datePublished":"2024-11-16T22:00:20+00:00","dateModified":"2024-11-18T01:51:27+00:00","author":{"@id":"https:\/\/laredsocial-noticias.com\/wp\/#\/schema\/person\/0ce78643f2de7aae6f6ef10e8453a6e0"},"breadcrumb":{"@id":"https:\/\/laredsocial-noticias.com\/wp\/semar-rinde-homenaje-a-frida-perrita-rescatista\/#breadcrumb"},"inLanguage":"es","potentialAction":[{"@type":"ReadAction","target":["https:\/\/laredsocial-noticias.com\/wp\/semar-rinde-homenaje-a-frida-perrita-rescatista\/"]}]},{"@type":"ImageObject","inLanguage":"es","@id":"https:\/\/laredsocial-noticias.com\/wp\/semar-rinde-homenaje-a-frida-perrita-rescatista\/#primaryimage","url":"https:\/\/laredsocial-noticias.com\/wp\/wp-content\/uploads\/2024\/11\/semar_rinde_homenaje_a_frida_la_perrita_rescatista.webp","contentUrl":"https:\/\/laredsocial-noticias.com\/wp\/wp-content\/uploads\/2024\/11\/semar_rinde_homenaje_a_frida_la_perrita_rescatista.webp","width":770,"height":404},{"@type":"BreadcrumbList","@id":"https:\/\/laredsocial-noticias.com\/wp\/semar-rinde-homenaje-a-frida-perrita-rescatista\/#breadcrumb","itemListElement":[{"@type":"ListItem","position":1,"name":"Portada","item":"https:\/\/laredsocial-noticias.com\/wp\/"},{"@type":"ListItem","position":2,"name":"Semar rinde homenaje a &#8216;Frida&#8217;, perrita rescatista"}]},{"@type":"WebSite","@id":"https:\/\/laredsocial-noticias.com\/wp\/#website","url":"https:\/\/laredsocial-noticias.com\/wp\/","name":"NOTICIAS","description":"Lo que se ve y se dice en las redes sociales","potentialAction":[{"@type":"SearchAction","target":{"@type":"EntryPoint","urlTemplate":"https:\/\/laredsocial-noticias.com\/wp\/?s={search_term_string}"},"query-input":{"@type":"PropertyValueSpecification","valueRequired":true,"valueName":"search_term_string"}}],"inLanguage":"es"},{"@type":"Person","@id":"https:\/\/laredsocial-noticias.com\/wp\/#\/schema\/person\/0ce78643f2de7aae6f6ef10e8453a6e0","name":"Editor en Jefe","url":"https:\/\/laredsocial-noticias.com\/wp\/author\/jorgeochoa\/"}]}},"_links":{"self":[{"href":"https:\/\/laredsocial-noticias.com\/wp\/wp-json\/wp\/v2\/posts\/235842","targetHints":{"allow":["GET"]}}],"collection":[{"href":"https:\/\/laredsocial-noticias.com\/wp\/wp-json\/wp\/v2\/posts"}],"about":[{"href":"https:\/\/laredsocial-noticias.com\/wp\/wp-json\/wp\/v2\/types\/post"}],"author":[{"embeddable":true,"href":"https:\/\/laredsocial-noticias.com\/wp\/wp-json\/wp\/v2\/users\/1"}],"replies":[{"embeddable":true,"href":"https:\/\/laredsocial-noticias.com\/wp\/wp-json\/wp\/v2\/comments?post=235842"}],"version-history":[{"count":1,"href":"https:\/\/laredsocial-noticias.com\/wp\/wp-json\/wp\/v2\/posts\/235842\/revisions"}],"predecessor-version":[{"id":235843,"href":"https:\/\/laredsocial-noticias.com\/wp\/wp-json\/wp\/v2\/posts\/235842\/revisions\/235843"}],"wp:featuredmedia":[{"embeddable":true,"href":"https:\/\/laredsocial-noticias.com\/wp\/wp-json\/wp\/v2\/media\/235844"}],"wp:attachment":[{"href":"https:\/\/laredsocial-noticias.com\/wp\/wp-json\/wp\/v2\/media?parent=235842"}],"wp:term":[{"taxonomy":"category","embeddable":true,"href":"https:\/\/laredsocial-noticias.com\/wp\/wp-json\/wp\/v2\/categories?post=235842"},{"taxonomy":"post_tag","embeddable":true,"href":"https:\/\/laredsocial-noticias.com\/wp\/wp-json\/wp\/v2\/tags?post=235842"}],"curies":[{"name":"wp","href":"https:\/\/api.w.org\/{rel}","templated":true}]}}