{"id":236749,"date":"2024-11-28T18:10:22","date_gmt":"2024-11-29T00:10:22","guid":{"rendered":"https:\/\/laredsocial-noticias.com\/wp\/?p=236749"},"modified":"2024-11-30T12:37:49","modified_gmt":"2024-11-30T18:37:49","slug":"senado-ratifica-a-raquel-buenrostro-como-secretaria-de-la-funcion-publica","status":"publish","type":"post","link":"https:\/\/laredsocial-noticias.com\/wp\/senado-ratifica-a-raquel-buenrostro-como-secretaria-de-la-funcion-publica\/","title":{"rendered":"Senado ratifica a Raquel Buenrostro como secretaria de la Funci\u00f3n P\u00fablica"},"content":{"rendered":"<p>Raquel Buenrostro S\u00e1nchez seguir\u00e1 al frente de la Secretar\u00eda de la Funci\u00f3n P\u00fablica (SFP), que, por \u00f3rdenes de la presidenta Claudia Sheinbaum Pardo, se convertir\u00e1 en la Secretar\u00eda Anticorrupci\u00f3n y de Buen Gobierno.<\/p>\n<p>El pleno del Senado de la Rep\u00fablica ratific\u00f3 el cargo con 95 votos a favor, uno en contra y 17 abstenciones.<\/p>\n<p><em>\u201cAprobado el dictamen y se ratifica el nombramiento expedido por la titular del Ejecutivo Federal a favor de la ciudadana Raquel Buenrostro S\u00e1nchez\u201d, declar\u00f3 el presidente del Senado, Gerardo Fern\u00e1ndez Noro\u00f1a.<\/em><\/p>\n<div data-mrf-experience=\"IL_3MQJ30ylTF2g1qbrvrh4bg\"><\/div>\n<p>Fern\u00e1ndez Noro\u00f1a agreg\u00f3 que la toma de protesta del cargo se realizar\u00e1 en una sesi\u00f3n posterior.<\/p>\n<h4>\u00bfQu\u00e9 tareas tendr\u00e1 la Secretar\u00eda Anticorrupci\u00f3n y de Buen Gobierno?<\/h4>\n<p>La nueva Secretar\u00eda buscar\u00e1 implementar un cambio de enfoque, pasando de medidas correctivas a estrategias preventivas, seg\u00fan la agencia EFE. Su eje de &#8220;buen gobierno&#8221; se centrar\u00e1 en dignificar la labor de los servidores p\u00fablicos, brindar acompa\u00f1amiento preventivo y modernizar la administraci\u00f3n p\u00fablica federal para hacerla m\u00e1s eficiente y menos propensa a la corrupci\u00f3n.<\/p>\n<p>Adem\u00e1s, impulsar\u00e1 compras p\u00fablicas transparentes con precios justos, promoviendo la proveedur\u00eda nacional y fomentando la transparencia proactiva.<\/p>\n<p>En cuanto a su vertiente &#8220;anticorrupci\u00f3n&#8221;, la Secretar\u00eda priorizar\u00e1 el fortalecimiento de la cultura de la denuncia tanto en el sector p\u00fablico como privado, investigaciones que prevengan actos de corrupci\u00f3n y acciones para combatir la impunidad.<\/p>\n","protected":false},"excerpt":{"rendered":"<p>Raquel Buenrostro S\u00e1nchez seguir\u00e1 al frente de la Secretar\u00eda de la Funci\u00f3n P\u00fablica (SFP), que, por \u00f3rdenes de la presidenta&#8230;<\/p>\n","protected":false},"author":1,"featured_media":236751,"comment_status":"open","ping_status":"closed","sticky":false,"template":"","format":"standard","meta":{"footnotes":""},"categories":[78,6026],"tags":[4959,77],"class_list":["post-236749","post","type-post","status-publish","format-standard","has-post-thumbnail","hentry","category-nacional","category-portada","tag-featured","tag-principal"],"yoast_head":"<!-- This site is optimized with the Yoast SEO plugin v26.5 - https:\/\/yoast.com\/wordpress\/plugins\/seo\/ -->\n<title>Senado ratifica a Raquel Buenrostro como secretaria de la Funci\u00f3n P\u00fablica - NOTICIAS<\/title>\n<meta name=\"robots\" content=\"index, follow, max-snippet:-1, max-image-preview:large, max-video-preview:-1\" \/>\n<link rel=\"canonical\" href=\"https:\/\/laredsocial-noticias.com\/wp\/senado-ratifica-a-raquel-buenrostro-como-secretaria-de-la-funcion-publica\/\" \/>\n<meta property=\"og:locale\" content=\"es_ES\" \/>\n<meta property=\"og:type\" content=\"article\" \/>\n<meta property=\"og:title\" content=\"Senado ratifica a Raquel Buenrostro como secretaria de la Funci\u00f3n P\u00fablica - NOTICIAS\" \/>\n<meta property=\"og:description\" content=\"Raquel Buenrostro S\u00e1nchez seguir\u00e1 al frente de la Secretar\u00eda de la Funci\u00f3n P\u00fablica (SFP), que, por \u00f3rdenes de la presidenta...\" \/>\n<meta property=\"og:url\" content=\"https:\/\/laredsocial-noticias.com\/wp\/senado-ratifica-a-raquel-buenrostro-como-secretaria-de-la-funcion-publica\/\" \/>\n<meta property=\"og:site_name\" content=\"NOTICIAS\" \/>\n<meta property=\"article:published_time\" content=\"2024-11-29T00:10:22+00:00\" \/>\n<meta property=\"article:modified_time\" content=\"2024-11-30T18:37:49+00:00\" \/>\n<meta name=\"author\" content=\"Editor en Jefe\" \/>\n<meta name=\"twitter:card\" content=\"summary_large_image\" \/>\n<meta name=\"twitter:label1\" content=\"Escrito por\" \/>\n\t<meta name=\"twitter:data1\" content=\"Editor en Jefe\" \/>\n\t<meta name=\"twitter:label2\" content=\"Tiempo de lectura\" \/>\n\t<meta name=\"twitter:data2\" content=\"1 minuto\" \/>\n<!-- \/ Yoast SEO plugin. -->","yoast_head_json":{"title":"Senado ratifica a Raquel Buenrostro como secretaria de la Funci\u00f3n P\u00fablica - NOTICIAS","robots":{"index":"index","follow":"follow","max-snippet":"max-snippet:-1","max-image-preview":"max-image-preview:large","max-video-preview":"max-video-preview:-1"},"canonical":"https:\/\/laredsocial-noticias.com\/wp\/senado-ratifica-a-raquel-buenrostro-como-secretaria-de-la-funcion-publica\/","og_locale":"es_ES","og_type":"article","og_title":"Senado ratifica a Raquel Buenrostro como secretaria de la Funci\u00f3n P\u00fablica - NOTICIAS","og_description":"Raquel Buenrostro S\u00e1nchez seguir\u00e1 al frente de la Secretar\u00eda de la Funci\u00f3n P\u00fablica (SFP), que, por \u00f3rdenes de la presidenta...","og_url":"https:\/\/laredsocial-noticias.com\/wp\/senado-ratifica-a-raquel-buenrostro-como-secretaria-de-la-funcion-publica\/","og_site_name":"NOTICIAS","article_published_time":"2024-11-29T00:10:22+00:00","article_modified_time":"2024-11-30T18:37:49+00:00","author":"Editor en Jefe","twitter_card":"summary_large_image","twitter_misc":{"Escrito por":"Editor en Jefe","Tiempo de lectura":"1 minuto"},"schema":{"@context":"https:\/\/schema.org","@graph":[{"@type":"WebPage","@id":"https:\/\/laredsocial-noticias.com\/wp\/senado-ratifica-a-raquel-buenrostro-como-secretaria-de-la-funcion-publica\/","url":"https:\/\/laredsocial-noticias.com\/wp\/senado-ratifica-a-raquel-buenrostro-como-secretaria-de-la-funcion-publica\/","name":"Senado ratifica a Raquel Buenrostro como secretaria de la Funci\u00f3n P\u00fablica - NOTICIAS","isPartOf":{"@id":"https:\/\/laredsocial-noticias.com\/wp\/#website"},"primaryImageOfPage":{"@id":"https:\/\/laredsocial-noticias.com\/wp\/senado-ratifica-a-raquel-buenrostro-como-secretaria-de-la-funcion-publica\/#primaryimage"},"image":{"@id":"https:\/\/laredsocial-noticias.com\/wp\/senado-ratifica-a-raquel-buenrostro-como-secretaria-de-la-funcion-publica\/#primaryimage"},"thumbnailUrl":"https:\/\/laredsocial-noticias.com\/wp\/wp-content\/uploads\/2024\/11\/senado_ratifica_a_raquel_buenrostro_como_secretaria_de_la_funcion_publica.png","datePublished":"2024-11-29T00:10:22+00:00","dateModified":"2024-11-30T18:37:49+00:00","author":{"@id":"https:\/\/laredsocial-noticias.com\/wp\/#\/schema\/person\/0ce78643f2de7aae6f6ef10e8453a6e0"},"breadcrumb":{"@id":"https:\/\/laredsocial-noticias.com\/wp\/senado-ratifica-a-raquel-buenrostro-como-secretaria-de-la-funcion-publica\/#breadcrumb"},"inLanguage":"es","potentialAction":[{"@type":"ReadAction","target":["https:\/\/laredsocial-noticias.com\/wp\/senado-ratifica-a-raquel-buenrostro-como-secretaria-de-la-funcion-publica\/"]}]},{"@type":"ImageObject","inLanguage":"es","@id":"https:\/\/laredsocial-noticias.com\/wp\/senado-ratifica-a-raquel-buenrostro-como-secretaria-de-la-funcion-publica\/#primaryimage","url":"https:\/\/laredsocial-noticias.com\/wp\/wp-content\/uploads\/2024\/11\/senado_ratifica_a_raquel_buenrostro_como_secretaria_de_la_funcion_publica.png","contentUrl":"https:\/\/laredsocial-noticias.com\/wp\/wp-content\/uploads\/2024\/11\/senado_ratifica_a_raquel_buenrostro_como_secretaria_de_la_funcion_publica.png","width":770,"height":404},{"@type":"BreadcrumbList","@id":"https:\/\/laredsocial-noticias.com\/wp\/senado-ratifica-a-raquel-buenrostro-como-secretaria-de-la-funcion-publica\/#breadcrumb","itemListElement":[{"@type":"ListItem","position":1,"name":"Portada","item":"https:\/\/laredsocial-noticias.com\/wp\/"},{"@type":"ListItem","position":2,"name":"Senado ratifica a Raquel Buenrostro como secretaria de la Funci\u00f3n P\u00fablica"}]},{"@type":"WebSite","@id":"https:\/\/laredsocial-noticias.com\/wp\/#website","url":"https:\/\/laredsocial-noticias.com\/wp\/","name":"NOTICIAS","description":"Lo que se ve y se dice en las redes sociales","potentialAction":[{"@type":"SearchAction","target":{"@type":"EntryPoint","urlTemplate":"https:\/\/laredsocial-noticias.com\/wp\/?s={search_term_string}"},"query-input":{"@type":"PropertyValueSpecification","valueRequired":true,"valueName":"search_term_string"}}],"inLanguage":"es"},{"@type":"Person","@id":"https:\/\/laredsocial-noticias.com\/wp\/#\/schema\/person\/0ce78643f2de7aae6f6ef10e8453a6e0","name":"Editor en Jefe","url":"https:\/\/laredsocial-noticias.com\/wp\/author\/jorgeochoa\/"}]}},"_links":{"self":[{"href":"https:\/\/laredsocial-noticias.com\/wp\/wp-json\/wp\/v2\/posts\/236749","targetHints":{"allow":["GET"]}}],"collection":[{"href":"https:\/\/laredsocial-noticias.com\/wp\/wp-json\/wp\/v2\/posts"}],"about":[{"href":"https:\/\/laredsocial-noticias.com\/wp\/wp-json\/wp\/v2\/types\/post"}],"author":[{"embeddable":true,"href":"https:\/\/laredsocial-noticias.com\/wp\/wp-json\/wp\/v2\/users\/1"}],"replies":[{"embeddable":true,"href":"https:\/\/laredsocial-noticias.com\/wp\/wp-json\/wp\/v2\/comments?post=236749"}],"version-history":[{"count":1,"href":"https:\/\/laredsocial-noticias.com\/wp\/wp-json\/wp\/v2\/posts\/236749\/revisions"}],"predecessor-version":[{"id":236750,"href":"https:\/\/laredsocial-noticias.com\/wp\/wp-json\/wp\/v2\/posts\/236749\/revisions\/236750"}],"wp:featuredmedia":[{"embeddable":true,"href":"https:\/\/laredsocial-noticias.com\/wp\/wp-json\/wp\/v2\/media\/236751"}],"wp:attachment":[{"href":"https:\/\/laredsocial-noticias.com\/wp\/wp-json\/wp\/v2\/media?parent=236749"}],"wp:term":[{"taxonomy":"category","embeddable":true,"href":"https:\/\/laredsocial-noticias.com\/wp\/wp-json\/wp\/v2\/categories?post=236749"},{"taxonomy":"post_tag","embeddable":true,"href":"https:\/\/laredsocial-noticias.com\/wp\/wp-json\/wp\/v2\/tags?post=236749"}],"curies":[{"name":"wp","href":"https:\/\/api.w.org\/{rel}","templated":true}]}}